{"id":412647,"date":"2025-09-23T19:17:16","date_gmt":"2025-09-23T19:17:16","guid":{"rendered":"https:\/\/www.europesays.com\/fr\/412647\/"},"modified":"2025-09-23T19:17:16","modified_gmt":"2025-09-23T19:17:16","slug":"on-sait-quand-se-deroulera-le-match-rct-la-rochelle-reporte-a-cause-des-intemperies-a-toulon-nice-matin","status":"publish","type":"post","link":"https:\/\/www.europesays.com\/fr\/412647\/","title":{"rendered":"On sait quand se d\u00e9roulera le match RCT &#8211; La Rochelle, report\u00e9 \u00e0 cause des intemp\u00e9ries \u00e0 Toulon &#8211; Nice-Matin"},"content":{"rendered":"<ol>\n<li><a href=\"https:\/\/news.google.com\/rss\/articles\/CBMi1gFBVV95cUxNQU9TN1U3S0c1WC01dlNkRTdhSjhNSFlJX2gzb1F0Uk43MWptY0g3bk03N1lWS0tVQUtDYW9JQjFaNmhVOVo4RTQzTFhnZjBMZzhSMWg0clhOaXlSdndDWU1xbHZXdjJwZldDV0FJYTlndkc2WmRYM0wwUVA0bFVQY25MZndDSEZQQ2JLVTF2WUU4bF9GZmRSVlNRbXd3LVVJUzNzb09SamRyNWNrc2JPLWlNYl9TVnEyenFKQzBtSXplNlA1NHJIOVB0MU53WmM5Z3NPb0ZB?oc=5\" target=\"_blank\" rel=\"noopener\">On sait quand se d\u00e9roulera le match RCT &#8211; La Rochelle, report\u00e9 \u00e0 cause des intemp\u00e9ries \u00e0 Toulon<\/a>&nbsp;&nbsp;Nice-Matin<\/li>\n<li><a href=\"https:\/\/news.google.com\/rss\/articles\/CBMi6AFBVV95cUxOR2NNejJQb2FUaThnLXZ4TUVpVFlLSzNGYXc4ZDRqdWEzMzhtSWczdy1LeXBmNmdubVVDTnVTTWJnRVozNkU1aklqTHFTeVZYcndKRnJfdXVmWmhzSzMtVENJbWd4SWdaakdGVmprNTEwMm5CaHowOVBWMm91MmJfZ24tZGp2YXhMSDdCcUZ6bWs5eWJ3Z284RkpISHNKVnNkOU5ta3l6dW1oM240MzVLOU9paDFQbVltbl9kUEZIejIxbUxfOWtPOHVOS0RvcGwzRmpQSGRRMHBmVTNCYUg4VC1lc1l3eG52?oc=5\" target=\"_blank\" rel=\"noopener\">\u00ab\u00a0Nous avons \u00e9t\u00e9 pris au pi\u00e8ge\u00a0\u00bb : la directrice g\u00e9n\u00e9rale du RCT fait le point apr\u00e8s Toulon &#8211; La Rochelle<\/a>&nbsp;&nbsp;Rugbyrama<\/li>\n<li><a href=\"https:\/\/news.google.com\/rss\/articles\/CBMi4AFBVV95cUxPMWd2Mk9oLVFuVGJSTVhQc21kQU9ybzJ6NWcyZHBtemNmQkE5VTVzeUNnc2JKTTRCSXh2QXhSTlpXd3hTOXdLTHRkSWllcGUwR181UnhjZEtTZlc0RkVSZG01ZXR3VW5XdVJFaUh2YUlpMm1qRGRzbHIzLWNianBsdlhnYjNFQ05tamlCa1lxeVRBcjZFM1gtTVl5ZGFQNWJveVFFYWxSR1lQMEgycTdNa3hKUWd1Y0pNTERKV0NGdW14U2U1aXF0bDVoM2dGVnFQR1I5VS1tRHAtcmpxcVpwUg?oc=5\" target=\"_blank\" rel=\"noopener\">Top 14 : le match Toulon \u2013 Stade Rochelais officiellement report\u00e9 le samedi 8 novembre<\/a>&nbsp;&nbsp;Sud Ouest<\/li>\n<li><a href=\"https:\/\/news.google.com\/rss\/articles\/CBMiywFBVV95cUxQUmVXTkxyWXlaZmMySDVwblRuQlhIb25naUFRSXlaWmsxQzNEbXdBb2ZINFo1Z0tXcW5zNlZlRHMxc3gzUnBvN2k2RWcwdVFvU3loWG02cGl1dFByWUdYSFNHY3Mzb1hhOVFFWHBmVm1jdy1jTVFNTmpSYUNHZnNidnl2akZGdWF6SHEzSW5JWjZCQW5uZHV6M29LNTdvWldYMlJhR1lwLVo0aDlrb0x6OEhHdUROUGw2V2pFY3lVRUdrYmJJZ21LeDYycw?oc=5\" target=\"_blank\" rel=\"noopener\">Top 14 : apr\u00e8s les inondations \u00e0 Toulon, le stade Mayol ferm\u00e9 pendant une semaine<\/a>&nbsp;&nbsp;Le Figaro<\/li>\n<li><a href=\"https:\/\/news.google.com\/rss\/articles\/CBMi1AFBVV95cUxQYS1SYkRpdG1rX21yaHZudGJISTgtUXJqN0JvYk81UnVVeWpiMlU0QkxVZ19OWllqZmNJM1dQanVmVDBmQnp1UU9TZElDSGZ3aHFrZjYtNWRuRWZNQkU1bE4xQW0zeHNLMUZuTTh0Sks2NmFTTkRPMkNKNldkNUFLNFRFSWtCek93VU1BbW9BakVkQXRleTM0R2I5cmRIMnhQc2FpcHVLdmhEQVdzRnk4TjVKd0x4ODVNNmpDNl9aaGRwZ2ZXNHNlNFBYU0c4eFhkYTFtZA?oc=5\" target=\"_blank\" rel=\"noopener\">\u00ab\u00a0Je n\u2019ai jamais v\u00e9cu \u00e7a dans un stade!\u00a0\u00bb, d\u00e9plore un supporter du RCT venu de loin qui d\u00e9nonce \u00ab\u00a0l\u2019inconscience\u00a0\u00bb de la pr\u00e9fecture du Var<\/a>&nbsp;&nbsp;Nice-Matin<\/li>\n<\/ol>\n","protected":false},"excerpt":{"rendered":"On sait quand se d\u00e9roulera le match RCT &#8211; La Rochelle, report\u00e9 \u00e0 cause des intemp\u00e9ries \u00e0 Toulon&nbsp;&nbsp;Nice-Matin&hellip;\n","protected":false},"author":2,"featured_media":412648,"comment_status":"","ping_status":"","sticky":false,"template":"","format":"standard","meta":{"footnotes":""},"categories":[9619],"tags":[1111,11,1777,674,1011,27,12,882,3461,25,2310],"class_list":{"0":"post-412647","1":"post","2":"type-post","3":"status-publish","4":"format-standard","5":"has-post-thumbnail","7":"category-toulon","8":"tag-actu","9":"tag-actualites","10":"tag-eu","11":"tag-europe","12":"tag-fr","13":"tag-france","14":"tag-news","15":"tag-provence-alpes-cote-dazur","16":"tag-rct","17":"tag-republique-francaise","18":"tag-toulon"},"share_on_mastodon":{"url":"https:\/\/pubeurope.com\/@fr\/115255223457138494","error":""},"_links":{"self":[{"href":"https:\/\/www.europesays.com\/fr\/wp-json\/wp\/v2\/posts\/412647","targetHints":{"allow":["GET"]}}],"collection":[{"href":"https:\/\/www.europesays.com\/fr\/wp-json\/wp\/v2\/posts"}],"about":[{"href":"https:\/\/www.europesays.com\/fr\/wp-json\/wp\/v2\/types\/post"}],"author":[{"embeddable":true,"href":"https:\/\/www.europesays.com\/fr\/wp-json\/wp\/v2\/users\/2"}],"replies":[{"embeddable":true,"href":"https:\/\/www.europesays.com\/fr\/wp-json\/wp\/v2\/comments?post=412647"}],"version-history":[{"count":0,"href":"https:\/\/www.europesays.com\/fr\/wp-json\/wp\/v2\/posts\/412647\/revisions"}],"wp:featuredmedia":[{"embeddable":true,"href":"https:\/\/www.europesays.com\/fr\/wp-json\/wp\/v2\/media\/412648"}],"wp:attachment":[{"href":"https:\/\/www.europesays.com\/fr\/wp-json\/wp\/v2\/media?parent=412647"}],"wp:term":[{"taxonomy":"category","embeddable":true,"href":"https:\/\/www.europesays.com\/fr\/wp-json\/wp\/v2\/categories?post=412647"},{"taxonomy":"post_tag","embeddable":true,"href":"https:\/\/www.europesays.com\/fr\/wp-json\/wp\/v2\/tags?post=412647"}],"curies":[{"name":"wp","href":"https:\/\/api.w.org\/{rel}","templated":true}]}}