{"id":412675,"date":"2025-09-23T19:32:11","date_gmt":"2025-09-23T19:32:11","guid":{"rendered":"https:\/\/www.europesays.com\/fr\/412675\/"},"modified":"2025-09-23T19:32:11","modified_gmt":"2025-09-23T19:32:11","slug":"plus-de-60-temoignages-de-violences-sexuelles-recus-liberation","status":"publish","type":"post","link":"https:\/\/www.europesays.com\/fr\/412675\/","title":{"rendered":"plus de 60 t\u00e9moignages de violences sexuelles re\u00e7us \u2013 Lib\u00e9ration"},"content":{"rendered":"<p class=\"sc-cPiKLX AiZTS text-element\">Des r\u00e9cits par dizaines. Pr\u00e8s d\u2019un mois apr\u00e8s avoir lanc\u00e9 <a href=\"https:\/\/www.liberation.fr\/societe\/police-justice\/pedocriminalite-a-nantes-une-trentaine-de-temoignages-pour-violences-sexuelles-dans-des-etablissements-catholiques-20250904_2SVFQZHSKBB2ZEBQLNP7ZA3OGM\/\" target=\"_blank\" rel=\"noreferrer noopener\" title=\"https:\/\/www.liberation.fr\/societe\/police-justice\/pedocriminalite-a-nantes-une-trentaine-de-temoignages-pour-violences-sexuelles-dans-des-etablissements-catholiques-20250904_2SVFQZHSKBB2ZEBQLNP7ZA3OGM\/\">un appel \u00e0 t\u00e9moignages sur des violences sexuelles<\/a> commises au sein du coll\u00e8ge-lyc\u00e9e Saint-Stanislas, \u00e0 Nantes, le dioc\u00e8se et l\u2019enseignement catholique ont annonc\u00e9 ce mardi 23 septembre avoir re\u00e7u 87 signalements, dont 63 concernent cet \u00e9tablissement. <\/p>\n<p class=\"sc-cPiKLX AiZTS text-element\">Les faits rapport\u00e9s concernent principalement la p\u00e9riode allant des ann\u00e9es 1950 aux ann\u00e9es 1980. Une victime sur deux \u00abne peut nommer son agresseur\u00bb et \u00abdeux victimes sur trois ne peuvent pr\u00e9ciser la gravit\u00e9 des faits\u00bb, pr\u00e9cise le communiqu\u00e9. \u00abA l\u2019issue de cette phase d\u2019\u00e9coute, des \u00e9l\u00e9ments consolid\u00e9s permettront de saisir les autorit\u00e9s judiciaires et de pr\u00e9ciser la responsabilit\u00e9 des \u00e9tablissements concern\u00e9s.\u00bb <\/p>\n<p class=\"sc-cPiKLX AiZTS text-element\">Fin ao\u00fbt, l\u2019enseignement catholique de Loire-Atlantique avait annonc\u00e9 avoir recueilli plusieurs t\u00e9moignages de violences sexuelles commises \u00e0 Saint-Stanislas entre les ann\u00e9es 1950 et 1990, \u00e9voquant <a href=\"https:\/\/www.liberation.fr\/societe\/religions\/pedocriminalite-dans-leglise-10-victimes-dans-un-etablissement-catholique-a-nantes-5-pretres-mis-en-cause-20250829_HVL56PRWSZBKNMUHS65ZDJEGSU\/\" target=\"_blank\" rel=\"noreferrer noopener\" title=\"https:\/\/www.liberation.fr\/societe\/religions\/pedocriminalite-dans-leglise-10-victimes-dans-un-etablissement-catholique-a-nantes-5-pretres-mis-en-cause-20250829_HVL56PRWSZBKNMUHS65ZDJEGSU\/\">dix victimes et cinq pr\u00eatres mis en cause<\/a>, aujourd\u2019hui morts, ainsi qu\u2019un membre du personnel \u00e9ducatif alors non identifi\u00e9. <\/p>\n<p class=\"sc-cPiKLX AiZTS text-element\">Les t\u00e9moignages, \u00e9manant de victimes ou de leurs familles, d\u00e9crivaient des viols, des agressions sexuelles et des attouchements, commis au sein de l\u2019internat et pour \u00abau moins une victime\u00bb des faits survenus lors de vacances organis\u00e9es par l\u2019\u00e9tablissement. <\/p>\n<p class=\"sc-cPiKLX AiZTS text-element\">Le parquet de Nantes a ouvert d\u00e9but septembre une enqu\u00eate apr\u00e8s le suicide, en 2024, d\u2019un quadrag\u00e9naire ayant confi\u00e9 avoir \u00e9t\u00e9 victime de violences sexuelles de la part d\u2019un surveillant lorsqu\u2019il \u00e9tait interne au coll\u00e8ge Saint- Stanislas.<\/p>\n<p class=\"sc-cPiKLX AiZTS text-element\">\u00abJe mesure la gravit\u00e9 des faits qui \u00e9mergent aujourd\u2019hui et la douleur immense qu\u2019ils repr\u00e9sentent pour celles et ceux qui en ont \u00e9t\u00e9 victimes. Aucune d\u00e9marche ne sera jamais suffisante pour r\u00e9parer une telle souffrance. Mais il est de notre devoir de rechercher la v\u00e9rit\u00e9 et de faire tout ce qui est en notre pouvoir pour accueillir, \u00e9couter et accompagner\u00bb, a d\u00e9clar\u00e9 Laurent Percerou, \u00e9v\u00eaque de Nantes, cit\u00e9 dans le communiqu\u00e9 publi\u00e9 ce mardi. <\/p>\n<p class=\"sc-cPiKLX AiZTS text-element\">Depuis 2021 et la publication <a href=\"https:\/\/www.liberation.fr\/societe\/religions\/abus-sexuels-un-an-apres-la-publication-du-rapport-sauve-la-lente-et-difficile-transformation-de-leglise-20221005_FTJDAZTPZZHFRHKEYBJXK7SVJ4\/\" target=\"_blank\" rel=\"noreferrer noopener\" title=\"https:\/\/www.liberation.fr\/societe\/religions\/abus-sexuels-un-an-apres-la-publication-du-rapport-sauve-la-lente-et-difficile-transformation-de-leglise-20221005_FTJDAZTPZZHFRHKEYBJXK7SVJ4\/\">du rapport de la Commission ind\u00e9pendante sur les abus sexuels dans l\u2019\u00c9glise<\/a> (Ciase), Saint-Stanislas a \u00e9t\u00e9 plusieurs fois la cible de tags accusant des hommes d\u2019\u00e9glise de viol. Le rapport estimait \u00e0 330 000 le nombre de mineurs victimes de violences sexuelles au sein de l\u2019Eglise. Parmi elles, \u00ab108 000 auraient \u00e9t\u00e9 agress\u00e9es dans le cadre de l\u2019enseignement scolaire catholique\u00bb, rappelait en avril le pr\u00e9sident de la Ciase, Jean-Marc Sauv\u00e9. <\/p>\n","protected":false},"excerpt":{"rendered":"Des r\u00e9cits par dizaines. Pr\u00e8s d\u2019un mois apr\u00e8s avoir lanc\u00e9 un appel \u00e0 t\u00e9moignages sur des violences sexuelles&hellip;\n","protected":false},"author":2,"featured_media":412676,"comment_status":"","ping_status":"","sticky":false,"template":"","format":"standard","meta":{"footnotes":""},"categories":[2818],"tags":[1111,11,11870,1777,674,1011,27,766,12,2636,49222,25,799],"class_list":{"0":"post-412675","1":"post","2":"type-post","3":"status-publish","4":"format-standard","5":"has-post-thumbnail","7":"category-nantes","8":"tag-actu","9":"tag-actualites","10":"tag-betharram","11":"tag-eu","12":"tag-europe","13":"tag-fr","14":"tag-france","15":"tag-nantes","16":"tag-news","17":"tag-pays-de-la-loire","18":"tag-pedocriminalite-eglise","19":"tag-republique-francaise","20":"tag-violences-sexuelles"},"share_on_mastodon":{"url":"https:\/\/pubeurope.com\/@fr\/115255282630857930","error":""},"_links":{"self":[{"href":"https:\/\/www.europesays.com\/fr\/wp-json\/wp\/v2\/posts\/412675","targetHints":{"allow":["GET"]}}],"collection":[{"href":"https:\/\/www.europesays.com\/fr\/wp-json\/wp\/v2\/posts"}],"about":[{"href":"https:\/\/www.europesays.com\/fr\/wp-json\/wp\/v2\/types\/post"}],"author":[{"embeddable":true,"href":"https:\/\/www.europesays.com\/fr\/wp-json\/wp\/v2\/users\/2"}],"replies":[{"embeddable":true,"href":"https:\/\/www.europesays.com\/fr\/wp-json\/wp\/v2\/comments?post=412675"}],"version-history":[{"count":0,"href":"https:\/\/www.europesays.com\/fr\/wp-json\/wp\/v2\/posts\/412675\/revisions"}],"wp:featuredmedia":[{"embeddable":true,"href":"https:\/\/www.europesays.com\/fr\/wp-json\/wp\/v2\/media\/412676"}],"wp:attachment":[{"href":"https:\/\/www.europesays.com\/fr\/wp-json\/wp\/v2\/media?parent=412675"}],"wp:term":[{"taxonomy":"category","embeddable":true,"href":"https:\/\/www.europesays.com\/fr\/wp-json\/wp\/v2\/categories?post=412675"},{"taxonomy":"post_tag","embeddable":true,"href":"https:\/\/www.europesays.com\/fr\/wp-json\/wp\/v2\/tags?post=412675"}],"curies":[{"name":"wp","href":"https:\/\/api.w.org\/{rel}","templated":true}]}}