{"id":41268,"date":"2025-04-21T10:28:11","date_gmt":"2025-04-21T10:28:11","guid":{"rendered":"https:\/\/www.europesays.com\/fr\/41268\/"},"modified":"2025-04-21T10:28:11","modified_gmt":"2025-04-21T10:28:11","slug":"les-coupables-innocentes-de-mag-leveque-lu-par-jade-palaric-educatrice-specialisee-liberation","status":"publish","type":"post","link":"https:\/\/www.europesays.com\/fr\/41268\/","title":{"rendered":"\u00abLes Coupables innocentes\u00bb de Mag L\u00e9v\u00eaque lu par Jade Palaric, \u00e9ducatrice sp\u00e9cialis\u00e9e \u2013 Lib\u00e9ration"},"content":{"rendered":"<p class=\"sc-cPiKLX AiZTS text-element\">Un apr\u00e8s-midi sous le soleil breton, je d\u00e9cide avec mon copain de m\u2019arr\u00eater dans une librairie engag\u00e9e. On se donne l\u2019id\u00e9e de choisir deux ou trois livres qui viendront habiller la biblioth\u00e8que de notre nouvel appartement. Une trentaine de minutes plus tard, me voil\u00e0 repartie avec les Coupables innocentes, recueil de Mag L\u00e9v\u00eaque o\u00f9 sur la couverture, une femme t\u00eate pench\u00e9e tient deux loups se faisant face.<\/p>\n<p class=\"sc-cPiKLX AiZTS text-element\">Je me suis lanc\u00e9e dans cette lecture comme on porte \u00e0 ses l\u00e8vres une tisane un peu trop chaude. Mag L\u00e9v\u00eaque nous tient par ses assemblages de mots sur la solitude, la transmission, les liens familiaux. Le recueil a pour fil conducteur la folie de sa m\u00e8re qu\u2019elle visite et accompagne. Elle dit : \u00abJ\u2019\u00e9cris pour me cambrioler.\u00bb Nous sommes les lecteurices d\u2019un vol vers la reconstruction de soi. L\u2019intime est une langue et une arme politique qu\u2019elle a commenc\u00e9 \u00e0 explorer dans son premier livre, Tant qu\u2019il reste quelque chose \u00e0 d\u00e9truire (Blast, 2022). Dans ce deuxi\u00e8me recueil, elle se lib\u00e8re de ses traumatismes par une \u00e9criture juste et transparente : \u00abVous m\u2019avez dress\u00e9e \/et maintenant si j\u2019aboie \/je fais un coup d\u2019\u00e9tat\u00bb. Ou encore : \u00abje descends d\u2019une lign\u00e9e de femmes que l\u2019on cache dans les tiroirs des commodes. Aujourd\u2019hui je d\u00e9cide : avec mon h\u00e9ritage je construirai un empire\u00bb. Son \u00e9garement semble trouver son origine dans le patriarcat mais aussi dans tout ce qui transmet entre les g\u00e9n\u00e9rations \u2013 notamment entre les femmes d\u2019une m\u00eame lign\u00e9e.<\/p>\n","protected":false},"excerpt":{"rendered":"Un apr\u00e8s-midi sous le soleil breton, je d\u00e9cide avec mon copain de m\u2019arr\u00eater dans une librairie engag\u00e9e. On&hellip;\n","protected":false},"author":2,"featured_media":41269,"comment_status":"","ping_status":"","sticky":false,"template":"","format":"standard","meta":{"footnotes":""},"categories":[1357],"tags":[1379,10488,58,59,1011,27,1380],"class_list":{"0":"post-41268","1":"post","2":"type-post","3":"status-publish","4":"format-standard","5":"has-post-thumbnail","7":"category-livres","8":"tag-books","9":"tag-cahier-livres","10":"tag-divertissement","11":"tag-entertainment","12":"tag-fr","13":"tag-france","14":"tag-livres"},"share_on_mastodon":{"url":"https:\/\/pubeurope.com\/@fr\/114375485288577543","error":""},"_links":{"self":[{"href":"https:\/\/www.europesays.com\/fr\/wp-json\/wp\/v2\/posts\/41268","targetHints":{"allow":["GET"]}}],"collection":[{"href":"https:\/\/www.europesays.com\/fr\/wp-json\/wp\/v2\/posts"}],"about":[{"href":"https:\/\/www.europesays.com\/fr\/wp-json\/wp\/v2\/types\/post"}],"author":[{"embeddable":true,"href":"https:\/\/www.europesays.com\/fr\/wp-json\/wp\/v2\/users\/2"}],"replies":[{"embeddable":true,"href":"https:\/\/www.europesays.com\/fr\/wp-json\/wp\/v2\/comments?post=41268"}],"version-history":[{"count":0,"href":"https:\/\/www.europesays.com\/fr\/wp-json\/wp\/v2\/posts\/41268\/revisions"}],"wp:featuredmedia":[{"embeddable":true,"href":"https:\/\/www.europesays.com\/fr\/wp-json\/wp\/v2\/media\/41269"}],"wp:attachment":[{"href":"https:\/\/www.europesays.com\/fr\/wp-json\/wp\/v2\/media?parent=41268"}],"wp:term":[{"taxonomy":"category","embeddable":true,"href":"https:\/\/www.europesays.com\/fr\/wp-json\/wp\/v2\/categories?post=41268"},{"taxonomy":"post_tag","embeddable":true,"href":"https:\/\/www.europesays.com\/fr\/wp-json\/wp\/v2\/tags?post=41268"}],"curies":[{"name":"wp","href":"https:\/\/api.w.org\/{rel}","templated":true}]}}