{"id":412695,"date":"2025-09-23T19:43:16","date_gmt":"2025-09-23T19:43:16","guid":{"rendered":"https:\/\/www.europesays.com\/fr\/412695\/"},"modified":"2025-09-23T19:43:16","modified_gmt":"2025-09-23T19:43:16","slug":"metropole-de-lyon-un-immeuble-menace-de-seffondrer-a-villeurbanne-des-dizaines-dhabitants-evacues-le-quartier-boucle","status":"publish","type":"post","link":"https:\/\/www.europesays.com\/fr\/412695\/","title":{"rendered":"M\u00e9tropole de Lyon. Un immeuble menace de s\u2019effondrer \u00e0 Villeurbanne\u00a0:\u00a0des dizaines d&rsquo;habitants \u00e9vacu\u00e9s, le quartier boucl\u00e9"},"content":{"rendered":"<p>Selon la mairie, environ\u00a070\u00a0personnes ont \u00e9t\u00e9 \u00e9vacu\u00e9es ce mardi soir de l&rsquo;immeuble situ\u00e9 124 cours Tolsto\u00ef \u00e0 Villeurbanne.<\/p>\n<p>Les services municipaux et les pompiers ont \u00e9t\u00e9 alert\u00e9s vers 15\u00a0h\u00a030 \u00ab\u00a0par le service sans abri, suite \u00e0 des probl\u00e9matiques dans l&rsquo;immeuble, indique Antoine Pelc\u00e9, conseiller municipal du sans abritisme. C&rsquo;est une fois sur place qu&rsquo;ils\u00a0ont d\u00e9couvert le danger\u00a0\u00bb.<\/p>\n<p>\u00ab\u00a0Les pompiers ont constat\u00e9 des infiltrations dans tout l&rsquo;immeuble. Il y a un d\u00e9g\u00e2t des eaux g\u00e9n\u00e9ralis\u00e9 et tous les planchers sont impact\u00e9s\u00a0\u00bb, d\u00e9taille Nathalie Chaptal, de la direction de la s\u00e9curit\u00e9 et de la pr\u00e9vention de Villeurbanne.<\/p>\n<p>L&rsquo;expert s\u00e9curit\u00e9 pr\u00e9sent sur place pr\u00e9cise que l&rsquo;immeuble accol\u00e9, situ\u00e9 au num\u00e9ro 126, n&rsquo;est pas impact\u00e9.<\/p>\n<p>  Les habitants contraints de trouver un plan B pour plusieurs nuits<\/p>\n<p>Un arr\u00eat\u00e9 de mise en s\u00fbret\u00e9 a \u00e9t\u00e9 pris afin de boucler la rue et de permettre l&rsquo;\u00e9vacuation des habitants. Parmi eux, quatre familles avec des enfants en bas \u00e2ge ou des femmes enceintes, ont \u00e9t\u00e9 prises en charge par la mairie et la pr\u00e9fecture. Les autres doivent trouver une solution.<\/p>\n<p>Lamia, m\u00e8re de deux adolescentes, t\u00e9moigne : \u00ab\u00a0Nous avons eu 30 minutes pour pr\u00e9parer des sacs et sortir. Nous ne savions pas ce qu&rsquo;il se passait. Nous dormirons \u00e0 l&rsquo;h\u00f4tel ce soir\u00a0\u00bb.\u00a0\u00ab\u00a0On m&rsquo;a dit que je ne pourrai pas rentrer chez moi avant deux jours minimum\u00a0\u00bb, explique Ahmed.\u00a0<\/p>\n<p>B\u00e9n\u00e9vole de l&rsquo;association Droit au logement 69, Pierre regrette que les habitants doivent \u00ab se d\u00e9brouiller seuls pour trouver de quoi se loger \u00e0 la derni\u00e8re minute. On voudrait qu&rsquo;il y ait une prise en charge minimale de 2 \u00e0 3 nuits.\u00a0\u00bb L&rsquo;association estime le nombre de locataires \u00e9vacu\u00e9s \u00e0 110. La mairie quant \u00e0 elle en compte 50 \u00e0 70.<\/p>\n<p>Un arr\u00eat\u00e9 de p\u00e9ril pris d\u00e8s demain<\/p>\n<p>Ce soir, les pompiers sont sur place afin de\u00a0constater les risques possibles. Ils effectuent une reconnaissance avec des drones.<\/p>\n<p>\u00ab\u00a0D\u00e8s demain, un arr\u00eat\u00e9 de p\u00e9ril sera pris par la m\u00e9tropole\u00a0\u00bb, indique la pr\u00e9fecture. \u00ab Pour l&rsquo;heure, le b\u00e2timent \u00e0 proprement parler ne menace pas de s&rsquo;effondrer. Des analyses b\u00e2timentaires sont en cours \u00bb<\/p>\n","protected":false},"excerpt":{"rendered":"Selon la mairie, environ\u00a070\u00a0personnes ont \u00e9t\u00e9 \u00e9vacu\u00e9es ce mardi soir de l&rsquo;immeuble situ\u00e9 124 cours Tolsto\u00ef \u00e0 Villeurbanne.&hellip;\n","protected":false},"author":2,"featured_media":412696,"comment_status":"","ping_status":"","sticky":false,"template":"","format":"standard","meta":{"footnotes":""},"categories":[1889],"tags":[1111,11,2430,2757,1777,674,274,107,1011,27,2428,12,25,2429,6345,6346],"class_list":{"0":"post-412695","1":"post","2":"type-post","3":"status-publish","4":"format-standard","5":"has-post-thumbnail","7":"category-lyon","8":"tag-actu","9":"tag-actualites","10":"tag-auvergne-rhone-alpes","11":"tag-edition-lyon-villeurbanne","12":"tag-eu","13":"tag-europe","14":"tag-faits-divers-justice","15":"tag-fil-info","16":"tag-fr","17":"tag-france","18":"tag-lyon","19":"tag-news","20":"tag-republique-francaise","21":"tag-rhone","22":"tag-villeurbanne","23":"tag-villeurbanne-bassin"},"share_on_mastodon":{"url":"https:\/\/pubeurope.com\/@fr\/115255325773651591","error":""},"_links":{"self":[{"href":"https:\/\/www.europesays.com\/fr\/wp-json\/wp\/v2\/posts\/412695","targetHints":{"allow":["GET"]}}],"collection":[{"href":"https:\/\/www.europesays.com\/fr\/wp-json\/wp\/v2\/posts"}],"about":[{"href":"https:\/\/www.europesays.com\/fr\/wp-json\/wp\/v2\/types\/post"}],"author":[{"embeddable":true,"href":"https:\/\/www.europesays.com\/fr\/wp-json\/wp\/v2\/users\/2"}],"replies":[{"embeddable":true,"href":"https:\/\/www.europesays.com\/fr\/wp-json\/wp\/v2\/comments?post=412695"}],"version-history":[{"count":0,"href":"https:\/\/www.europesays.com\/fr\/wp-json\/wp\/v2\/posts\/412695\/revisions"}],"wp:featuredmedia":[{"embeddable":true,"href":"https:\/\/www.europesays.com\/fr\/wp-json\/wp\/v2\/media\/412696"}],"wp:attachment":[{"href":"https:\/\/www.europesays.com\/fr\/wp-json\/wp\/v2\/media?parent=412695"}],"wp:term":[{"taxonomy":"category","embeddable":true,"href":"https:\/\/www.europesays.com\/fr\/wp-json\/wp\/v2\/categories?post=412695"},{"taxonomy":"post_tag","embeddable":true,"href":"https:\/\/www.europesays.com\/fr\/wp-json\/wp\/v2\/tags?post=412695"}],"curies":[{"name":"wp","href":"https:\/\/api.w.org\/{rel}","templated":true}]}}