{"id":412711,"date":"2025-09-23T19:51:25","date_gmt":"2025-09-23T19:51:25","guid":{"rendered":"https:\/\/www.europesays.com\/fr\/412711\/"},"modified":"2025-09-23T19:51:25","modified_gmt":"2025-09-23T19:51:25","slug":"lukraine-pourrait-aller-plus-loin-que-seulement-reprendre-le-territoire-perdu-face-a-la-russie-estime-trump","status":"publish","type":"post","link":"https:\/\/www.europesays.com\/fr\/412711\/","title":{"rendered":"L\u2019Ukraine pourrait \u00ab aller plus loin \u00bb que seulement reprendre le territoire perdu face \u00e0 la Russie, estime Trump"},"content":{"rendered":"<p class=\"paragraph text_align_left lp-f-body-02\">Les jours se suivent et ne se ressemblent jamais avec Donald Trump. Le pr\u00e9sident am\u00e9ricain, changeant du tout au tout son approche du conflit en Ukraine, a jug\u00e9 mardi que Kiev pourrait \u00ab regagner son territoire dans sa forme originelle et peut-\u00eatre m\u00eame aller plus loin \u00bb face \u00e0 la Russie.<\/p>\n<p class=\"paragraph text_align_left lp-f-body-02\">\u00ab Cela fait trois ans et demi que la Russie m\u00e8ne sans direction claire une guerre qu\u2019une Vraie Puissance Militaire aurait remport\u00e9e en moins d\u2019une semaine \u00bb, a \u00e9crit le pr\u00e9sident am\u00e9ricain sur son r\u00e9seau Truth Social, estimant que le pays de Vladimir Poutine \u00ab ressemblait beaucoup \u00e0 un tigre de papier \u00bb.<\/p>\n<p class=\"paragraph text_align_left lp-f-body-02\"><b>&gt;&gt;&gt; Plus d\u2019informations \u00e0 suivre <\/b><\/p>\n","protected":false},"excerpt":{"rendered":"Les jours se suivent et ne se ressemblent jamais avec Donald Trump. Le pr\u00e9sident am\u00e9ricain, changeant du tout&hellip;\n","protected":false},"author":2,"featured_media":412712,"comment_status":"","ping_status":"","sticky":false,"template":"","format":"standard","meta":{"footnotes":""},"categories":[1590],"tags":[11,898,8936,1777,674,14,12,220],"class_list":{"0":"post-412711","1":"post","2":"type-post","3":"status-publish","4":"format-standard","5":"has-post-thumbnail","7":"category-ukraine","8":"tag-actualites","9":"tag-alerte","10":"tag-breaking-news","11":"tag-eu","12":"tag-europe","13":"tag-international","14":"tag-news","15":"tag-ukraine"},"share_on_mastodon":{"url":"https:\/\/pubeurope.com\/@fr\/115255357229321146","error":""},"_links":{"self":[{"href":"https:\/\/www.europesays.com\/fr\/wp-json\/wp\/v2\/posts\/412711","targetHints":{"allow":["GET"]}}],"collection":[{"href":"https:\/\/www.europesays.com\/fr\/wp-json\/wp\/v2\/posts"}],"about":[{"href":"https:\/\/www.europesays.com\/fr\/wp-json\/wp\/v2\/types\/post"}],"author":[{"embeddable":true,"href":"https:\/\/www.europesays.com\/fr\/wp-json\/wp\/v2\/users\/2"}],"replies":[{"embeddable":true,"href":"https:\/\/www.europesays.com\/fr\/wp-json\/wp\/v2\/comments?post=412711"}],"version-history":[{"count":0,"href":"https:\/\/www.europesays.com\/fr\/wp-json\/wp\/v2\/posts\/412711\/revisions"}],"wp:featuredmedia":[{"embeddable":true,"href":"https:\/\/www.europesays.com\/fr\/wp-json\/wp\/v2\/media\/412712"}],"wp:attachment":[{"href":"https:\/\/www.europesays.com\/fr\/wp-json\/wp\/v2\/media?parent=412711"}],"wp:term":[{"taxonomy":"category","embeddable":true,"href":"https:\/\/www.europesays.com\/fr\/wp-json\/wp\/v2\/categories?post=412711"},{"taxonomy":"post_tag","embeddable":true,"href":"https:\/\/www.europesays.com\/fr\/wp-json\/wp\/v2\/tags?post=412711"}],"curies":[{"name":"wp","href":"https:\/\/api.w.org\/{rel}","templated":true}]}}