{"id":412717,"date":"2025-09-23T19:54:08","date_gmt":"2025-09-23T19:54:08","guid":{"rendered":"https:\/\/www.europesays.com\/fr\/412717\/"},"modified":"2025-09-23T19:54:08","modified_gmt":"2025-09-23T19:54:08","slug":"lallemagne-refuse-de-reconnaitre-letat-de-palestine-pourquoi-sa-position-est-intenable-lhumanite","status":"publish","type":"post","link":"https:\/\/www.europesays.com\/fr\/412717\/","title":{"rendered":"L&#039;Allemagne refuse de reconna\u00eetre l&#039;\u00c9tat de Palestine : pourquoi sa position est intenable &#8211; L&#039;Humanit\u00e9"},"content":{"rendered":"<ol>\n<li><a href=\"https:\/\/news.google.com\/rss\/articles\/CBMixAFBVV95cUxOc0hUSVpLRFZaM2Iwdm1jSGJEU2pMVElQVm5ka1lCMWxqRUpQZjd0SlpHb1g0aUpqamNlcmRlbHJ2b2RRa2MxVU5sRi1MSWt5OGRNaXQxMlAwZ3l3bnJvQk9CWkFxY3g3ZkRwYjNDWnF0MHFpd01SY3ZrRjMzLUhCSmpHdDNhaHdjM3dURW1oRm9IZkx0MHcxNFpmbzZ1UGNCM25FZ1RRYkZKOUxwZlhGMXlXRUN4WmNmbHJUbC1Sc3ZSczZT?oc=5\" target=\"_blank\" rel=\"noopener\">L&rsquo;Allemagne refuse de reconna\u00eetre l&rsquo;\u00c9tat de Palestine : pourquoi sa position est intenable<\/a>&nbsp;&nbsp;L&rsquo;Humanit\u00e9<\/li>\n<li><a href=\"https:\/\/news.google.com\/rss\/articles\/CBMiwgJBVV95cUxNbTk4TURGbDAtTHAtWllXaWpOWnRXczFxUXhOS3NRcnBVbU9BZW9ESFVPVWVSQmFTRlVLS3B3TkRVZlM0eUxaTGozcTdUVFBDZWRjalY2a2FXZzh2VTJGSEFPTzNEV21BY044bEQyQUFDX1NES2tjYmR5dTJZVzBid3BRWkJRREdDbmI0MzVKMXBSQ0FobGgwLWVOdWlxcWwwZkpZQnVzSFF4Zm1PU2hHa3FZQkNJZXpWTEc2VW1zdjVTMllVbnROdXh0Q2Q5ZExlN0pJZ0RtNkhwMVZ5Y01lSWNfR2ozbEViWHp5c1RJUkJxY21MVmxURXdfalU0QnNLNkFiMW9DUUhXQlcwU0w0S1dlOFZ5TmszS3hiS3Mta0NNQ0NhX3NsNl9wUXlaZTJISkhhZ3NlZ0VSajlEd01UZm5R?oc=5\" target=\"_blank\" rel=\"noopener\">En direct, Gaza : la France ne restera \u00ab pas inerte \u00bb en cas de repr\u00e9sailles isra\u00e9liennes \u00e0 la reconnaissance de l\u2019Etat palestinien, a averti Emmanuel Macron<\/a>&nbsp;&nbsp;Le Monde.fr<\/li>\n<li><a href=\"https:\/\/news.google.com\/rss\/articles\/CBMi-AFBVV95cUxQYTV3dzNxWUJoTmZHbzJUTzFDZXRiOWFVQTdJRTNSZTd1YWFERERFWmItUUgyc05VaU9jX2V0ajFfbkx1YjRIbHpFS3lzc2hCNmQ2WTl1WjJsQXJnOFZZVWtHc3k2V0VrX2FNZTBfRGk1MmR6ZE9rbDhtaUQxdlZBQU10ZGNBeTNVTTZrV091Z0RrSkZiVzIzZFhUMmdMbzJPRW5sVENvcTQ3SnFUNk9oVGNIUTFoSllDZXp6RERDSnhTUzZ0RVZzUV9jT0tsZnpXVWh5NEN1LVpPSzBIT1ZPazFKZktEQ0VLNk9fa1Ixdy1RMTFfMG50QQ?oc=5\" target=\"_blank\" rel=\"noopener\">Reconnaissance de la Palestine : depuis New York, Macron pr\u00e9vient Isra\u00ebl et r\u00e9pond \u00e0 Trump<\/a>&nbsp;&nbsp;Le Parisien<\/li>\n<li><a href=\"https:\/\/news.google.com\/rss\/articles\/CBMimwJBVV95cUxQNzFheXRjSXVFb1VFWHMxZFlpMldQTGZEaklzeWYweWxRNFFUTWQ1M214WkhLNVlYTE1STUc3Rnk5MjBRZnc1bFJ1djdvQnlpelpEWFdfT0RxN25jb1Jqb1FlbjlPcWd5UzEwd042UWxSYW5sQ0h2Mzh5Skg2QVZHR1hGeFo3N01BS285cnR1WENNbXA4cnJ3UFlrRkJRbkZUdjZvQVBpMXBQWTBRcXlLMERjZUxOU0ZyQWVJeG00NlN2U0x0ODZNUlVCZFZrZHMtaWJDMjQwa25VejJrR2FyWS1RZVI0NkY5RTFoRjIwSUZKeDBSXy1kdUJQanZBTU5TT240cFRONzFkZ0dhMnJZbzA1YjNKZ2w4azVj?oc=5\" target=\"_blank\" rel=\"noopener\">\u00ab\u00a0Cela rajoute de l&rsquo;huile sur le feu\u00a0\u00bb : en Isra\u00ebl, la reconnaissance de la Palestine fait presque l&rsquo;unanimit\u00e9 contre elle<\/a>&nbsp;&nbsp;France Info<\/li>\n<li><a href=\"https:\/\/news.google.com\/rss\/articles\/CBMi5gFBVV95cUxQMHJhdlNFR0pyc2FRZWIwTGtFLUVEdTBJcmRDUGthd1RNblNTY3lITy1jT1hFV2RUaUFwcVY3RDEwYThNdHlYU0RvTktBUF93WHAwTWNBRHpfcE5XWjRaa1FHRW9DZ3VrVS1LMXhySU40Y3VMR1UzdWNJZC1kZzB4WVg1eTU1TnFxZEZFcDdhY0xHRHA4eEpUczZwRDI5bjR1d3R6VTZSV0ZmSnluUUFCQXIwSVlRSXUzNzVWMGxCR1N6SEh3eTRMLUVfS0pHZG9QdS1DZUxvWThGc2hidUd6cnRONDRLQQ?oc=5\" target=\"_blank\" rel=\"noopener\">Apr\u00e8s les reconnaissances de l\u2019\u00c9tat palestinien, la France concentre les critiques<\/a>&nbsp;&nbsp;Courrier international<\/li>\n<\/ol>\n","protected":false},"excerpt":{"rendered":"L&rsquo;Allemagne refuse de reconna\u00eetre l&rsquo;\u00c9tat de Palestine : pourquoi sa position est intenable&nbsp;&nbsp;L&rsquo;Humanit\u00e9 En direct, Gaza : la&hellip;\n","protected":false},"author":2,"featured_media":412718,"comment_status":"","ping_status":"","sticky":false,"template":"","format":"standard","meta":{"footnotes":""},"categories":[1587],"tags":[11,672,1804,1805,1803,1777,674,1801,12,1802,38090,2475],"class_list":{"0":"post-412717","1":"post","2":"type-post","3":"status-publish","4":"format-standard","5":"has-post-thumbnail","7":"category-allemagne","8":"tag-actualites","9":"tag-allemagne","10":"tag-bundesrepublik-deutschland","11":"tag-de","12":"tag-deutschland","13":"tag-eu","14":"tag-europe","15":"tag-germany","16":"tag-news","17":"tag-republique-federale-dallemagne","18":"tag-u00e9tat-de-palestine","19":"tag-union-europu00e9enne"},"share_on_mastodon":{"url":"https:\/\/pubeurope.com\/@fr\/115255368963066366","error":""},"_links":{"self":[{"href":"https:\/\/www.europesays.com\/fr\/wp-json\/wp\/v2\/posts\/412717","targetHints":{"allow":["GET"]}}],"collection":[{"href":"https:\/\/www.europesays.com\/fr\/wp-json\/wp\/v2\/posts"}],"about":[{"href":"https:\/\/www.europesays.com\/fr\/wp-json\/wp\/v2\/types\/post"}],"author":[{"embeddable":true,"href":"https:\/\/www.europesays.com\/fr\/wp-json\/wp\/v2\/users\/2"}],"replies":[{"embeddable":true,"href":"https:\/\/www.europesays.com\/fr\/wp-json\/wp\/v2\/comments?post=412717"}],"version-history":[{"count":0,"href":"https:\/\/www.europesays.com\/fr\/wp-json\/wp\/v2\/posts\/412717\/revisions"}],"wp:featuredmedia":[{"embeddable":true,"href":"https:\/\/www.europesays.com\/fr\/wp-json\/wp\/v2\/media\/412718"}],"wp:attachment":[{"href":"https:\/\/www.europesays.com\/fr\/wp-json\/wp\/v2\/media?parent=412717"}],"wp:term":[{"taxonomy":"category","embeddable":true,"href":"https:\/\/www.europesays.com\/fr\/wp-json\/wp\/v2\/categories?post=412717"},{"taxonomy":"post_tag","embeddable":true,"href":"https:\/\/www.europesays.com\/fr\/wp-json\/wp\/v2\/tags?post=412717"}],"curies":[{"name":"wp","href":"https:\/\/api.w.org\/{rel}","templated":true}]}}