{"id":412719,"date":"2025-09-23T19:55:54","date_gmt":"2025-09-23T19:55:54","guid":{"rendered":"https:\/\/www.europesays.com\/fr\/412719\/"},"modified":"2025-09-23T19:55:54","modified_gmt":"2025-09-23T19:55:54","slug":"donald-trump-critique-lonu-et-leurope-les-aeroports-de-copenhague-et-doslo-rouvrent-guillaume-diop-au-musee-grevin","status":"publish","type":"post","link":"https:\/\/www.europesays.com\/fr\/412719\/","title":{"rendered":"Donald Trump critique l&rsquo;ONU et l&rsquo;Europe \/ Les a\u00e9roports de Copenhague et d&rsquo;Oslo rouvrent \/ Guillaume Diop au mus\u00e9e Gr\u00e9vin&#8230;"},"content":{"rendered":"<p>\n                     Bonjour   \u00e0   toutes   et   \u00e0   tous.  Soyez   les   bienvenus   \u00e0   l&rsquo;\u00e9coute   de RFI &#8211;  Radio   France   Internationale   en   direct   de   Paris.  Il  est   18   heures.                 <\/p>\n<p>\n                     Le   Journal  en   fran\u00e7ais   facile.                 <\/p>\n<p>\n                     Adrien  Delgrange.                 <\/p>\n<p>\n                     Midi  \u00e0   New   York,   16   heures  en   temps   universel.                  <\/p>\n<p>\n                     Nous   sommes   le   mardi   23   septembre.                  <\/p>\n<p>\n                     Au   sommaire   de   cette   \u00e9dition :                 <\/p>\n<p>\n                     L&rsquo;Assembl\u00e9e  g\u00e9n\u00e9rale   des   Nations   unies.  Donald   Trump   \u00e9tait   au   micro,  il   y   a   quelques   instants.   Le   pr\u00e9sident   am\u00e9ricain   a   pass\u00e9   en   revue   de   tr\u00e8s   nombreux   sujets.   Menaces   et   col\u00e8re   de   Donald   Trump   sur   la   Palestine,   la   Russie,   le   climat,   l&rsquo;Europe,   mais   aussi   les   Nations   unies.                 <\/p>\n<p>\n                     Au   Danemark   et   en   Norv\u00e8ge,   les   avions   peuvent,  \u00e0   nouveau,  atterrir   et   d\u00e9coller   de   Copenhague   et   [d&rsquo;]Oslo.  Tous   les   d\u00e9collages   et   atterrissages   avaient   \u00e9t\u00e9   suspendus,  hier   soir,   car   des   drones \u2013  des   objets   volants   t\u00e9l\u00e9guid\u00e9s \u2013  ont   survol\u00e9   les   a\u00e9roports   des   capitales   danoise   et   norv\u00e9gienne.                  <\/p>\n<p>\n                     Et   puis,  enfin,   dans   ce   journal,   les   mots   de   Guillaume   Diop,   jeune   danseur   \u00e9toile   de   l&rsquo;Op\u00e9ra.   Il   fait   son   entr\u00e9e   au   mus\u00e9e   Gr\u00e9vin,  dans   la   capitale   fran\u00e7aise.                  <\/p>\n<p>\n                     Voil\u00e0   pour   les   titres.   Soyez   les   bienvenus.                  <\/p>\n<p>\n                     Donald   Trump   \u00e0   la   tribune   de   l&rsquo;ONU.  Le  pr\u00e9sident   am\u00e9ricain   s&rsquo;est   exprim\u00e9   devant   les   repr\u00e9sentants   des   193   pays   membres   des   Nations   unies.   Un   long   discours   tous   azimuts,  o\u00f9   Donald   Trump   donne   les   bons   et   mauvais   points.   Exemple :  pour   le   locataire   de   la   Maison Blanche,  \u00ab Le  changement   climatique   est   la   plus   grande   arnaque   jamais   men\u00e9e   contre   le   monde. \u00bb  Quant   aux   Europ\u00e9ens,   il   les   aime   bien,   mais   les   pr\u00e9vient   qu&rsquo;ils   vont   devoir  vivre   \u00ab en  enfer \u00bb,  car   submerg\u00e9s   par   les   migrants.   Puis   le   dirigeant   am\u00e9ricain   a,  aussi,  attaqu\u00e9   directement   l&rsquo;ONU \u2013  l&rsquo;institution   dans   laquelle   il   s&rsquo;exprimait.  L&rsquo;ONU  \u00ab coupable \u00bb,  d&rsquo;apr\u00e8s   Donald   Trump,   de   ne   pas   l&rsquo;avoir   aid\u00e9   dans   ses   diff\u00e9rentes   n\u00e9gociations   de   paix   entre   l&rsquo;Ukraine   et   la   Russie.                  <\/p>\n<p>\n                     \u00ab Je  suis   tr\u00e8s   honor\u00e9  d&rsquo;avoir   accompli   tout   cela.   C&rsquo;est   dommage   que   j&rsquo;aie  d\u00fb   faire   ces   choses,  au   lieu   que   ce   soit   les   Nations   unies  qui   s&rsquo;en   chargent.   Et,  malheureusement,   dans   tous   les   cas,   les   Nations   unies  n&rsquo;ont   m\u00eame   pas   essay\u00e9   d&rsquo;aider,  dans   aucune   de   ces   situations.   J&rsquo;ai   mis   fin   \u00e0   sept  guerres.  J&rsquo;ai   n\u00e9goci\u00e9   avec   les   dirigeants   de   chacun   de   ces   pays,   et   je   n&rsquo;ai   m\u00eame   pas   re\u00e7u   un   appel   t\u00e9l\u00e9phonique   des   Nations   unies  me   proposant   de   m&rsquo;aider   \u00e0   finaliser   l&rsquo;accord.   Tout   ce   que   j&rsquo;ai   obtenu   des   Nations   unies,  c&rsquo;est   un   escalator   qui   s&rsquo;est   arr\u00eat\u00e9   en   plein   milieu   de   la   mont\u00e9e.   Si   la   premi\u00e8re   dame   n&rsquo;avait   pas   \u00e9t\u00e9   en   pleine   forme,   elle   serait   tomb\u00e9e.   Mais   elle   est   en   pleine   forme.   Nous   sommes   tous   les   deux   en   pleine   forme. \u00bb                 <\/p>\n<p>\n                     Donald   Trump,   le   pr\u00e9sident   am\u00e9ricain,  il  y   a   quelques   instants,   \u00e0   la   tribune   de   l&rsquo;Assembl\u00e9e   g\u00e9n\u00e9rale   des   Nations   unies.                 <\/p>\n<p>\n                     L&rsquo;actualit\u00e9   en   Europe.  C&rsquo;est  une   \u00ab grave  attaque \u00bb :  voil\u00e0  les   mots   de   la   Premi\u00e8re   ministre   danoise.  Mete  Frederiksen   r\u00e9agit   au   survol   de   drones,  la   nuit   pass\u00e9e,  au-dessus   de   l&rsquo;a\u00e9roport   de   Copenhague.   Intrusion   qui   a   provoqu\u00e9   la   fermeture   momentan\u00e9e   de   l&rsquo;a\u00e9roport.  En  Norv\u00e8ge,  l&rsquo;a\u00e9roport  d&rsquo;Oslo   a,  \u00e9galement,  \u00e9t\u00e9   ferm\u00e9   pour   les   m\u00eames   raisons.   Des   dizaines   de   milliers   de   passagers   se   sont   donc   retrouv\u00e9s   bloqu\u00e9s   de   nombreuses   heures.   Ce   matin,   les   vols   d&rsquo;avions   ont   pu   reprendre.   Ottilia  Ferey  est notre  correspondante   dans   la   r\u00e9gion.  Ottilia,  l&rsquo;origine  de   ces   objets   volants   est   encore   inconnue.                  <\/p>\n<p>\n                     Alors,   pour   le   pr\u00e9sident   ukrainien   Zelensky,  en   tout   cas,   \u00e7a   ne   fait   aucun   doute.  C&rsquo;est  bien   la   Russie   qui   est   derri\u00e8re   cette   attaque,  la   plus   grave   contre   les   infrastructures   danoises   \u00e0   ce   jour,   comme   l&rsquo;a   qualifi\u00e9e,  vous   le   disiez,   la   Premi\u00e8re   ministre   du   Danemark,  ce   matin.   Il   est   vrai   que,  ces   derni\u00e8res   semaines,   ces   derniers   jours,   l&rsquo;actualit\u00e9   est   rythm\u00e9e   par   les   violations   russes   des   espaces   a\u00e9riens   polonais,   roumain  ou   encore   estonien.  La   Russie,  elle,  sans   grande   surprise,   nie  en   bloc   \u00eatre   responsable   de   cette   intrusion   \u00e0   l&rsquo;a\u00e9roport   de   Copenhague   ou   d&rsquo;Oslo.  \u00c0  l&rsquo;heure   qu&rsquo;il   est,  les  deux   pays   scandinaves,   eux,   ne   pointent  personne   du   doigt.   Mais   \u00e0   Copenhague,   la   police   \u00e9voque,   je   cite,   un   \u00ab acteur  comp\u00e9tent,  avec   des   ressources   et   du   savoir-faire \u00bb.  Car,  oui.  C&rsquo;est,  en   effet,  pendant   pr\u00e8s   de   quatre  heures  que   trois   ou   quatre   drones   de   grande   taille   ont   fait   des   allers-retours  suspects   au-dessus  de   l&rsquo;a\u00e9roport   de   Copenhague.   Sur   place,  hier   soir,   la   police   n&rsquo;arrive   pas   \u00e0   savoir   d&rsquo;o\u00f9   ils   viennent,   ni   m\u00eame   qui   les   pilote.  Et   il   est   impossible   de   les   abattre.   C&rsquo;est   bien   trop   dangereux,  car,  sur   le   tarmac,   les   avions, eh bien,  sont   remplis   de   passagers.  Les  drones   finissent   par   dispara\u00eetre   et   l&rsquo;a\u00e9roport   a   pu   rouvrir   vers   minuit  et  demi.  Dans   le   m\u00eame   temps,   \u00e0   500   kilom\u00e8tres   de   l\u00e0,   le   m\u00eame   sc\u00e9nario   s&rsquo;est   d\u00e9roul\u00e9   \u00e0   Oslo.   Deux   drones   non   identifi\u00e9s   ont   longuement   survol\u00e9,  l\u00e0  aussi,   l&rsquo;a\u00e9roport   de   la   capitale   norv\u00e9gienne.   Des   investigations   sont   en   cours   pour   \u00e9lucider   ce   myst\u00e8re   dans   les   pays   scandinaves.   Ottilia  Ferey,  Stockholm,  RFI.                  <\/p>\n<p>\n                     18   h   05   \u00e0   Paris.                  <\/p>\n<p>\n                     La   suite   de   ce   journal.  Dix  pays,   dont   la   France,   ont   donc   reconnu   l&rsquo;\u00c9tat   palestinien,  ces   derniers   jours.   Alors,   ce   sont   des   pays   membres   du   Conseil   de   s\u00e9curit\u00e9  de   l&rsquo;ONU,   des   pays   du   G7,   mais,  aussi,  des   pays   de   l&rsquo;Union   europ\u00e9enne.   Une   s\u00e9rie   de   gestes   forts,   pr\u00e9sent\u00e9s   comme   le   moyen   de   pr\u00e9server   la   solution   de   paix   \u00e0   deux   \u00c9tats \u2013  Isra\u00ebl   et   Palestine.   Ces   annonces   ont   \u00e9t\u00e9   rejet\u00e9es   avec   force   par   Isra\u00ebl   et   les   \u00c9tats-Unis.  Isra\u00ebl   promet,  notamment,  des   repr\u00e9sailles,   mais   elles   ne   devraient   \u00eatre   connues   et   annonc\u00e9es  qu&rsquo;apr\u00e8s   la   visite   de   Benyamin   Netanyahu  \u00e0   Washington,   la   semaine   prochaine.   Comment   la   diplomatie   palestinienne   se   positionne-t-elle  au   lendemain   de   la   reconnaissance   par   la   dizaine   de   pays   qui   ont,  donc,  franchi   le   pas ?  Nicolas   Falez  \u00e9tait,  ce   matin,  \u00e0   la   mission   de   Palestine   en   France.  Prise  de   parole   de   l&rsquo;ambassadrice,  au  lendemain   d&rsquo;un   geste   qu&rsquo;elle   a   qualifi\u00e9   d&rsquo;historique.                 <\/p>\n<p>\n                     Hala Abou  Hassira  \u00ab salue \u00bb  la   reconnaissance,  par   la   France,  de   l&rsquo;\u00c9tat   palestinien.  Pour  l&rsquo;ambassadrice   de   Palestine   \u00e0   Paris,   cette   reconnaissance   doit   \u00eatre   accompagn\u00e9e   de   sanctions,   notamment   de   la   part   de   l&rsquo;Union   europ\u00e9enne   pour   faire   pression   sur   Isra\u00ebl.                  <\/p>\n<p>\n                     \u00ab On  peut   pas   r\u00e9pondre   \u00e0   une   occupation,   \u00e0   une   colonisation,   au   nettoyage   ethnique   et   au   g\u00e9nocide   par   des   sanctions   partielles.   Il   faut   des   sanctions   compl\u00e8tes,   la   rupture   totale   de   l&rsquo;accord   d&rsquo;association.   C&rsquo;est   le   moment. \u00bb                 <\/p>\n<p>\n                     Emmanuel   Macron   a   annonc\u00e9   que   l&rsquo;ouverture   d&rsquo;une   ambassade   de   France   aupr\u00e8s   de   l&rsquo;\u00c9tat  de   Palestine   serait   conditionn\u00e9e   \u00e0   la   lib\u00e9ration   des   otages   isra\u00e9liens   \u00e0   Gaza.   En   ce   qui   concerne   la   repr\u00e9sentation   diplomatique   palestinienne   en   France,   Hala   Abou   Hassira  reste,  pour   l&rsquo;instant,  une   ambassadrice   sans   ambassade.                  <\/p>\n<p>\n                     \u00ab Il  est   naturel   que,   suite   \u00e0   une   reconnaissance   des   relations   mutuelles,  soit   \u00e9tabli  que   des   repr\u00e9sentations   politiques   et   diplomatiques   mutuelles   soient   cr\u00e9\u00e9es.   Nous   allons   attendre   que   la   France   officialise   la   reconnaissance   et   qu&rsquo;elle   pr\u00e9cise   les   \u00e9tapes   \u00e0   suivre   concernant   les   repr\u00e9sentations   diplomatiques. \u00bb                 <\/p>\n<p>\n                     Jusqu&rsquo;\u00e0   nouvel   ordre.,  la  plaque   \u00e0   l&rsquo;entr\u00e9e   de   ce   b\u00e2timent   officiel   continue,  donc,  de   mentionner   la   \u00ab Mission  de   Palestine   en   France \u00bb.                 <\/p>\n<p>\n                     Enfin,   sachez   qu&rsquo;\u00e0   l&rsquo;occasion   de   la   reconnaissance   officielle   de   l&rsquo;\u00c9tat   de   Palestine   par   la   France,   Emmanuel   Macron,   invit\u00e9   de   RFI   et   de   France   24.  Le  pr\u00e9sident  de   la   R\u00e9publique   fran\u00e7aise   r\u00e9pondra   aux   questions   de   nos   journalistes,  demain,  en  lieu   et   place   du   Journal  en   fran\u00e7ais   facile,  \u00e0  partir   de   16   heures  temps  universel.                  <\/p>\n<p>\n                     Le   Journal  en   fran\u00e7ais   facile.                  <\/p>\n<p>\n                     Ils   sont   coinc\u00e9s   sous   terre.   25   mineurs   sont   pris   au   pi\u00e8ge,  \u00e0   l&rsquo;heure   actuelle,   \u00e0   80   m\u00e8tres   sous   terre   dans   une   mine   d&rsquo;or.   C&rsquo;est   en   Colombie.   La   mine   s&rsquo;est   effondr\u00e9e,   mais   ils   sont   sains   et   saufs,  selon  le   gouvernement   local.  Des  secouristes   m\u00e8nent,  actuellement,  des   op\u00e9rations   de   sauvetage.                 <\/p>\n<p>\n                     Dans  l&rsquo;actualit\u00e9,   nous   avons   aussi   appris   la   mort   de   Ziad   Takieddine,   homme   d&rsquo;affaires   franco-libanais et  d\u00e9c\u00e9d\u00e9,  aujourd&rsquo;hui,  \u00e0   l&rsquo;\u00e2ge   de   75   ans.  Alors,  connu,  notamment,  pour   \u00eatre   impliqu\u00e9   dans   l&rsquo;affaire   entre   Nicolas   Sarkozy   et   Kadhafi,  Ziad   Takieddine   avait   \u00e9t\u00e9   condamn\u00e9,  aussi,  en   2020,  \u00e0   cinq  ans   de   prison   ferme   dans   l&rsquo;affaire   dite   [de]  Karachi.                  <\/p>\n<p>\n                     Et   puis,  enfin,   ce   danseur   \u00e9toile   de   l&rsquo;Op\u00e9ra   de   Paris   fait   son   entr\u00e9e   au   mus\u00e9e   Gr\u00e9vin.   Il   s&rsquo;appelle   Guillaume   Diop.   Ce   fils   d&rsquo;un   p\u00e8re   s\u00e9n\u00e9galais   et   d&rsquo;une   m\u00e8re   fran\u00e7aise   a   commenc\u00e9   la   danse   \u00e0   l&rsquo;\u00e2ge   de   4  ans.   Aujourd&rsquo;hui   \u00e2g\u00e9   de   25   ans,   il   a   interpr\u00e9t\u00e9   les   plus   grands   r\u00f4les   masculins   du   r\u00e9pertoire.   Il   a   r\u00e9pondu,  \u00e0   la   sortie   du   mus\u00e9e   Gr\u00e9vin,  aux   questions   d&rsquo;Edmond   Sadaka.                  <\/p>\n<p>\n                     \u00ab C&rsquo;est  un   grand   honneur.   Je   r\u00e9alise   pas,  m\u00eame  l\u00e0,  que   j&rsquo;ai   la   statue   juste   \u00e0   c\u00f4t\u00e9   de   moi.  Je  r\u00e9alise   pas   trop.   Tout   y   est.  L&rsquo;expression,  les   cheveux,  tout.  Vraiment,  c&rsquo;est   incroyable.                  <\/p>\n<p>\n                     \u2013  Il  y   a   beaucoup   d&rsquo;enfants   ou   de   jeunes   qui   vous   \u00e9coutent,  en  Afrique,  par   exemple.   Aujourd&rsquo;hui,   qu&rsquo;est-ce  que   vous   avez   envie   de   leur   dire,  \u00e0   ces   jeunes ?                 <\/p>\n<p>\n                     \u2013 J&rsquo;ai  envie   de   leur   dire  de   r\u00eaver,  de   croire   en   leurs   r\u00eaves   et   de   pas   se   mettre   de   barri\u00e8res, quoi.  Et,  quand   on   a   envie   de   faire   quelque   chose,   faut   y   aller.   \u00c7a   marche,   \u00e7a   ne   marche   pas.   Mais,  le   plus   important,   c&rsquo;est   d&rsquo;essayer,  de   pas   se   restreindre.   La   plus   grande   difficult\u00e9,   je   pense,   c&rsquo;est   de   garder   la   passion   et   de   comprendre   que,  des   fois,  on   essuie   des   \u00e9checs.   Mais   que   c&rsquo;est   que   pour   r\u00e9ussir   encore   mieux   derri\u00e8re.   Ce   dont   je   suis   le   plus   fier,   c&rsquo;est   de   mon   entourage,   de   mes   amis,   de   ma   famille   et   de   la   fa\u00e7on   dont   laquelle   ils   me   soutiennent   au   quotidien.   Franchement,   sans   eux,   j&rsquo;aurais  jamais   \u00e9t\u00e9   danseur   \u00e9toile   et   je   serais  jamais   l\u00e0   o\u00f9   je   suis.   Donc,  je   crois   que   c&rsquo;est   d&rsquo;eux   dont   je   suis   le   plus   fier. \u00bb                 <\/p>\n<p>\n                     Guillaume   Diop,   danseur   \u00e9toile   qui   fait,  donc,  son   entr\u00e9e   au   mus\u00e9e   Gr\u00e9vin   de   Paris.                  <\/p>\n<p>\n                     Paris,  o\u00f9   il   va   \u00eatre   18   h   10.                  <\/p>\n","protected":false},"excerpt":{"rendered":"Bonjour \u00e0 toutes et \u00e0 tous. Soyez les bienvenus \u00e0 l&rsquo;\u00e9coute de RFI &#8211; Radio France Internationale en&hellip;\n","protected":false},"author":2,"featured_media":412720,"comment_status":"","ping_status":"","sticky":false,"template":"","format":"standard","meta":{"footnotes":""},"categories":[1586],"tags":[47,11,10343,251,1777,674,1011,27,3535,937,10342,12,25],"class_list":{"0":"post-412719","1":"post","2":"type-post","3":"status-publish","4":"format-standard","5":"has-post-thumbnail","7":"category-europe","8":"tag-actualite","9":"tag-actualites","10":"tag-all","11":"tag-culture","12":"tag-eu","13":"tag-europe","14":"tag-fr","15":"tag-france","16":"tag-geopolitique","17":"tag-histoire","18":"tag-journal-en-francais-facile","19":"tag-news","20":"tag-republique-francaise"},"share_on_mastodon":{"url":"https:\/\/pubeurope.com\/@fr\/115255376801386751","error":""},"_links":{"self":[{"href":"https:\/\/www.europesays.com\/fr\/wp-json\/wp\/v2\/posts\/412719","targetHints":{"allow":["GET"]}}],"collection":[{"href":"https:\/\/www.europesays.com\/fr\/wp-json\/wp\/v2\/posts"}],"about":[{"href":"https:\/\/www.europesays.com\/fr\/wp-json\/wp\/v2\/types\/post"}],"author":[{"embeddable":true,"href":"https:\/\/www.europesays.com\/fr\/wp-json\/wp\/v2\/users\/2"}],"replies":[{"embeddable":true,"href":"https:\/\/www.europesays.com\/fr\/wp-json\/wp\/v2\/comments?post=412719"}],"version-history":[{"count":0,"href":"https:\/\/www.europesays.com\/fr\/wp-json\/wp\/v2\/posts\/412719\/revisions"}],"wp:featuredmedia":[{"embeddable":true,"href":"https:\/\/www.europesays.com\/fr\/wp-json\/wp\/v2\/media\/412720"}],"wp:attachment":[{"href":"https:\/\/www.europesays.com\/fr\/wp-json\/wp\/v2\/media?parent=412719"}],"wp:term":[{"taxonomy":"category","embeddable":true,"href":"https:\/\/www.europesays.com\/fr\/wp-json\/wp\/v2\/categories?post=412719"},{"taxonomy":"post_tag","embeddable":true,"href":"https:\/\/www.europesays.com\/fr\/wp-json\/wp\/v2\/tags?post=412719"}],"curies":[{"name":"wp","href":"https:\/\/api.w.org\/{rel}","templated":true}]}}