{"id":412721,"date":"2025-09-23T19:57:11","date_gmt":"2025-09-23T19:57:11","guid":{"rendered":"https:\/\/www.europesays.com\/fr\/412721\/"},"modified":"2025-09-23T19:57:11","modified_gmt":"2025-09-23T19:57:11","slug":"martin-kretz-revele-avoir-vecu-une-experience-hors-du-commun","status":"publish","type":"post","link":"https:\/\/www.europesays.com\/fr\/412721\/","title":{"rendered":"Martin Kretz r\u00e9v\u00e8le avoir v\u00e9cu une exp\u00e9rience \u00ab\u00a0hors du commun\u00a0\u00bb"},"content":{"rendered":"<p class=\"mb-4 text-lg md:leading-8 break-words\">Si on le conna\u00eet en tant qu\u2019agent immobilier de renom, ayant fond\u00e9 avec sa famille l\u2019une des agences les plus en vue du moment lorsqu\u2019il est question de biens d\u2019exception, Martin Kretz est aussi un grand sportif, qui n\u2019a pas peur de d\u00e9passer ses limites. C\u2019est en tout cas ce que son dernier post Instagram, partag\u00e9 ce mardi 23 septembre 2025 avec ses quelque 251 000 abonn\u00e9s, laisse entendre. En effet, bien loin des cam\u00e9ras de L\u2019Agence, c\u2019est en haut de l\u2019un des sommets les plus c\u00e9l\u00e8bres au monde que le fr\u00e8re de Valentin, Louis et Rapha\u00ebl a pris la pose : sur le toit du Mont Blanc.<\/p>\n<p class=\"mb-4 text-lg md:leading-8 break-words\">\u00ab\u00a0Mont Blanc : 4 806 m, le toit de l\u2019Europe sous mes pieds\u00a0\u00bb, \u00e9crivait-il en l\u00e9gende d\u2019un carrousel de photos et de vid\u00e9os retra\u00e7ant son parcours montagneux, qui s\u2019est achev\u00e9 le 19 septembre 2025 aux alentours de 7 h du matin. \u00ab\u00a0Une ascension hors du commun, grav\u00e9e \u00e0 jamais dans ma m\u00e9moire\u00a0\u00bb, poursuivait-il, d\u00e9taillant ensuite les \u00ab\u00a03 jours d\u2019efforts intenses, de cord\u00e9es inoubliables et de paysages \u00e0 couper le souffle\u00a0\u00bb qui ont marqu\u00e9 son p\u00e9riple : \u00ab\u00a0Il y a eu des moments de doute, le froid\u2026 mais surtout la force du collectif et la magie pure de l\u2019arriv\u00e9e au sommet\u00a0\u00bb avec ses deux amis, Damien Vincent et Julien Leroy. Un exploit qu\u2019ils n\u2019auraient pas pu faire sans le soutien de leurs guides, que Martin Kretz remerciait pour leur patience, leur confiance et leur passion. \u00ab\u00a0Vous rendez l\u2019impossible accessible\u00a0\u00bb, ajoutait-il, laissant ensuite planer le doute sur son prochain d\u00e9fi. \u00ab\u00a0Je vous laisse deviner mon prochain (&#8230;)<\/p>\n<p class=\"mb-4 text-lg md:leading-8 break-words\">(&#8230;) <a href=\"https:\/\/www.femmeactuelle.fr\/actu\/news-actu\/il-y-a-eu-des-moments-de-doute-le-froid-martin-kretz-revele-avoir-grimpe-le-mont-blanc-une-ascension-hors-du-commun-2198762\" rel=\"nofollow noopener\" target=\"_blank\" data-ylk=\"slk:Cliquez ici pour voir la suite;elm:context_link;itc:0;sec:content-canvas\" class=\"link \">Cliquez ici pour voir la suite<\/a><\/p>\n<p class=\"mb-4 text-lg md:leading-8 break-words\"><a href=\"https:\/\/www.femmeactuelle.fr\/actu\/news-actu\/l-agence-une-serie-scenarisee-la-famille-kretz-repond-2172736\" rel=\"nofollow noopener\" target=\"_blank\" data-ylk=\"slk:&quot;L&#039;Agence&quot; : y a-t-il des fausses mises en vente ? La famille Kretz r\u00e9pond;elm:context_link;itc:0;sec:content-canvas\" class=\"link \">\u00ab\u00a0L&rsquo;Agence\u00a0\u00bb : y a-t-il des fausses mises en vente ? La famille Kretz r\u00e9pond<\/a><br \/><a href=\"https:\/\/www.femmeactuelle.fr\/actu\/news-actu\/une-femme-hors-du-commun-cette-prestigieuse-distinction-decernee-a-evelyne-dheliat-2193715\" rel=\"nofollow noopener\" target=\"_blank\" data-ylk=\"slk:&quot;Une femme hors du commun&quot; : cette prestigieuse distinction d\u00e9cern\u00e9e \u00e0 Evelyne Dh\u00e9liat;elm:context_link;itc:0;sec:content-canvas\" class=\"link \">\u00ab\u00a0Une femme hors du commun\u00a0\u00bb : cette prestigieuse distinction d\u00e9cern\u00e9e \u00e0 Evelyne Dh\u00e9liat<\/a><br \/><a href=\"https:\/\/www.femmeactuelle.fr\/actu\/news-actu\/il-y-a-eu-un-effet-kiss-cool-coralie-maries-au-premier-regard-revele-pourquoi-elle-a-eu-peur-de-decevoir-son-futur-mari-exclu-2189082\" rel=\"nofollow noopener\" target=\"_blank\" data-ylk=\"slk:&quot;Il y a eu un effet kiss cool&quot; : Coralie (&quot;Mari\u00e9s au premier regard&quot;) r\u00e9v\u00e8le pourquoi elle a eu peur de d\u00e9cevoir son futur mari (EXCLU);elm:context_link;itc:0;sec:content-canvas\" class=\"link \">\u00ab\u00a0Il y a eu un effet kiss cool\u00a0\u00bb : Coralie (\u00ab\u00a0Mari\u00e9s au premier regard\u00a0\u00bb) r\u00e9v\u00e8le pourquoi elle a eu peur de d\u00e9cevoir son futur mari (EXCLU)<\/a><br \/><a href=\"https:\/\/www.femmeactuelle.fr\/actu\/news-actu\/il-y-a-eu-des-coups-de-ciseaux-dans-les-robes-une-ancienne-miss-devoile-l-envers-du-decor-de-l-election-miss-france-2182927\" rel=\"nofollow noopener\" target=\"_blank\" data-ylk=\"slk:&quot;Il y a eu des coups de ciseaux dans les robes&quot; : une ancienne Miss d\u00e9voile l&#039;envers du d\u00e9cor de l&#039;\u00e9lection Miss France;elm:context_link;itc:0;sec:content-canvas\" class=\"link \">\u00ab\u00a0Il y a eu des coups de ciseaux dans les robes\u00a0\u00bb : une ancienne Miss d\u00e9voile l&rsquo;envers du d\u00e9cor de l&rsquo;\u00e9lection Miss France<\/a><br \/><a href=\"https:\/\/www.femmeactuelle.fr\/actu\/news-actu\/brigitte-lahaie-revele-avoir-eu-une-relation-avec-johnny-hallyday-alors-qu-il-etait-encore-marie-2176057\" rel=\"nofollow noopener\" target=\"_blank\" data-ylk=\"slk:Brigitte Lahaie r\u00e9v\u00e8le avoir eu &quot;une relation avec Johnny Hallyday&quot; alors qu&#039;il \u00e9tait encore mari\u00e9;elm:context_link;itc:0;sec:content-canvas\" class=\"link \">Brigitte Lahaie r\u00e9v\u00e8le avoir eu \u00ab\u00a0une relation avec Johnny Hallyday\u00a0\u00bb alors qu&rsquo;il \u00e9tait encore mari\u00e9<\/a><\/p>\n","protected":false},"excerpt":{"rendered":"Si on le conna\u00eet en tant qu\u2019agent immobilier de renom, ayant fond\u00e9 avec sa famille l\u2019une des agences&hellip;\n","protected":false},"author":2,"featured_media":412722,"comment_status":"","ping_status":"","sticky":false,"template":"","format":"standard","meta":{"footnotes":""},"categories":[1586],"tags":[11,1777,674,1779,1011,27,27867,12,25,1778,364],"class_list":{"0":"post-412721","1":"post","2":"type-post","3":"status-publish","4":"format-standard","5":"has-post-thumbnail","7":"category-europe","8":"tag-actualites","9":"tag-eu","10":"tag-europe","11":"tag-european-union","12":"tag-fr","13":"tag-france","14":"tag-mont-blanc","15":"tag-news","16":"tag-republique-francaise","17":"tag-ue","18":"tag-union-europeenne"},"share_on_mastodon":{"url":"https:\/\/pubeurope.com\/@fr\/115255380806201759","error":""},"_links":{"self":[{"href":"https:\/\/www.europesays.com\/fr\/wp-json\/wp\/v2\/posts\/412721","targetHints":{"allow":["GET"]}}],"collection":[{"href":"https:\/\/www.europesays.com\/fr\/wp-json\/wp\/v2\/posts"}],"about":[{"href":"https:\/\/www.europesays.com\/fr\/wp-json\/wp\/v2\/types\/post"}],"author":[{"embeddable":true,"href":"https:\/\/www.europesays.com\/fr\/wp-json\/wp\/v2\/users\/2"}],"replies":[{"embeddable":true,"href":"https:\/\/www.europesays.com\/fr\/wp-json\/wp\/v2\/comments?post=412721"}],"version-history":[{"count":0,"href":"https:\/\/www.europesays.com\/fr\/wp-json\/wp\/v2\/posts\/412721\/revisions"}],"wp:featuredmedia":[{"embeddable":true,"href":"https:\/\/www.europesays.com\/fr\/wp-json\/wp\/v2\/media\/412722"}],"wp:attachment":[{"href":"https:\/\/www.europesays.com\/fr\/wp-json\/wp\/v2\/media?parent=412721"}],"wp:term":[{"taxonomy":"category","embeddable":true,"href":"https:\/\/www.europesays.com\/fr\/wp-json\/wp\/v2\/categories?post=412721"},{"taxonomy":"post_tag","embeddable":true,"href":"https:\/\/www.europesays.com\/fr\/wp-json\/wp\/v2\/tags?post=412721"}],"curies":[{"name":"wp","href":"https:\/\/api.w.org\/{rel}","templated":true}]}}