{"id":412725,"date":"2025-09-23T19:59:10","date_gmt":"2025-09-23T19:59:10","guid":{"rendered":"https:\/\/www.europesays.com\/fr\/412725\/"},"modified":"2025-09-23T19:59:10","modified_gmt":"2025-09-23T19:59:10","slug":"poursuivi-par-lfi-pour-injure-publique-raphael-enthoven-tente-le-contre-proces-en-antisemitisme-lhumanite","status":"publish","type":"post","link":"https:\/\/www.europesays.com\/fr\/412725\/","title":{"rendered":"Poursuivi par LFI pour injure publique, Rapha\u00ebl Enthoven tente le contre-proc\u00e8s en \u00ab antis\u00e9mitisme &#8211; L&#039;Humanit\u00e9"},"content":{"rendered":"<ol>\n<li><a href=\"https:\/\/news.google.com\/rss\/articles\/CBMi2wFBVV95cUxQTVVfbWxnNHAzLW5WN29Uby1tTVhWbnB1Y0hKTmJPQTd5Uk8tcVZoZDFCT1VLSlJ5bWpIUDFqVlhmTi1PYjdibGdlQloxMGd1Wm1tdmpuT1hkRlR3d01BMlI1VGxKd0hlYnJPZmRGaDlfbGpaTkY1UmJrNXp2dngwNzhocUdxWXhpN09faW9rbENfZ3ZmNnpKZ2pMbmFreGZkem9yay1HRE9zeUVsenhuR2pvLXRyVHBhWTJKMF9tVF9sNWRxaVBWeEJJTFNYY09FZ19ScjNWS3QzWTA?oc=5\" target=\"_blank\" rel=\"noopener\">Poursuivi par LFI pour injure publique, Rapha\u00ebl Enthoven tente le contre-proc\u00e8s en \u00ab antis\u00e9mitisme<\/a>&nbsp;&nbsp;L&rsquo;Humanit\u00e9<\/li>\n<li><a href=\"https:\/\/news.google.com\/rss\/articles\/CBMi2wFBVV95cUxPVWNSSWd1TEFrVS02M1J5V1hTQkhIbkJtVGJwaHVoSHNDMXh3UWk1aVJRLXhxVVRQQk15b3dEbG9MOFdyOU0zM1RoOHVCWkdOSVUyd05BUThoYzExb2k4SWg3SXFiYTRGQlFuSnVGRUVnLWJReWdNRjR2bEFVcWRoWFQ4bWw3QzhtUFBSeHM2VzZTMmI1bnFhS0p5R0FQYnRNWWwxWU9FbkM4eVE0SHZ0UjZUd2lnTmNINV9jc1E4TTZNMGIxLXVSd2VkYmZYSnRvU3ZEaGtPWFBKZ0U?oc=5\" target=\"_blank\" rel=\"noopener\">\u00ab LFI coche toutes les cases antis\u00e9mites \u00bb : l\u2019avocat de Rapha\u00ebl Enthoven d\u00e9zingue M\u00e9lenchon<\/a>&nbsp;&nbsp;Le Point<\/li>\n<li><a href=\"https:\/\/news.google.com\/rss\/articles\/CBMiuwFBVV95cUxONzVITkoxazVpNFJOZ3RPTW0xQ1duZGZ4VGFza1lhVlRDWnRGOGZxUTlzT3FkTkVoSUcxbENHLUNQb2FaN2d6STlseloybUhFLXo4NUJMUWVFaFJ6Mk1PMUtXbV8zR1YwdVRDbnpyU0JzdEFMUk0tS2drUzRaai1xNHpzMnBsT3lZTTQ1b1lYZ2dqYVdXR3h5aHl2WXpDTU1hUU5GdEFFSkpHOHVDYmVkNXpISFpXWnp1dFpV?oc=5\" target=\"_blank\" rel=\"noopener\">Proc\u00e8s Enthoven : La France insoumise est-elle \u00abpassionn\u00e9ment antis\u00e9mite\u00bb ?<\/a>&nbsp;&nbsp;Le Figaro<\/li>\n<li><a href=\"https:\/\/news.google.com\/rss\/articles\/CBMi6AFBVV95cUxNS056ODNZcFJONmMzaWxJcUE1ZUhjX2pmazZFODgxUzZnSG5YXzgzR19pNU9TdmtCTU9CRzZISU9kYldjZm1QM3p6UnpKQnhPWndIWUZkN2FmUW1VbHQ3bC1nMlE2ZG5zQ2ZaYzFjZnNwWlh6cG9wYnI2ckU2WTczRG50bktJYURld0FFeE40dFhZNHNRX0lKXzFBSjRmMDNFcnRka1ktVk96WFFkcmVNQUY3ZWcydE5IQXFqejVNNjBoU2JJd3NwdlV6eTBKNjY3ckxLalIwTnE5dGt3dUxzU3JpckhOTUtp?oc=5\" target=\"_blank\" rel=\"noopener\">Attaqu\u00e9 en justice, Rapha\u00ebl Enthoven veut faire le proc\u00e8s en antis\u00e9mitisme de LFI<\/a>&nbsp;&nbsp;Lib\u00e9ration<\/li>\n<li><a href=\"https:\/\/news.google.com\/rss\/articles\/CBMi-wFBVV95cUxNNDh0dzh6dVdmaWROYVF5aVdrdEttX3BIQlYydzhjNndKQXkyR1hOeHVQM3loV1RwSmF0VTV1SjVtb2phbHFEcVRubXZ2UXN5YUZWeHlBSmV3eHkza2dpbHRWOU1OQkpnQUZxOGcyVUUxWnBnOHlBM2ZzOXMxMGFuRWJmc25ScDRiTTJBY055X2xyVkIzcHRnbGRlOG03a2V4UDYxV0c2aFNfRjN6UmdER2xvSzQtWm5Lci00Yl9FZF8yOEh1MXNGeUxaZXlkRnh0ZUVnLXNmcHdXSDJySWZWSWhFYkJTbVNTOC01ZktrTjdxdmVTbnR3dGpWTQ?oc=5\" target=\"_blank\" rel=\"noopener\">Rapha\u00ebl Enthoven jug\u00e9 pour \u00ab\u00a0injures publiques\u00a0\u00bb apr\u00e8s avoir qualifi\u00e9 LFI de parti \u00ab\u00a0passionn\u00e9ment antis\u00e9mite\u00a0\u00bb<\/a>&nbsp;&nbsp;BFMTV<\/li>\n<\/ol>\n","protected":false},"excerpt":{"rendered":"Poursuivi par LFI pour injure publique, Rapha\u00ebl Enthoven tente le contre-proc\u00e8s en \u00ab antis\u00e9mitisme&nbsp;&nbsp;L&rsquo;Humanit\u00e9 \u00ab LFI coche toutes&hellip;\n","protected":false},"author":2,"featured_media":412726,"comment_status":"","ping_status":"","sticky":false,"template":"","format":"standard","meta":{"footnotes":""},"categories":[2],"tags":[11,22646,1011,27,2338,12,54350,25],"class_list":{"0":"post-412725","1":"post","2":"type-post","3":"status-publish","4":"format-standard","5":"has-post-thumbnail","7":"category-actualites","8":"tag-actualites","9":"tag-antisu00e9mitisme","10":"tag-fr","11":"tag-france","12":"tag-la-france-insoumise","13":"tag-news","14":"tag-raphau00ebl-enthoven","15":"tag-republique-francaise"},"share_on_mastodon":{"url":"https:\/\/pubeurope.com\/@fr\/115255388954053337","error":""},"_links":{"self":[{"href":"https:\/\/www.europesays.com\/fr\/wp-json\/wp\/v2\/posts\/412725","targetHints":{"allow":["GET"]}}],"collection":[{"href":"https:\/\/www.europesays.com\/fr\/wp-json\/wp\/v2\/posts"}],"about":[{"href":"https:\/\/www.europesays.com\/fr\/wp-json\/wp\/v2\/types\/post"}],"author":[{"embeddable":true,"href":"https:\/\/www.europesays.com\/fr\/wp-json\/wp\/v2\/users\/2"}],"replies":[{"embeddable":true,"href":"https:\/\/www.europesays.com\/fr\/wp-json\/wp\/v2\/comments?post=412725"}],"version-history":[{"count":0,"href":"https:\/\/www.europesays.com\/fr\/wp-json\/wp\/v2\/posts\/412725\/revisions"}],"wp:featuredmedia":[{"embeddable":true,"href":"https:\/\/www.europesays.com\/fr\/wp-json\/wp\/v2\/media\/412726"}],"wp:attachment":[{"href":"https:\/\/www.europesays.com\/fr\/wp-json\/wp\/v2\/media?parent=412725"}],"wp:term":[{"taxonomy":"category","embeddable":true,"href":"https:\/\/www.europesays.com\/fr\/wp-json\/wp\/v2\/categories?post=412725"},{"taxonomy":"post_tag","embeddable":true,"href":"https:\/\/www.europesays.com\/fr\/wp-json\/wp\/v2\/tags?post=412725"}],"curies":[{"name":"wp","href":"https:\/\/api.w.org\/{rel}","templated":true}]}}