{"id":412727,"date":"2025-09-23T20:00:22","date_gmt":"2025-09-23T20:00:22","guid":{"rendered":"https:\/\/www.europesays.com\/fr\/412727\/"},"modified":"2025-09-23T20:00:22","modified_gmt":"2025-09-23T20:00:22","slug":"france-televisions-est-dans-une-situation-financiere-critique-avertit-la-cour-des-comptes-liberation","status":"publish","type":"post","link":"https:\/\/www.europesays.com\/fr\/412727\/","title":{"rendered":"France T\u00e9l\u00e9visions est dans \u00abune situation financi\u00e8re critique\u00bb, avertit la Cour des comptes \u2013 Lib\u00e9ration"},"content":{"rendered":"<p class=\"sc-cPiKLX AiZTS text-element\">Le groupe public France T\u00e9l\u00e9visions est dans \u00ab<a href=\"https:\/\/www.liberation.fr\/idees-et-debats\/tribunes\/le-renforcement-de-laudiovisuel-public-doit-passer-par-un-nouveau-mode-de-financement-plus-egalitaire-20240717_HCJQVEMFONHO5PHTQ4OOIJXYRI\/\" target=\"_blank\" rel=\"noreferrer nofollow noopener\" title=\"https:\/\/www.liberation.fr\/idees-et-debats\/tribunes\/le-renforcement-de-laudiovisuel-public-doit-passer-par-un-nouveau-mode-de-financement-plus-egalitaire-20240717_HCJQVEMFONHO5PHTQ4OOIJXYRI\/\">une situation financi\u00e8re critique<\/a> qui impose sans d\u00e9lai des r\u00e9formes structurelles jusqu\u2019ici ajourn\u00e9es\u00bb, avertit la Cour des comptes\u00a0dans un rapport publi\u00e9 ce mardi 23\u00a0septembre. \u00abLa dynamique des charges de personnel et de fonctionnement ainsi que le poids des investissements n\u00e9cessaires notamment dans le num\u00e9rique rendent aujourd\u2019hui in\u00e9luctables\u00bb des changements dans le groupe pr\u00e9sid\u00e9 par Delphine Ernotte Cunci, juge la Cour, dix\u00a0ans apr\u00e8s un pr\u00e9c\u00e9dent contr\u00f4le. <\/p>\n<p class=\"sc-cPiKLX AiZTS text-element\">L\u2019institution de la rue Cambon ne pointe pas de responsable direct de la situation mais demande que l\u2019Etat fixe \u00e0 l\u2019entreprise \u00abune trajectoire financi\u00e8re r\u00e9aliste\u00bb, apr\u00e8s des \u00aborientations contradictoires\u00bb en\u00a02023 et\u00a02024. L\u2019institution<a href=\"https:\/\/www.liberation.fr\/economie\/reconduit-en-juillet-pierre-moscovici-pourrait-quitter-la-presidence-de-la-cour-des-comptes-plus-vite-que-prevu-20250917_KYABI2K5CJDSZK4DB3A5BGVIBU\/\" target=\"_blank\" rel=\"noreferrer nofollow noopener\" title=\"https:\/\/www.liberation.fr\/economie\/reconduit-en-juillet-pierre-moscovici-pourrait-quitter-la-presidence-de-la-cour-des-comptes-plus-vite-que-prevu-20250917_KYABI2K5CJDSZK4DB3A5BGVIBU\/\"> pr\u00e9sid\u00e9e par Pierre Moscovici<\/a> pr\u00e9conise \u00e9galement que le grand accord social s\u2019appliquant \u00e0 l\u2019entreprise soit ren\u00e9goci\u00e9 \u00abdans les meilleurs d\u00e9lais\u00bb &#8211; ce qui est pr\u00e9vu. <\/p>\n<p class=\"sc-cPiKLX AiZTS text-element\">L\u2019adoption d\u2019un budget 2025 en d\u00e9ficit de 40\u00a0millions d\u2019euros \u00abconfirme l\u2019impasse dans laquelle se trouve aujourd\u2019hui la premi\u00e8re entreprise de l\u2019audiovisuel public\u00bb, malgr\u00e9 des r\u00e9formes depuis une d\u00e9cennie ayant \u00abpermis de d\u00e9gager des marges de man\u0153uvre significatives\u00bb, insistent les \u00absages\u00bb de la rue Cambon. <\/p>\n<p class=\"sc-cPiKLX AiZTS text-element\">Dans un courrier \u00e0 la Cour consult\u00e9 par l\u2019AFP, <a href=\"https:\/\/www.liberation.fr\/idees-et-debats\/editorial\/entre-delphine-ernotte-et-france-televisions-le-plus-dur-reste-a-venir-20250512_OZGPS7AFLRG6TGLCSBC7SY7Q6Q\/\" target=\"_blank\" rel=\"noreferrer nofollow noopener\" title=\"https:\/\/www.liberation.fr\/idees-et-debats\/editorial\/entre-delphine-ernotte-et-france-televisions-le-plus-dur-reste-a-venir-20250512_OZGPS7AFLRG6TGLCSBC7SY7Q6Q\/\">la dirigeante de France T\u00e9l\u00e9, Delphine Ernotte Cunci<\/a> assure en retour que \u00abFrance T\u00e9l\u00e9visions souscrit \u00e0 l\u2019ensemble des recommandations formul\u00e9es\u00bb et \u00abtravaille d\u00e9j\u00e0 \u00e0 leur mise en \u0153uvre\u00bb. <\/p>\n<p class=\"sc-cPiKLX AiZTS text-element\">La dotation publique annuelle \u00e0 France T\u00e9l\u00e9 s\u2019\u00e9l\u00e8ve \u00e0 quelque 2,5\u00a0milliards d\u2019euros, et le groupe compte quelque 9\u00a0000\u00a0salari\u00e9s (\u00e9quivalent temps plein).<\/p>\n<p class=\"sc-cPiKLX AiZTS text-element\">La publication de ce rapport intervient dans un moment o\u00f9 les inqui\u00e9tudes sur la question financi\u00e8re sont vives au sein de la t\u00e9l\u00e9vision publique, par ailleurs vis\u00e9e par <a href=\"https:\/\/www.liberation.fr\/economie\/medias\/audiovisuel-public-apres-son-rejet-par-les-deputes-la-reforme-de-rachida-dati-revient-au-senat-pour-un-vote-sans-suspens-20250710_C74B6656JNFQ3CMZGZRLWTCJN4\/\" target=\"_blank\" rel=\"noreferrer nofollow noopener\" title=\"https:\/\/www.liberation.fr\/economie\/medias\/audiovisuel-public-apres-son-rejet-par-les-deputes-la-reforme-de-rachida-dati-revient-au-senat-pour-un-vote-sans-suspens-20250710_C74B6656JNFQ3CMZGZRLWTCJN4\/\">un projet de r\u00e9forme<\/a> port\u00e9 avec acharnement par la ministre de la Culture d\u00e9missionnaire, <a href=\"https:\/\/www.liberation.fr\/societe\/police-justice\/zero-loyer-prets-sans-interet-virements-bancaires-rachida-dati-et-son-train-de-vie-pas-si-modeste-20240923_SCPPTWMUGVBETIDBSVZ6HNMRNE\/\" target=\"_blank\" rel=\"noreferrer nofollow noopener\" title=\"https:\/\/www.liberation.fr\/societe\/police-justice\/zero-loyer-prets-sans-interet-virements-bancaires-rachida-dati-et-son-train-de-vie-pas-si-modeste-20240923_SCPPTWMUGVBETIDBSVZ6HNMRNE\/\">Rachida Dati<\/a>. <\/p>\n<p class=\"sc-cPiKLX AiZTS text-element\">\u00abIl \u00e9tait pr\u00e9vu\u00bb dans <a href=\"https:\/\/www.liberation.fr\/economie\/budget-2026-apres-la-censure-du-gouvernement-bayrou-et-maintenant-20250909_UXTFFFZOX5AJ7GUNPMPGUHAQSU\/\" target=\"_blank\" rel=\"noreferrer nofollow noopener\" title=\"https:\/\/www.liberation.fr\/economie\/budget-2026-apres-la-censure-du-gouvernement-bayrou-et-maintenant-20250909_UXTFFFZOX5AJ7GUNPMPGUHAQSU\/\">le projet de budget du gouvernement Bayrou<\/a> \u00abde nous demander un effort encore suppl\u00e9mentaire\u00bb, \u00abde l\u2019ordre de 65\u00a0millions\u00bb en\u00a02026, apr\u00e8s 50\u00a0millions en\u00a02025, a soulign\u00e9 vendredi Delphine Ernotte Cunci, lors d\u2019un d\u00e9bat au Festival de la fiction de La\u00a0Rochelle, esp\u00e9rant que le chiffre soit revu \u00e0 la baisse \u00abTout y passe dans les lettres plafonds\u00bb &#8211; les documents transmis par Bercy sur lesquels s\u2019appuie le projet de loi de finances &#8211;\u00a0: \u00abrecul du financement des programmes de flux (hors cr\u00e9ation et information), du sport, des baisses d\u2019effectifs, et aussi \u00abune baisse extr\u00eamement forte sur les engagements de cr\u00e9ation\u00bb, a-t-elle ajout\u00e9. <\/p>\n<p class=\"sc-cPiKLX AiZTS text-element\">Et la patronne de France T\u00e9l\u00e9 d\u2019ajouter\u00a0: \u00abLe secteur n\u2019a jamais v\u00e9cu ce choc \u00e9conomique-l\u00e0\u00bb, alors m\u00eame que l\u2019audiovisuel public \u00abdepuis\u00a02012 n\u2019a pas vu varier ses financements\u00bb en euros constants et \u00aba absorb\u00e9 25\u00a0% d\u2019inflation\u00bb. <\/p>\n<p class=\"sc-cPiKLX AiZTS text-element\">Une baisse d\u2019une soixantaine de millions d\u2019euros en\u00a02026, \u00ab\u00e7a veut dire 85 \u00e9pisodes de 52 minutes, une quarantaine de soir\u00e9es par an, ou, pour le r\u00e9sumer, une case de fiction en moins sur France T\u00e9l\u00e9visions\u00bb donc \u00abc\u2019est vraiment tr\u00e8s grave\u00bb, a appuy\u00e9 Iris Bucher, pr\u00e9sidente du syndicat de producteurs Uspa. <\/p>\n<p class=\"sc-cPiKLX AiZTS text-element\">Le pr\u00e9sident du r\u00e9gulateur de l\u2019audiovisuel (Arcom), Martin Ajdari, a averti sur \u00ables cons\u00e9quences profond\u00e9ment d\u00e9l\u00e9t\u00e8res pour l\u2019ensemble de l\u2019\u00e9cosyst\u00e8me\u00bb de ces coupes budg\u00e9taires, \u00ab\u00e0 la fois trop brutales par leur soudainet\u00e9\u00bb et \u00abpar leur intensit\u00e9\u00bb. M\u00eame Rodolphe Belmer, patron du groupe priv\u00e9 rival TF1, s\u2019est dit \u00abtr\u00e8s mobilis\u00e9 sur ce sujet\u00bb. France T\u00e9l\u00e9 finan\u00e7ant un tiers des programmes de fiction audiovisuelle, il y a un besoin d\u2019\u00abalimenter notre secteur, nos industries cr\u00e9atives\u00bb. <\/p>\n<p class=\"sc-cPiKLX AiZTS text-element\">Dans un entretien au Monde jeudi, <a href=\"https:\/\/www.liberation.fr\/economie\/medias\/affaire-legrand-cohen-cnews-est-une-chaine-dextreme-droite-assene-la-patronne-de-france-televisions-20250918_XMYFQN4SH5GIHGPXLGGUJLJPAY\/\" target=\"_blank\" rel=\"noreferrer nofollow noopener\" title=\"https:\/\/www.liberation.fr\/economie\/medias\/affaire-legrand-cohen-cnews-est-une-chaine-dextreme-droite-assene-la-patronne-de-france-televisions-20250918_XMYFQN4SH5GIHGPXLGGUJLJPAY\/\">Delphine Ernotte Cunci<\/a> avait fait le lien entre financement et \u00abind\u00e9pendance de l\u2019audiovisuel public\u00bb. \u00abLorsque je discute avec mes coll\u00e8gues europ\u00e9ens, les seuls qui comprennent vraiment la situation sont la Su\u00e8de et l\u2019Ukraine\u00bb o\u00f9 \u00abVolodymyr Zelensky, qui manque de tout, n\u2019a pas coup\u00e9 les cr\u00e9dits de l\u2019audiovisuel public\u00bb, avait-elle relev\u00e9. <\/p>\n","protected":false},"excerpt":{"rendered":"Le groupe public France T\u00e9l\u00e9visions est dans \u00abune situation financi\u00e8re critique qui impose sans d\u00e9lai des r\u00e9formes structurelles&hellip;\n","protected":false},"author":2,"featured_media":412728,"comment_status":"","ping_status":"","sticky":false,"template":"","format":"standard","meta":{"footnotes":""},"categories":[4],"tags":[11,54351,1011,27,2400,12,25],"class_list":{"0":"post-412727","1":"post","2":"type-post","3":"status-publish","4":"format-standard","5":"has-post-thumbnail","7":"category-france","8":"tag-actualites","9":"tag-cour-comptes","10":"tag-fr","11":"tag-france","12":"tag-france-televisions","13":"tag-news","14":"tag-republique-francaise"},"share_on_mastodon":{"url":"https:\/\/pubeurope.com\/@fr\/115255392665680580","error":""},"_links":{"self":[{"href":"https:\/\/www.europesays.com\/fr\/wp-json\/wp\/v2\/posts\/412727","targetHints":{"allow":["GET"]}}],"collection":[{"href":"https:\/\/www.europesays.com\/fr\/wp-json\/wp\/v2\/posts"}],"about":[{"href":"https:\/\/www.europesays.com\/fr\/wp-json\/wp\/v2\/types\/post"}],"author":[{"embeddable":true,"href":"https:\/\/www.europesays.com\/fr\/wp-json\/wp\/v2\/users\/2"}],"replies":[{"embeddable":true,"href":"https:\/\/www.europesays.com\/fr\/wp-json\/wp\/v2\/comments?post=412727"}],"version-history":[{"count":0,"href":"https:\/\/www.europesays.com\/fr\/wp-json\/wp\/v2\/posts\/412727\/revisions"}],"wp:featuredmedia":[{"embeddable":true,"href":"https:\/\/www.europesays.com\/fr\/wp-json\/wp\/v2\/media\/412728"}],"wp:attachment":[{"href":"https:\/\/www.europesays.com\/fr\/wp-json\/wp\/v2\/media?parent=412727"}],"wp:term":[{"taxonomy":"category","embeddable":true,"href":"https:\/\/www.europesays.com\/fr\/wp-json\/wp\/v2\/categories?post=412727"},{"taxonomy":"post_tag","embeddable":true,"href":"https:\/\/www.europesays.com\/fr\/wp-json\/wp\/v2\/tags?post=412727"}],"curies":[{"name":"wp","href":"https:\/\/api.w.org\/{rel}","templated":true}]}}