{"id":412731,"date":"2025-09-23T20:03:12","date_gmt":"2025-09-23T20:03:12","guid":{"rendered":"https:\/\/www.europesays.com\/fr\/412731\/"},"modified":"2025-09-23T20:03:12","modified_gmt":"2025-09-23T20:03:12","slug":"et-si-le-rugby-avait-son-ballon-dor-le-vainqueur-en-2025-serait","status":"publish","type":"post","link":"https:\/\/www.europesays.com\/fr\/412731\/","title":{"rendered":"Et si le rugby avait son ballon d&rsquo;or, le vainqueur en 2025 serait&#8230;"},"content":{"rendered":"<p>            Par<br \/>\n        <strong><br \/>\n            <a href=\"https:\/\/actu.fr\/auteur\/clement-mazella\" title=\"Consulter tous les articles de Cl\u00e9ment Mazella\" rel=\"nofollow noopener\" target=\"_blank\">Cl\u00e9ment Mazella<\/a><br \/>\n        <\/strong><\/p>\n<p>        Publi\u00e9 le<\/p>\n<p>            23 sept. 2025 \u00e0 19h25        <\/p>\n<p>Lundi soir, tout <a href=\"https:\/\/actu.fr\/paris\/\" rel=\"nofollow noopener\" target=\"_blank\">Paris<\/a> \u00e9tait en effervescence pour la c\u00e9r\u00e9monie du ballon d\u2019or. Une nuit de folie, avec <a href=\"https:\/\/actu.fr\/ile-de-france\/paris_75056\/sacre-ballon-d-or-2025-le-joueur-du-psg-ousmane-dembele-entre-dans-le-pantheon-du-football-francais_63195543.html\" rel=\"nofollow noopener\" target=\"_blank\">la cons\u00e9cration du Fran\u00e7ais Ousmane Demb\u00e9l\u00e9<\/a>. Un tel prix, le <strong>rugby<\/strong> ne l\u2019a pas. World Rugby organise bien ses <a href=\"https:\/\/actu.fr\/sports\/rugby\/pro\/world-rugby-awards-dupont-meilleur-joueur-a-7-du-monde-6-francais-recompenses-voici-le-palmares-complet_61910050.html\" rel=\"nofollow noopener\" target=\"_blank\">World Rugby Awards<\/a>, mais le laur\u00e9at, choisi, ne l\u2019est que pour ses performances lors des matchs internationaux, au contraire du ballon d\u2019or, qui prend en compte toutes les comp\u00e9titions disput\u00e9es. <a href=\"https:\/\/actu.fr\/rugby\/\" rel=\"nofollow noopener\" target=\"_blank\">Actu Rugby<\/a> a rem\u00e9di\u00e9 \u00e0 cela : place d\u00e9sormais au <strong>ballon d\u2019or ovale<\/strong>. La remise du prix a eu lieu ce mardi 23 septembre. R\u00e9cit fiction d\u2019une c\u00e9r\u00e9monie qui restera dans les m\u00e9moires.<\/p>\n<p>Et si le rugby avait son ballon d\u2019or\u2026<\/p>\n<p class=\" wall-content\">Pourquoi seul le football aurait son ballon d\u2019or ? Les stars, le prestige, les strass et paillettes, le rugby l\u2019ambitionne aussi. Parce qu\u2019il faut r\u00eaver plus grand. Actu Rugby s\u2019est alors retrouss\u00e9 les manches pour organiser cet \u00e9v\u00e8nement \u00e0 la sauce rugby. Canal + a accept\u00e9 de collaborer pour g\u00e9n\u00e9rer la plus grande f\u00eate du ballon ovale de la plan\u00e8te.<\/p>\n<p class=\" wall-content\">Le lieu : le coll\u00e8ge du Warwickshire dans la ville de Rugby en Angleterre, pardi. Non pas pour la gastronomie locale, mais bien parce que c\u2019est de l\u00e0 que tout est parti en 1823. Il ne pourrait en \u00eatre autrement. \u00c0 la pr\u00e9sentation : le duo <a href=\"https:\/\/actu.fr\/sports\/rugby\/top-14\/les-innovations-de-canal-sa-methode-son-annee-au-crc-les-confidences-d-astrid-bard_61214982.html\" rel=\"nofollow noopener\" target=\"_blank\">Astrid Bard<\/a>\u2013<a href=\"https:\/\/x.com\/OvaleMasque\" rel=\"nofollow\">Ovale Masqu\u00e9<\/a>, parfait m\u00e9lange entre professionnalisme journalistique, glamour et bonne dose d\u2019humour. Rien de pire qu\u2019une soir\u00e9e \u00ab\u00a0pompeuse \u00e0 souhait\u00a0\u00bb, o\u00f9 tous les invit\u00e9s resteraient coinc\u00e9s dans leur costume 3 pi\u00e8ces et leurs richelieus Herm\u00e8s qui ne prennent l\u2019air qu\u2019une fois par an.<\/p>\n<p class=\" wall-content\">Pas besoin d\u2019influenceurs et autres instagrammers pour faire grandir la hype autour de l\u2019\u00e9v\u00e9nement. Celui-ci est tellement historique que les innombrables invit\u00e9s \u2013 allant de Dan Carter, Richie McCaw, Nigel Owens, Derek Bevan (\u00e0 qui on a demand\u00e9 s\u2019il avait toujours son chronom\u00e8tre en or du Mondial sud-africain en 1995) \u00e0 Philipe Sella, en passant par Georges Clooney, Dwayne Johnson, Pierre Niney, Kad Merad et Patrick S\u00e9bastien, mais aussi le Pr\u00e9sident Macron et le Prince Albert II de Monaco, sans oublier bien s\u00fbr Iris Mittenaere \u2013 ont r\u00e9pondu favorablement, se pressant d\u2019assister au nouvel \u00e9v\u00e9nement phare du rugby. Cela tombe bien aussi : aucun match, pas m\u00eame un Classico Toulouse-Stade Fran\u00e7ais, n\u2019est au programme ce mardi soir.\u00a0<\/p>\n<p>Savea, Ramos, Jalibert, Kolbe parmi les nomm\u00e9s<\/p>\n<p class=\" wall-content\">Si cette premi\u00e8re soir\u00e9e du \u00ab\u00a0ballon d\u2019or ovale\u00a0\u00bb fait tant saliver, c\u2019est que la liste des nomm\u00e9s p\u00e8se tr\u00e8s, tr\u00e8s lourd. Les All Blacks <strong>Ardie Savea<\/strong> et <strong>Jordie Barrett<\/strong>, ainsi que le Sud-Africain <strong>Cheslin Kolbe<\/strong> y sont \u00e9videmment, tout comme l\u2019Irlandais <strong>Caelan Doris<\/strong>, la teigne anglaise <strong>Henry Pollock<\/strong>, l\u2019Anglais de Toulouse <strong>Jack Willis<\/strong> et les Fran\u00e7ais \u2013 en toute objectivit\u00e9, bien entendu \u2013 <strong>Thomas Ramos, Matthieu Jalibert, Louis Bielle-Biarrey <\/strong>et<strong> Fran\u00e7ois Cros<\/strong> (oui, les hommes de l\u2019ombre doivent aussi \u00eatre mis en lumi\u00e8re).<\/p>\n<p class=\" wall-content\">Les votes ? Un carton. Tous les internationaux, d\u2019hier et d\u2019aujourd\u2019hui, mais aussi les pros actuels et pass\u00e9s, avaient la possibilit\u00e9 de s\u2019exprimer. Les serveurs ont chauff\u00e9, mais <a href=\"https:\/\/actu.fr\/sports\/rugby\/pro\/coupe-du-monde-2023-la-billetterie-prise-d-assaut-et-vite-saturee-des-bugs-signales_40230364.html\" rel=\"nofollow noopener\" target=\"_blank\">l\u2019exp\u00e9rience tr\u00e8s mitig\u00e9e pour la Coupe du monde 2023<\/a> a \u00e9t\u00e9 retenue \u00e0 la perfection : aucun plantage et une file d\u2019attente qui n\u2019a pas d\u00e9pass\u00e9 les 5 minutes. R\u00e9sultats : plus de 50000 votes. De quoi donner une vraie et belle l\u00e9gitimit\u00e9 au vainqueur.<\/p>\n<p>Et le vainqueur est\u2026<\/p>\n<p class=\" wall-content\">Alors, qui est le vainqueur ? Le suspense a longtemps \u00e9t\u00e9 \u00e0 son comble, et pour d\u00e9tendre tout le monde, Ovale Masqu\u00e9 s\u2019est charg\u00e9 de sortir ses meilleures vannes et ses plus beaux bijoux (pas de famille, cela va de soi) <a href=\"https:\/\/actu.fr\/auteur\/ovalemasque\" rel=\"nofollow noopener\" target=\"_blank\">parus sur Actu Rugby<\/a>. Certains nomm\u00e9s (on ne dira pas lesquels) se sont d\u00e9rid\u00e9s, se rappelant que le principal \u00e9tait de participer (pens\u00e9e pour le baron Pierre de Courbertin) et qu\u2019ils prenaient part \u00e0 une soir\u00e9e de l\u00e9gende.<\/p>\n<p class=\" wall-content\">Et donc, le vainqueur ? On rappelle que tous les matchs et toutes les performances \u00e9taient pris en compte. Roulement de tambours\u2026 Le r\u00e9sultat est formel : comme avec Ousmane Demb\u00e9l\u00e9 pour le football, c\u2019est l\u2019ann\u00e9e de la France en rugby.<\/p>\n<p>Votre r\u00e9gion, votre actu !<\/p>\n<p>Recevez chaque jour les infos qui comptent pour vous.<\/p>\n<p>\t<a href=\"https:\/\/actu.fr\/newsletter\" class=\"ac-btn ac-btn--corner ac-btn--medium ac-btn--blue800\" rel=\"nofollow noopener\" target=\"_blank\">S&rsquo;incrire<\/a><\/p>\n<p class=\" wall-content\">Nouveau co-recordman d\u2019essais (8) sur une \u00e9dition et meilleur joueur du Tournoi des 6 Nations 2025, champion d\u2019Europe et auteur de 33 r\u00e9alisations en 30 matchs sur la saison, Louis Bielle-Biarrey finit 3e. Devant lui, son co\u00e9quipier <a href=\"https:\/\/actu.fr\/tag\/matthieu-jalibert\" rel=\"nofollow noopener\" target=\"_blank\">Matthieu Jalibert<\/a>, fantastique en club, imp\u00e9rial dans l\u2019animation du jeu, mais \u00e0 qui il a simplement manqu\u00e9 une petite r\u00e9f\u00e9rence avec le XV de France.\u00a0<\/p>\n<p class=\" wall-content\">Le number one ? L\u2019\u00e9lu de tous ? <a href=\"https:\/\/actu.fr\/tag\/thomas-ramos\" rel=\"nofollow noopener\" target=\"_blank\">Thomas Ramos<\/a>. 28 matchs, tous titulaires, et un pied d\u2019une pr\u00e9cision extr\u00eame. Il est devenu le meilleur r\u00e9alisateur de l\u2019histoire du XV de France, et a r\u00e9alis\u00e9 une <a href=\"https:\/\/actu.fr\/sports\/rugby\/xv-de-france\/rugby-cette-prouesse-totalement-passee-inapercue-realisee-par-thomas-ramos_62382374.html#:~:text=Ramos%2C%203%20fois%20meilleur%20r%C3%A9alisateur,performances%20de%202023%20et%202024.\" rel=\"nofollow noopener\" target=\"_blank\">performance unique<\/a> dans le cadre du Tournoi des 6 Nations, \u00e9tant LE grand artisan de la victoire finale des Bleus. En club, il a pris la place d\u2019Antoine Dupont pour guider Toulouse vers <a href=\"https:\/\/actu.fr\/occitanie\/toulouse_31555\/immortel-toulouse-un-24e-brennus-obtenu-face-a-bordeaux-ce-qui-nous-a-plu-et-deplu_62840575.html\" rel=\"nofollow noopener\" target=\"_blank\">un nouveau Brennus<\/a>. En Coupe d\u2019Europe, son absence a pes\u00e9 tr\u00e8s lourd en demi-finale contre l\u2019UBB, son \u00e9quipe manquant d\u2019un leader offensif.<\/p>\n<p>    <img   decoding=\"async\" loading=\"lazy\" src=\"https:\/\/www.europesays.com\/fr\/wp-content\/uploads\/2025\/09\/thomas-ramos-meilleur-realisateur-xv-de-france-rugby-960x640.jpg\" alt=\"Thomas Ramos dans la l\u00e9gende du XV de France en d\u00e9passant Fr\u00e9d\u00e9ric Michalak. \" width=\"960\" height=\"640\"\/><br \/>\n    La saison 2024-2025, c\u2019est celle de Thomas Ramos ! (\u00a9iconsport)<\/p>\n<p class=\" wall-content\">Ceci n\u2019est qu\u2019une fiction bien s\u00fbr (quoique, on est un brin chauvin, et il ne serait pas absurde qu\u2019un Fran\u00e7ais remporte la premi\u00e8re \u00e9dition du ballon d\u2019or ovale). Et vous, qui serait votre vainqueur de l\u2019ann\u00e9e 2025 ? On attend vos r\u00e9ponses sur <a href=\"https:\/\/x.com\/acturugby\" rel=\"nofollow\">X<\/a> ou <a href=\"https:\/\/www.facebook.com\/ActuRugby\" rel=\"nofollow noopener\" target=\"_blank\">Facebook<\/a>.<\/p>\n<p class=\" wall-content\">Personnalisez votre actualit\u00e9 en ajoutant vos villes et m\u00e9dias en favori avec <a href=\"https:\/\/moncompte.actu.fr\" title=\"D\u00e9couvez Mon Actu\" rel=\"nofollow noopener\" data-trk=\"{&quot;cta&quot;:{&quot;action&quot;:&quot;https:\\\/\\\/moncompte.actu.fr&quot;,&quot;category&quot;:&quot;mon compte&quot;,&quot;from&quot;:&quot;article footer&quot;,&quot;name&quot;:&quot;Mon actu&quot;,&quot;type&quot;:&quot;cta&quot;}}\" target=\"_blank\">Mon Actu<\/a>.<\/p>\n","protected":false},"excerpt":{"rendered":"Par Cl\u00e9ment Mazella Publi\u00e9 le 23 sept. 2025 \u00e0 19h25 Lundi soir, tout Paris \u00e9tait en effervescence pour&hellip;\n","protected":false},"author":2,"featured_media":412732,"comment_status":"","ping_status":"","sticky":false,"template":"","format":"standard","meta":{"footnotes":""},"categories":[1416],"tags":[12116,1011,27,2947,479,1468,60,478],"class_list":{"0":"post-412731","1":"post","2":"type-post","3":"status-publish","4":"format-standard","5":"has-post-thumbnail","7":"category-rugby","8":"tag-ffr","9":"tag-fr","10":"tag-france","11":"tag-lnr","12":"tag-rugby","13":"tag-rugby-football","14":"tag-sports","15":"tag-top-14"},"share_on_mastodon":{"url":"https:\/\/pubeurope.com\/@fr\/115255404383466763","error":""},"_links":{"self":[{"href":"https:\/\/www.europesays.com\/fr\/wp-json\/wp\/v2\/posts\/412731","targetHints":{"allow":["GET"]}}],"collection":[{"href":"https:\/\/www.europesays.com\/fr\/wp-json\/wp\/v2\/posts"}],"about":[{"href":"https:\/\/www.europesays.com\/fr\/wp-json\/wp\/v2\/types\/post"}],"author":[{"embeddable":true,"href":"https:\/\/www.europesays.com\/fr\/wp-json\/wp\/v2\/users\/2"}],"replies":[{"embeddable":true,"href":"https:\/\/www.europesays.com\/fr\/wp-json\/wp\/v2\/comments?post=412731"}],"version-history":[{"count":0,"href":"https:\/\/www.europesays.com\/fr\/wp-json\/wp\/v2\/posts\/412731\/revisions"}],"wp:featuredmedia":[{"embeddable":true,"href":"https:\/\/www.europesays.com\/fr\/wp-json\/wp\/v2\/media\/412732"}],"wp:attachment":[{"href":"https:\/\/www.europesays.com\/fr\/wp-json\/wp\/v2\/media?parent=412731"}],"wp:term":[{"taxonomy":"category","embeddable":true,"href":"https:\/\/www.europesays.com\/fr\/wp-json\/wp\/v2\/categories?post=412731"},{"taxonomy":"post_tag","embeddable":true,"href":"https:\/\/www.europesays.com\/fr\/wp-json\/wp\/v2\/tags?post=412731"}],"curies":[{"name":"wp","href":"https:\/\/api.w.org\/{rel}","templated":true}]}}