{"id":412735,"date":"2025-09-23T20:07:14","date_gmt":"2025-09-23T20:07:14","guid":{"rendered":"https:\/\/www.europesays.com\/fr\/412735\/"},"modified":"2025-09-23T20:07:14","modified_gmt":"2025-09-23T20:07:14","slug":"martin-veut-passer-la-vitesse-superieure-au-japon","status":"publish","type":"post","link":"https:\/\/www.europesays.com\/fr\/412735\/","title":{"rendered":"Martin veut passer la vitesse sup\u00e9rieure au Japon"},"content":{"rendered":"<p>&#13;<\/p>\n<p><strong>Le pilote Aprilia vise un vrai tournant \u00e0 Motegi apr\u00e8s un test \u00ab\u00a0tr\u00e8s positif\u00a0\u00bb \u00e0 Misano.<\/strong><\/p>\n<p>Jorge Martin arrive au Japon avec l&rsquo;envie de tourner la page de la phase d\u2019adaptation et se concentrer sur la performance. Si ses d\u00e9buts chez Aprilia ont \u00e9t\u00e9 marqu\u00e9s par une n\u00e9cessaire prise en main, le test \u00e0 Misano semble avoir marqu\u00e9 un cap. \u00ab Le test de Misano a \u00e9t\u00e9 extr\u00eamement positif, a-t-il d\u00e9clar\u00e9. On a beaucoup travaill\u00e9 et franchi une \u00e9tape int\u00e9ressante sur l\u2019ergonomie. Jusqu\u2019\u00e0 maintenant, c\u2019\u00e9tait surtout une phase d\u2019adaptation, presque une pr\u00e9-saison, mais d\u00e9sormais je veux me focaliser sur la vitesse et la performance. \u00bb<\/p>\n<p>D\u00e9j\u00e0 plus \u00e0 l\u2019aise lors du Grand Prix de Saint-Marin, le champion du monde veut capitaliser sur cette progression pour viser haut \u00e0 Motegi, un trac\u00e9 qui lui a d\u00e9j\u00e0 r\u00e9ussi par le pass\u00e9 (doubl\u00e9 en 2023) : \u00ab La course de Misano m\u2019a permis de me rapprocher de l\u2019objectif, m\u00eame s\u2019il reste encore pas mal de travail. On doit continuer \u00e0 progresser, et ce sera notre obsession jusqu\u2019\u00e0 la fin de la saison. \u00bb<\/p>\n<p>&#13;<br \/>\n           &#13;<br \/>\n&#13;<br \/>\n    &#13;<br \/>\n    &#13;<\/p>\n","protected":false},"excerpt":{"rendered":"&#13; Le pilote Aprilia vise un vrai tournant \u00e0 Motegi apr\u00e8s un test \u00ab\u00a0tr\u00e8s positif\u00a0\u00bb \u00e0 Misano. Jorge&hellip;\n","protected":false},"author":2,"featured_media":412736,"comment_status":"","ping_status":"","sticky":false,"template":"","format":"standard","meta":{"footnotes":""},"categories":[1413],"tags":[1011,27,1457,1456,60],"class_list":{"0":"post-412735","1":"post","2":"type-post","3":"status-publish","4":"format-standard","5":"has-post-thumbnail","7":"category-moto","8":"tag-fr","9":"tag-france","10":"tag-moto","11":"tag-motocycle","12":"tag-sports"},"share_on_mastodon":{"url":"https:\/\/pubeurope.com\/@fr\/115255420166356725","error":""},"_links":{"self":[{"href":"https:\/\/www.europesays.com\/fr\/wp-json\/wp\/v2\/posts\/412735","targetHints":{"allow":["GET"]}}],"collection":[{"href":"https:\/\/www.europesays.com\/fr\/wp-json\/wp\/v2\/posts"}],"about":[{"href":"https:\/\/www.europesays.com\/fr\/wp-json\/wp\/v2\/types\/post"}],"author":[{"embeddable":true,"href":"https:\/\/www.europesays.com\/fr\/wp-json\/wp\/v2\/users\/2"}],"replies":[{"embeddable":true,"href":"https:\/\/www.europesays.com\/fr\/wp-json\/wp\/v2\/comments?post=412735"}],"version-history":[{"count":0,"href":"https:\/\/www.europesays.com\/fr\/wp-json\/wp\/v2\/posts\/412735\/revisions"}],"wp:featuredmedia":[{"embeddable":true,"href":"https:\/\/www.europesays.com\/fr\/wp-json\/wp\/v2\/media\/412736"}],"wp:attachment":[{"href":"https:\/\/www.europesays.com\/fr\/wp-json\/wp\/v2\/media?parent=412735"}],"wp:term":[{"taxonomy":"category","embeddable":true,"href":"https:\/\/www.europesays.com\/fr\/wp-json\/wp\/v2\/categories?post=412735"},{"taxonomy":"post_tag","embeddable":true,"href":"https:\/\/www.europesays.com\/fr\/wp-json\/wp\/v2\/tags?post=412735"}],"curies":[{"name":"wp","href":"https:\/\/api.w.org\/{rel}","templated":true}]}}