{"id":412744,"date":"2025-09-23T20:13:23","date_gmt":"2025-09-23T20:13:23","guid":{"rendered":"https:\/\/www.europesays.com\/fr\/412744\/"},"modified":"2025-09-23T20:13:23","modified_gmt":"2025-09-23T20:13:23","slug":"valence-un-1er-prix-litteraire-pour-christophe-wojcik","status":"publish","type":"post","link":"https:\/\/www.europesays.com\/fr\/412744\/","title":{"rendered":"Valence. Un 1er \u00a0 prix litt\u00e9raire pour Christophe Wojcik"},"content":{"rendered":"<p>Le troisi\u00e8me livre <a href=\"https:\/\/www.ledauphine.com\/culture-loisirs\/2025\/02\/12\/ca-a-ete-un-travail-riche-d-impregnation-avec-son-troisieme-livre-christophe-wojcik-fait-parler-le-silence\" target=\"_blank\" rel=\"noopener\">de Christophe Wojcik<\/a> est visiblement un bon cru. Cent minutes de silence vaut \u00e0 l\u2019auteur valentinois le prix Albert-Bichot, qui sera remis ce vendredi 26\u00a0septembre dans le cadre de la 18e\u00a0 f\u00eate Livres en vignes. L\u2019\u00e9v\u00e9nement rassemble durant deux jours une centaine d\u2019\u00e9crivains au c\u0153ur du vignoble bourguignon, dans le ch\u00e2teau du Clos de Vougeot. Il s\u2019agit de la premi\u00e8re r\u00e9compense litt\u00e9raire que recevra le directeur de cabinet de la Ville de Valence et de l\u2019Agglo. Le roman noir, paru aux \u00e9ditions H\u00e9lo\u00efse d\u2019Ormesson, est le troisi\u00e8me de sa collection.<\/p>\n","protected":false},"excerpt":{"rendered":"Le troisi\u00e8me livre de Christophe Wojcik est visiblement un bon cru. Cent minutes de silence vaut \u00e0 l\u2019auteur&hellip;\n","protected":false},"author":2,"featured_media":412745,"comment_status":"","ping_status":"","sticky":false,"template":"","format":"standard","meta":{"footnotes":""},"categories":[1357],"tags":[1379,1687,58,2735,59,1011,27,1380,2410,2733,2734],"class_list":{"0":"post-412744","1":"post","2":"type-post","3":"status-publish","4":"format-standard","5":"has-post-thumbnail","7":"category-livres","8":"tag-books","9":"tag-culture-loisirs","10":"tag-divertissement","11":"tag-edition-valence-rhone-crussol-vallee-de-la-drome","12":"tag-entertainment","13":"tag-fr","14":"tag-france","15":"tag-livres","16":"tag-livres-bd","17":"tag-valence","18":"tag-valence-bassin"},"share_on_mastodon":{"url":"https:\/\/pubeurope.com\/@fr\/115255443745299491","error":""},"_links":{"self":[{"href":"https:\/\/www.europesays.com\/fr\/wp-json\/wp\/v2\/posts\/412744","targetHints":{"allow":["GET"]}}],"collection":[{"href":"https:\/\/www.europesays.com\/fr\/wp-json\/wp\/v2\/posts"}],"about":[{"href":"https:\/\/www.europesays.com\/fr\/wp-json\/wp\/v2\/types\/post"}],"author":[{"embeddable":true,"href":"https:\/\/www.europesays.com\/fr\/wp-json\/wp\/v2\/users\/2"}],"replies":[{"embeddable":true,"href":"https:\/\/www.europesays.com\/fr\/wp-json\/wp\/v2\/comments?post=412744"}],"version-history":[{"count":0,"href":"https:\/\/www.europesays.com\/fr\/wp-json\/wp\/v2\/posts\/412744\/revisions"}],"wp:featuredmedia":[{"embeddable":true,"href":"https:\/\/www.europesays.com\/fr\/wp-json\/wp\/v2\/media\/412745"}],"wp:attachment":[{"href":"https:\/\/www.europesays.com\/fr\/wp-json\/wp\/v2\/media?parent=412744"}],"wp:term":[{"taxonomy":"category","embeddable":true,"href":"https:\/\/www.europesays.com\/fr\/wp-json\/wp\/v2\/categories?post=412744"},{"taxonomy":"post_tag","embeddable":true,"href":"https:\/\/www.europesays.com\/fr\/wp-json\/wp\/v2\/tags?post=412744"}],"curies":[{"name":"wp","href":"https:\/\/api.w.org\/{rel}","templated":true}]}}