{"id":412763,"date":"2025-09-23T20:23:09","date_gmt":"2025-09-23T20:23:09","guid":{"rendered":"https:\/\/www.europesays.com\/fr\/412763\/"},"modified":"2025-09-23T20:23:09","modified_gmt":"2025-09-23T20:23:09","slug":"mort-de-lhomme-daffaires-ziad-takieddine-lentremetteur-de-la-droite-francaise-liberation","status":"publish","type":"post","link":"https:\/\/www.europesays.com\/fr\/412763\/","title":{"rendered":"Mort de l\u2019homme d\u2019affaires Ziad Takieddine, l\u2019entremetteur de la droite fran\u00e7aise \u2013 Lib\u00e9ration"},"content":{"rendered":"<p class=\"sc-cPiKLX AiZTS text-element\">Dr\u00f4le de fin pour l\u2019homme d\u2019affaires franco-libanais Ziad Takieddine, mort mardi 23 septembre dans un h\u00f4pital de Beyrouth, selon une information <a href=\"https:\/\/www.lepoint.fr\/monde\/ziad-takieddine-personnage-cle-des-affaires-libyennes-est-mort-23-09-2025-2599438_24.php\" target=\"_blank\" rel=\"noopener\" title=\"https:\/\/www.lepoint.fr\/monde\/ziad-takieddine-personnage-cle-des-affaires-libyennes-est-mort-23-09-2025-2599438_24.php\">du Point<\/a>, confirm\u00e9e par l\u2019AFP. Il y avait fui la justice apr\u00e8s une condamnation \u00e0 cinq ans de prison dans un dossier de corruption politique, li\u00e9e aux grands contrats d\u2019armement des ann\u00e9es Balladur, l\u2019affaire Karachi. Il aurait d\u00fb figurer jeudi sur le banc des pr\u00e9venus, aux c\u00f4t\u00e9s de Nicolas Sarkozy, Brice Hortefeux, Claude Gu\u00e9ant et autres, pour \u00e9couter le d\u00e9lib\u00e9r\u00e9 du tribunal correctionnel de Paris dans l\u2019affaire du financement libyen de la campagne pr\u00e9sidentielle victorieuse de Nicolas Sarkozy en 2007. <\/p>\n<p class=\"sc-cPiKLX AiZTS text-element\">Dr\u00f4le de personnage que ce Takieddine, qui ne saura jamais s\u2019il aurait \u00e9t\u00e9 condamn\u00e9 ou relax\u00e9 pour son r\u00f4le d\u2019homme de l\u2019ombre aupr\u00e8s de l\u2019ex-Pr\u00e9sident et de son clan. L\u2019homme a vari\u00e9 dans ses affirmations depuis le d\u00e9but de l\u2019affaire, apr\u00e8s que des hi\u00e9rarques libyens ont commenc\u00e9 en 2011 \u00e0 \u00e9voquer le sujet, puis que <a href=\"https:\/\/www.mediapart.fr\/journal\/france\/dossier\/l-argent-libyen-de-sarkozy\" target=\"_blank\" rel=\"noopener\" title=\"https:\/\/www.mediapart.fr\/journal\/france\/dossier\/l-argent-libyen-de-sarkozy\">Mediapart<\/a> a publi\u00e9 en 2012 un <\/p>\n","protected":false},"excerpt":{"rendered":"Dr\u00f4le de fin pour l\u2019homme d\u2019affaires franco-libanais Ziad Takieddine, mort mardi 23 septembre dans un h\u00f4pital de Beyrouth,&hellip;\n","protected":false},"author":2,"featured_media":412764,"comment_status":"","ping_status":"","sticky":false,"template":"","format":"standard","meta":{"footnotes":""},"categories":[4],"tags":[11,1011,27,12404,4367,12,25,5062],"class_list":{"0":"post-412763","1":"post","2":"type-post","3":"status-publish","4":"format-standard","5":"has-post-thumbnail","7":"category-france","8":"tag-actualites","9":"tag-fr","10":"tag-france","11":"tag-liban","12":"tag-libye","13":"tag-news","14":"tag-republique-francaise","15":"tag-sarkozy-face-a-la-justice"},"share_on_mastodon":{"url":"https:\/\/pubeurope.com\/@fr\/115255483118394714","error":""},"_links":{"self":[{"href":"https:\/\/www.europesays.com\/fr\/wp-json\/wp\/v2\/posts\/412763","targetHints":{"allow":["GET"]}}],"collection":[{"href":"https:\/\/www.europesays.com\/fr\/wp-json\/wp\/v2\/posts"}],"about":[{"href":"https:\/\/www.europesays.com\/fr\/wp-json\/wp\/v2\/types\/post"}],"author":[{"embeddable":true,"href":"https:\/\/www.europesays.com\/fr\/wp-json\/wp\/v2\/users\/2"}],"replies":[{"embeddable":true,"href":"https:\/\/www.europesays.com\/fr\/wp-json\/wp\/v2\/comments?post=412763"}],"version-history":[{"count":0,"href":"https:\/\/www.europesays.com\/fr\/wp-json\/wp\/v2\/posts\/412763\/revisions"}],"wp:featuredmedia":[{"embeddable":true,"href":"https:\/\/www.europesays.com\/fr\/wp-json\/wp\/v2\/media\/412764"}],"wp:attachment":[{"href":"https:\/\/www.europesays.com\/fr\/wp-json\/wp\/v2\/media?parent=412763"}],"wp:term":[{"taxonomy":"category","embeddable":true,"href":"https:\/\/www.europesays.com\/fr\/wp-json\/wp\/v2\/categories?post=412763"},{"taxonomy":"post_tag","embeddable":true,"href":"https:\/\/www.europesays.com\/fr\/wp-json\/wp\/v2\/tags?post=412763"}],"curies":[{"name":"wp","href":"https:\/\/api.w.org\/{rel}","templated":true}]}}