{"id":412780,"date":"2025-09-23T20:33:21","date_gmt":"2025-09-23T20:33:21","guid":{"rendered":"https:\/\/www.europesays.com\/fr\/412780\/"},"modified":"2025-09-23T20:33:21","modified_gmt":"2025-09-23T20:33:21","slug":"une-enquete-lancee-a-montpellier-sur-des-violences-attribuees-a-lultra-droite-par-le-maire","status":"publish","type":"post","link":"https:\/\/www.europesays.com\/fr\/412780\/","title":{"rendered":"une enqu\u00eate lanc\u00e9e \u00e0 Montpellier sur des violences attribu\u00e9es \u00e0 l&rsquo;ultra droite par le maire"},"content":{"rendered":"<p>En marge de la manifestation syndicale du 18 septembre, des individus auraient violemment agress\u00e9 plusieurs personnes sur la place des Beaux-Arts.<\/p>\n<p class=\"fig-paragraph\">Le procureur de\u00a0<a href=\"http:\/\/www.lefigaro.fr\/faits-divers\/montpellier-14-ans-de-prison-requis-contre-un-homme-sage-femme-juge-pour-viols-sur-ses-patientes-20250905\" data-fig-type=\"NewsFlash\" data-gtm-custom-categorie=\"navigation\" data-gtm-custom-action=\"crossclick\" data-gtm-custom-label=\"Contextuel\" data-gtm-event=\"customEventSPE\" data-fig-domain=\"LEFIGARO\" target=\"_blank\" rel=\"noopener\">Montpellier<\/a>\u00a0a ouvert une enqu\u00eate sur des violences en marge de la manifestation syndicale du\u00a0<a href=\"http:\/\/www.lefigaro.fr\/faits-divers\/greve-du-18-septembre-laurent-nunez-annonce-103-interpellations-et-89-gardes-a-vue-a-paris-20250919\" data-fig-type=\"NewsFlash\" data-gtm-custom-categorie=\"navigation\" data-gtm-custom-action=\"crossclick\" data-gtm-custom-label=\"Contextuel\" data-gtm-event=\"customEventSPE\" data-fig-domain=\"LEFIGARO\" target=\"_blank\" rel=\"noopener\">18 septembre<\/a>, commises selon le maire socialiste de la ville par un \u00abgroupe d&rsquo;individus issu de l&rsquo;ultra droite\u00bb. \u00abHier, un groupe d&rsquo;individus, manifestement issu de l&rsquo;ultra droite, a violemment agress\u00e9 plusieurs personnes sur la place des Beaux-Arts\u00bb, un quartier de Montpellier, avait indiqu\u00e9 le 19 septembre dans un communiqu\u00e9 Micha\u00ebl Delafosse.<\/p>\n<p class=\"fig-paragraph\">\u00abEn ma qualit\u00e9 de maire de Montpellier, j&rsquo;ai imm\u00e9diatement saisi le procureur de la R\u00e9publique en application de l&rsquo;article 40 du Code de proc\u00e9dure p\u00e9nale\u00bb, qui enjoint \u00e0 toute autorit\u00e9 de saisir la justice lorsqu&rsquo;elle soup\u00e7onne une infraction, avait-il ajout\u00e9. \u00abApr\u00e8s analyse, je vous indique saisir les services de la DIPN (Direction interd\u00e9partementale de la police nationale) de ces faits afin de mener les investigations pour en \u00e9tablir les circonstances pr\u00e9cises et le mobile\u00bb, a indiqu\u00e9 mardi soir dans un message adress\u00e9 \u00e0 l&rsquo;AFP le nouveau procureur de Montpellier, Thierry Lescouarc&rsquo;h.<\/p>\n<p>                                    <a class=\"fig-a11y-skip a11y-hidden\" href=\"#fig-a11y-skip-main-inarticle\"><br \/>\n        Passer la publicit\u00e9<br \/>\n    <\/a><\/p>\n<p>Une quinzaine de personnes concern\u00e9es<\/p>\n<p class=\"fig-paragraph\">Les faits se sont d\u00e9roul\u00e9s \u00e0 la terrasse d&rsquo;un caf\u00e9, apr\u00e8s la manifestation qui a rassembl\u00e9 plusieurs milliers de personnes \u00e0 l&rsquo;appel des syndicats. Selon les m\u00e9dias locaux, des clients de l&rsquo;\u00e9tablissement ont indiqu\u00e9 \u00e0 un groupe d&rsquo;hommes qu&rsquo;ils n&rsquo;\u00e9taient pas les bienvenus, ce qui a provoqu\u00e9 les violences. L&rsquo;adjoint au maire d\u00e9l\u00e9gu\u00e9 \u00e0 la s\u00e9curit\u00e9, S\u00e9bastien Cote, qui a \u00abvisionn\u00e9 les images de cam\u00e9ras de surveillance\u00bb, a d\u00e9crit \u00e0 l&rsquo;AFP une \u00abagression, un lynchage caract\u00e9ris\u00e9, un passage \u00e0 tabac\u00bb.<\/p>\n<p class=\"fig-paragraph\">\u00abUne quinzaine de personnes &#8211; dont tous les visages, sauf un, sont \u00e0 d\u00e9couvert &#8211; s&rsquo;en prennent tr\u00e8s violemment \u00e0 une personne \u00e0 qui ils ass\u00e8nent de violents coups de pied, coups de chaise, en pleine t\u00eate pendant plus de trente secondes\u00bb, a-t-il ajout\u00e9. \u00abJe les qualifie d&rsquo;extr\u00eame droite puisqu&rsquo;ils sont partis en criant \u201cVive la France\u201d, \u201cOn est chez nous\u201d\u00bb, a aussi expliqu\u00e9 M. Cote, en pr\u00e9cisant que la victime avait \u00e9t\u00e9 hospitalis\u00e9e mais que son pronostic vital n&rsquo;\u00e9tait pas engag\u00e9, selon lui.<\/p>\n","protected":false},"excerpt":{"rendered":"En marge de la manifestation syndicale du 18 septembre, des individus auraient violemment agress\u00e9 plusieurs personnes sur la&hellip;\n","protected":false},"author":2,"featured_media":412781,"comment_status":"","ping_status":"","sticky":false,"template":"","format":"standard","meta":{"footnotes":""},"categories":[9599],"tags":[1111,11,1777,674,1076,1011,27,11241,2208,12,2680,25],"class_list":{"0":"post-412780","1":"post","2":"type-post","3":"status-publish","4":"format-standard","5":"has-post-thumbnail","7":"category-montpellier","8":"tag-actu","9":"tag-actualites","10":"tag-eu","11":"tag-europe","12":"tag-extreme-droite","13":"tag-fr","14":"tag-france","15":"tag-michael-delafosse","16":"tag-montpellier","17":"tag-news","18":"tag-occitanie","19":"tag-republique-francaise"},"share_on_mastodon":{"url":"https:\/\/pubeurope.com\/@fr\/115255522330407439","error":""},"_links":{"self":[{"href":"https:\/\/www.europesays.com\/fr\/wp-json\/wp\/v2\/posts\/412780","targetHints":{"allow":["GET"]}}],"collection":[{"href":"https:\/\/www.europesays.com\/fr\/wp-json\/wp\/v2\/posts"}],"about":[{"href":"https:\/\/www.europesays.com\/fr\/wp-json\/wp\/v2\/types\/post"}],"author":[{"embeddable":true,"href":"https:\/\/www.europesays.com\/fr\/wp-json\/wp\/v2\/users\/2"}],"replies":[{"embeddable":true,"href":"https:\/\/www.europesays.com\/fr\/wp-json\/wp\/v2\/comments?post=412780"}],"version-history":[{"count":0,"href":"https:\/\/www.europesays.com\/fr\/wp-json\/wp\/v2\/posts\/412780\/revisions"}],"wp:featuredmedia":[{"embeddable":true,"href":"https:\/\/www.europesays.com\/fr\/wp-json\/wp\/v2\/media\/412781"}],"wp:attachment":[{"href":"https:\/\/www.europesays.com\/fr\/wp-json\/wp\/v2\/media?parent=412780"}],"wp:term":[{"taxonomy":"category","embeddable":true,"href":"https:\/\/www.europesays.com\/fr\/wp-json\/wp\/v2\/categories?post=412780"},{"taxonomy":"post_tag","embeddable":true,"href":"https:\/\/www.europesays.com\/fr\/wp-json\/wp\/v2\/tags?post=412780"}],"curies":[{"name":"wp","href":"https:\/\/api.w.org\/{rel}","templated":true}]}}