{"id":412789,"date":"2025-09-23T20:43:18","date_gmt":"2025-09-23T20:43:18","guid":{"rendered":"https:\/\/www.europesays.com\/fr\/412789\/"},"modified":"2025-09-23T20:43:18","modified_gmt":"2025-09-23T20:43:18","slug":"strasbourg-jalouse-et-encore-amoureuse-elle-frappe-la-nouvelle-compagne-de-son-ex","status":"publish","type":"post","link":"https:\/\/www.europesays.com\/fr\/412789\/","title":{"rendered":"Strasbourg. Jalouse et encore amoureuse, elle frappe la nouvelle compagne de son ex"},"content":{"rendered":"<p>Cette femme de 38 ans ne supporte pas que son ex-compagnon refasse sa vie et puisse s\u2019occuper des enfants de sa nouvelle compagne. Le 11 ao\u00fbt, route de la Wantzenau \u00e0 Strasbourg, elle d\u00e9barque au domicile de son ex pour r\u00e9cup\u00e9rer des affaires. Elle escalade la rambarde et monte sur le balcon. Elle tente d\u2019ouvrir la baie vitr\u00e9e. Sans succ\u00e8s. Elle se retrouve face au fils de sa rivale, \u00e2g\u00e9 de 12 ans. L\u2019adolescent prend peur et quitte l\u2019appartement, pieds nus. Il croise un passant qui trouve cette situation \u00e9trange. L\u2019homme pr\u00e9vient imm\u00e9diatement la police.<\/p>\n<p>Entre-temps, la m\u00e8re de l\u2019enfant arrive sur place et une bagarre \u00e9clate entre les deux femmes. \u00ab C\u2019est mon logement, mes couteaux, ma voiture \u00bb, lui lance la&#8230;<\/p>\n","protected":false},"excerpt":{"rendered":"Cette femme de 38 ans ne supporte pas que son ex-compagnon refasse sa vie et puisse s\u2019occuper des&hellip;\n","protected":false},"author":2,"featured_media":412790,"comment_status":"","ping_status":"","sticky":false,"template":"","format":"standard","meta":{"footnotes":""},"categories":[2820],"tags":[1111,11,2389,2649,271,272,2880,1777,674,274,107,1011,27,775,12,25,640,2879],"class_list":{"0":"post-412789","1":"post","2":"type-post","3":"status-publish","4":"format-standard","5":"has-post-thumbnail","7":"category-strasbourg","8":"tag-actu","9":"tag-actualites","10":"tag-alsace","11":"tag-bas-rhin","12":"tag-crime","13":"tag-delit-et-contravention","14":"tag-edition-strasbourg","15":"tag-eu","16":"tag-europe","17":"tag-faits-divers-justice","18":"tag-fil-info","19":"tag-fr","20":"tag-france","21":"tag-grand-est","22":"tag-news","23":"tag-republique-francaise","24":"tag-strasbourg","25":"tag-strasbourg-ville"},"share_on_mastodon":{"url":"https:\/\/pubeurope.com\/@fr\/115255561960457755","error":""},"_links":{"self":[{"href":"https:\/\/www.europesays.com\/fr\/wp-json\/wp\/v2\/posts\/412789","targetHints":{"allow":["GET"]}}],"collection":[{"href":"https:\/\/www.europesays.com\/fr\/wp-json\/wp\/v2\/posts"}],"about":[{"href":"https:\/\/www.europesays.com\/fr\/wp-json\/wp\/v2\/types\/post"}],"author":[{"embeddable":true,"href":"https:\/\/www.europesays.com\/fr\/wp-json\/wp\/v2\/users\/2"}],"replies":[{"embeddable":true,"href":"https:\/\/www.europesays.com\/fr\/wp-json\/wp\/v2\/comments?post=412789"}],"version-history":[{"count":0,"href":"https:\/\/www.europesays.com\/fr\/wp-json\/wp\/v2\/posts\/412789\/revisions"}],"wp:featuredmedia":[{"embeddable":true,"href":"https:\/\/www.europesays.com\/fr\/wp-json\/wp\/v2\/media\/412790"}],"wp:attachment":[{"href":"https:\/\/www.europesays.com\/fr\/wp-json\/wp\/v2\/media?parent=412789"}],"wp:term":[{"taxonomy":"category","embeddable":true,"href":"https:\/\/www.europesays.com\/fr\/wp-json\/wp\/v2\/categories?post=412789"},{"taxonomy":"post_tag","embeddable":true,"href":"https:\/\/www.europesays.com\/fr\/wp-json\/wp\/v2\/tags?post=412789"}],"curies":[{"name":"wp","href":"https:\/\/api.w.org\/{rel}","templated":true}]}}