{"id":412812,"date":"2025-09-23T20:56:16","date_gmt":"2025-09-23T20:56:16","guid":{"rendered":"https:\/\/www.europesays.com\/fr\/412812\/"},"modified":"2025-09-23T20:56:16","modified_gmt":"2025-09-23T20:56:16","slug":"ancien-de-la-brigade-criminelle-de-marseille-cedric-testa-prend-la-tete-du-commissariat-de-police-distres","status":"publish","type":"post","link":"https:\/\/www.europesays.com\/fr\/412812\/","title":{"rendered":"Ancien de la brigade criminelle de Marseille, C\u00e9dric Testa prend la t\u00eate du commissariat de Police d&rsquo;Istres"},"content":{"rendered":"<p>La c\u00e9r\u00e9monie s\u2019est d\u00e9roul\u00e9e dans le formalisme militaire\u00a0: \u00ab\u00a0Monsieur le commissaire de police, C\u00e9dric Testa, rejoignez votre emplacement\u2026 Ouvrez le ban.\u00a0\u00bb Par arr\u00eat\u00e9 du ministre de l\u2019Int\u00e9rieur, C\u00e9dric Testa a \u00e9t\u00e9 nomm\u00e9 chef de la circonscription d\u2019Istres, en remplacement de la commissaire <a href=\"https:\/\/www.laprovence.com\/article\/region\/5664243700701515\/istres-bonilia-williams-prend-la-tete-du-commissariat\" target=\"_blank\" rel=\"noopener\">Bonilia Williams.<\/a><\/p>\n<p>Apr\u00e8s une minute de silence en hommage aux policiers morts pour la France, la c\u00e9r\u00e9monie a officialis\u00e9 son entr\u00e9e en fonction, aux c\u00f4t\u00e9s du directeur interd\u00e9partemental de la police nationale, <a href=\"https:\/\/www.laprovence.com\/actu\/en-direct\/1747644953607116\/un-nouveau-directeur-zonal-pour-la-securite-publique-a-marseille\" target=\"_blank\" rel=\"noopener\">C\u00e9dric Esson<\/a>, et du sous-pr\u00e9fet <a href=\"https:\/\/www.laprovence.com\/article\/region\/120891645906215\/christophe-borgus-a-officiellement-pris-ses-fonctions-en-tant-que-nouveau-sous-prefet-d-istres\" target=\"_blank\" rel=\"noopener\">Christophe Borgus<\/a>. Etaient \u00e9galement pr\u00e9sent, le procureur de la R\u00e9publique d\u2019Aix-en-Provence, <a href=\"https:\/\/www.laprovence.com\/article\/faits-divers-justice\/2733346728160114\/incendie-mortel-de-miramas-trois-suspects-ecroues-les-raisons-de-leur-geste-toujours-inconnues\" target=\"_blank\" rel=\"noopener\">Jean-Luc Blachon<\/a>, le d\u00e9put\u00e9 de la 16\u00e8 circonscription des Bouches-du-Rh\u00f4ne, <a href=\"https:\/\/www.laprovence.com\/article\/region\/4909972137512114\/emmanuel-tache-ne-peut-plus-s-appeler-de-la-pagerie-la-justice-condamne-le-depute-rn-des-bouches-du-rhone\" target=\"_blank\" rel=\"noopener\">Emmanuel Tach\u00e9 <\/a>(RN), le maire <a href=\"https:\/\/www.laprovence.com\/article\/politique\/3674302699694914\/la-candidature-en-2026-de-francois-bernardini-a-istres-fait-reagir-ses-opposants-qui-denoncent-le-mandat-de-trop\" target=\"_blank\" rel=\"noopener\">Fran\u00e7ois Bernardini<\/a> accompagn\u00e9 de sa premi\u00e8re adjointe, <a href=\"https:\/\/www.laprovence.com\/article\/region\/6884347038722615\/nicole-joulia-premiere-adjointe-distres-mise-en-cause-par-le-maire-retour-sur-les-affaires-judiciaires\" target=\"_blank\" rel=\"noopener\">Nicole Joulia<\/a>, le directeur g\u00e9n\u00e9ral des services <a href=\"https:\/\/www.laprovence.com\/article\/region\/2985393113262115\/l-education-et-la-jeunesse-sont-toujours-nos-priorites\" target=\"_blank\" rel=\"noopener\">Nicolas Davini<\/a>, ainsi que plusieurs \u00e9lus.<\/p>\n<p>Un parcours forg\u00e9 dans l\u2019investigation<\/p>\n<p>\u00c0 44\u00a0ans, C\u00e9dric Testa a d\u00e9j\u00e0 v\u00e9cu plusieurs vies en \u00ab\u00a0bleu\u00a0\u00bb et a, au fil des ann\u00e9es, gravi tous les \u00e9chelons. Originaire d\u2019Aix-en-Provence, dipl\u00f4m\u00e9 de droit et de criminologie, il se destine tr\u00e8s t\u00f4t \u00e0 l\u2019uniforme. En\u00a02006, il int\u00e8gre <a href=\"https:\/\/www.laprovence.com\/article\/france-monde\/7307857767506914\/incendie-dans-un-batiment-de-lecole-nationale-de-la-police-a-nimes\" target=\"_blank\" rel=\"noopener\">l\u2019\u00c9cole nationale de police de N\u00eemes<\/a>.<\/p>\n<p>Gardien de la &#8230;<\/p>\n","protected":false},"excerpt":{"rendered":"La c\u00e9r\u00e9monie s\u2019est d\u00e9roul\u00e9e dans le formalisme militaire\u00a0: \u00ab\u00a0Monsieur le commissaire de police, C\u00e9dric Testa, rejoignez votre emplacement\u2026&hellip;\n","protected":false},"author":2,"featured_media":412813,"comment_status":"","ping_status":"","sticky":false,"template":"","format":"standard","meta":{"footnotes":""},"categories":[2814],"tags":[17,1111,11,4255,17434,13767,6696,1777,674,1011,27,884,12,6020,882,25,104,54356],"class_list":{"0":"post-412812","1":"post","2":"type-post","3":"status-publish","4":"format-standard","5":"has-post-thumbnail","7":"category-marseille","8":"tag-17","9":"tag-actu","10":"tag-actualites","11":"tag-ancien","12":"tag-brigade","13":"tag-cedric","14":"tag-criminelle","15":"tag-eu","16":"tag-europe","17":"tag-fr","18":"tag-france","19":"tag-marseille","20":"tag-news","21":"tag-prend","22":"tag-provence-alpes-cote-dazur","23":"tag-republique-francaise","24":"tag-societe","25":"tag-testa"},"share_on_mastodon":{"url":"https:\/\/pubeurope.com\/@fr\/115255612812843315","error":""},"_links":{"self":[{"href":"https:\/\/www.europesays.com\/fr\/wp-json\/wp\/v2\/posts\/412812","targetHints":{"allow":["GET"]}}],"collection":[{"href":"https:\/\/www.europesays.com\/fr\/wp-json\/wp\/v2\/posts"}],"about":[{"href":"https:\/\/www.europesays.com\/fr\/wp-json\/wp\/v2\/types\/post"}],"author":[{"embeddable":true,"href":"https:\/\/www.europesays.com\/fr\/wp-json\/wp\/v2\/users\/2"}],"replies":[{"embeddable":true,"href":"https:\/\/www.europesays.com\/fr\/wp-json\/wp\/v2\/comments?post=412812"}],"version-history":[{"count":0,"href":"https:\/\/www.europesays.com\/fr\/wp-json\/wp\/v2\/posts\/412812\/revisions"}],"wp:featuredmedia":[{"embeddable":true,"href":"https:\/\/www.europesays.com\/fr\/wp-json\/wp\/v2\/media\/412813"}],"wp:attachment":[{"href":"https:\/\/www.europesays.com\/fr\/wp-json\/wp\/v2\/media?parent=412812"}],"wp:term":[{"taxonomy":"category","embeddable":true,"href":"https:\/\/www.europesays.com\/fr\/wp-json\/wp\/v2\/categories?post=412812"},{"taxonomy":"post_tag","embeddable":true,"href":"https:\/\/www.europesays.com\/fr\/wp-json\/wp\/v2\/tags?post=412812"}],"curies":[{"name":"wp","href":"https:\/\/api.w.org\/{rel}","templated":true}]}}