{"id":412818,"date":"2025-09-23T20:59:09","date_gmt":"2025-09-23T20:59:09","guid":{"rendered":"https:\/\/www.europesays.com\/fr\/412818\/"},"modified":"2025-09-23T20:59:09","modified_gmt":"2025-09-23T20:59:09","slug":"les-prefets-dile-de-france-assignes-en-justice-pour-non-respect-des-quotas-sur-les-logements-sociaux","status":"publish","type":"post","link":"https:\/\/www.europesays.com\/fr\/412818\/","title":{"rendered":"Les pr\u00e9fets d\u2019\u00cele-de-France assign\u00e9s en justice pour non-respect des quotas sur les logements sociaux"},"content":{"rendered":"<p class=\"paragraph text_align_left lp-f-body-02\">C\u2019est un long et compliqu\u00e9 bras de fer judiciaire qui se profile entre <a href=\"https:\/\/www.leparisien.fr\/societe\/on-a-perdu-des-soutiens-apres-le-scandale-abbe-pierre-la-fondation-pour-le-logement-a-la-chasse-aux-donateurs-10-06-2025-S5T7ZGZ7YZCWPHHRM6WKF3ERLY.php\" target=\"_blank\" rel=\"noreferrer nofollow noopener\">la Fondation pour le logement des d\u00e9favoris\u00e9s<\/a> et les huit pr\u00e9fets d\u2019\u00cele-de-France. L\u2019association leur reproche de ne pas appliquer la loi qui pr\u00e9voit que 25 % des m\u00e9nages les plus pauvres (gagnant moins de 12 000 euros\/an) puissent \u00eatre log\u00e9s en dehors des quartiers prioritaires de la ville, soit les sites les plus sensibles. Les m\u00e9nages relog\u00e9s dans le cadre d\u2019une op\u00e9ration de renouvellement urbain ou de requalification des copropri\u00e9t\u00e9s d\u00e9grad\u00e9es sont aussi concern\u00e9s.<\/p>\n<p class=\"paragraph text_align_left lp-f-body-02\">C\u2019est au bailleur, en principe, d\u2019atteindre ces quotas, mais c\u2019est aux pr\u00e9fets de veiller \u00e0 l\u2019application de la loi. Ceci expliquant pourquoi ce sont eux qui se retrouvent dans le viseur de l\u2019association. Elle n\u2019est pas seule \u00e0 mener cette croisade puisque le Secours catholique et la F\u00e9d\u00e9ration des acteurs de la solidarit\u00e9 \u00cele-de-France sont associ\u00e9s \u00e0 cette action.<\/p>\n","protected":false},"excerpt":{"rendered":"C\u2019est un long et compliqu\u00e9 bras de fer judiciaire qui se profile entre la Fondation pour le logement&hellip;\n","protected":false},"author":2,"featured_media":412819,"comment_status":"","ping_status":"","sticky":false,"template":"","format":"standard","meta":{"footnotes":""},"categories":[1592],"tags":[1111,11,1777,674,1011,27,662,1116,12,626,25],"class_list":{"0":"post-412818","1":"post","2":"type-post","3":"status-publish","4":"format-standard","5":"has-post-thumbnail","7":"category-ile-de-france","8":"tag-actu","9":"tag-actualites","10":"tag-eu","11":"tag-europe","12":"tag-fr","13":"tag-france","14":"tag-ile-de-france","15":"tag-immobilier","16":"tag-news","17":"tag-paris","18":"tag-republique-francaise"},"share_on_mastodon":{"url":"https:\/\/pubeurope.com\/@fr\/115255624581800206","error":""},"_links":{"self":[{"href":"https:\/\/www.europesays.com\/fr\/wp-json\/wp\/v2\/posts\/412818","targetHints":{"allow":["GET"]}}],"collection":[{"href":"https:\/\/www.europesays.com\/fr\/wp-json\/wp\/v2\/posts"}],"about":[{"href":"https:\/\/www.europesays.com\/fr\/wp-json\/wp\/v2\/types\/post"}],"author":[{"embeddable":true,"href":"https:\/\/www.europesays.com\/fr\/wp-json\/wp\/v2\/users\/2"}],"replies":[{"embeddable":true,"href":"https:\/\/www.europesays.com\/fr\/wp-json\/wp\/v2\/comments?post=412818"}],"version-history":[{"count":0,"href":"https:\/\/www.europesays.com\/fr\/wp-json\/wp\/v2\/posts\/412818\/revisions"}],"wp:featuredmedia":[{"embeddable":true,"href":"https:\/\/www.europesays.com\/fr\/wp-json\/wp\/v2\/media\/412819"}],"wp:attachment":[{"href":"https:\/\/www.europesays.com\/fr\/wp-json\/wp\/v2\/media?parent=412818"}],"wp:term":[{"taxonomy":"category","embeddable":true,"href":"https:\/\/www.europesays.com\/fr\/wp-json\/wp\/v2\/categories?post=412818"},{"taxonomy":"post_tag","embeddable":true,"href":"https:\/\/www.europesays.com\/fr\/wp-json\/wp\/v2\/tags?post=412818"}],"curies":[{"name":"wp","href":"https:\/\/api.w.org\/{rel}","templated":true}]}}