{"id":412820,"date":"2025-09-23T21:00:16","date_gmt":"2025-09-23T21:00:16","guid":{"rendered":"https:\/\/www.europesays.com\/fr\/412820\/"},"modified":"2025-09-23T21:00:16","modified_gmt":"2025-09-23T21:00:16","slug":"stanislas-saint-dominique-sainte-marie-valerie-pecresse-plus-genereuse-que-jamais-envers-lenseignement-prive-dile-de-france-liberation","status":"publish","type":"post","link":"https:\/\/www.europesays.com\/fr\/412820\/","title":{"rendered":"Stanislas, Saint-Dominique, Sainte-Marie&#8230; Val\u00e9rie P\u00e9cresse plus g\u00e9n\u00e9reuse que jamais envers l\u2019enseignement priv\u00e9 d\u2019Ile-de-France \u2013 Lib\u00e9ration"},"content":{"rendered":"<p class=\"sc-cPiKLX AiZTS text-element\">La r\u00e9gion Ile-de-France serre la vis aux lyc\u00e9es publics, mais continue de choyer le priv\u00e9. Jeudi 25 septembre, la majorit\u00e9 LR de la pr\u00e9sidente de r\u00e9gion, Val\u00e9rie P\u00e9cresse, s\u2019appr\u00eate \u00e0 voter de nouvelles subventions non obligatoires \u00e0 des \u00e9tablissements priv\u00e9s sous contrat, dont Stanislas (Paris VIe), Sainte-Marie et Saint-Dominique (Neuilly-sur-Seine), trois \u00e9tablissements tr\u00e8s s\u00e9lectifs pourtant \u00e9clabouss\u00e9s par des scandales d\u2019agressions physiques, sexuelles ou de recrutements probl\u00e9matiques de personnels, comme celui d\u2019une professeure organisatrice d\u2019un d\u00e9fil\u00e9 n\u00e9onazi. <\/p>\n<p class=\"sc-cPiKLX AiZTS text-element\">Pour les lyc\u00e9es priv\u00e9s sous contrat, il y a partout en France deux \u00e9tages d\u2019argent public : le forfait d\u2019externat, impos\u00e9 par la loi, qui couvre une partie des frais de fonctionnement et doit \u00eatre vers\u00e9 par les r\u00e9gions ; mais aussi des subventions facultatives pour des travaux (s\u00e9curisation, r\u00e9novation), laiss\u00e9es \u00e0 l\u2019appr\u00e9ciation des ex\u00e9cutifs r\u00e9gionaux. En \u00cele-de-France, un troisi\u00e8me \u00e9tage s\u2019y ajoute : le budget d\u2019autonomie \u00e9ducative francilien (BAEF), une somme vers\u00e9e aux lyc\u00e9es pour financer des \u00abactions \u00e9ducatives\u00bb de leur choix aupr\u00e8s des \u00e9l\u00e8ves, en fonction de leurs sp\u00e9cificit\u00e9s et de leurs besoins. \u00abCette subvention est vers\u00e9e aux lyc\u00e9es sur la base d\u2019un \u00e9tat r\u00e9capitulatif d\u00e9taill\u00e9 des d\u00e9penses r\u00e9alis\u00e9es au cours de l\u2019ann\u00e9e scolaire \u00e9coul\u00e9e\u00bb, pr\u00e9cise le conseil r\u00e9gional d\u2019Ile-de-France dans son rapport pour justifier ce financement. <\/p>\n<p class=\"sc-cPiKLX AiZTS text-element\">Cette subvention non obligatoire a \u00e9t\u00e9 cr\u00e9\u00e9e en 2019 pour<\/p>\n","protected":false},"excerpt":{"rendered":"La r\u00e9gion Ile-de-France serre la vis aux lyc\u00e9es publics, mais continue de choyer le priv\u00e9. Jeudi 25 septembre,&hellip;\n","protected":false},"author":2,"featured_media":412821,"comment_status":"","ping_status":"","sticky":false,"template":"","format":"standard","meta":{"footnotes":""},"categories":[1592],"tags":[1111,11,15429,54357,1777,674,1011,27,662,12,626,25,2328],"class_list":{"0":"post-412820","1":"post","2":"type-post","3":"status-publish","4":"format-standard","5":"has-post-thumbnail","7":"category-ile-de-france","8":"tag-actu","9":"tag-actualites","10":"tag-enseignement-prive","11":"tag-enseignement-public-prive-debat","12":"tag-eu","13":"tag-europe","14":"tag-fr","15":"tag-france","16":"tag-ile-de-france","17":"tag-news","18":"tag-paris","19":"tag-republique-francaise","20":"tag-valerie-pecresse"},"share_on_mastodon":{"url":"https:\/\/pubeurope.com\/@fr\/115255628473859768","error":""},"_links":{"self":[{"href":"https:\/\/www.europesays.com\/fr\/wp-json\/wp\/v2\/posts\/412820","targetHints":{"allow":["GET"]}}],"collection":[{"href":"https:\/\/www.europesays.com\/fr\/wp-json\/wp\/v2\/posts"}],"about":[{"href":"https:\/\/www.europesays.com\/fr\/wp-json\/wp\/v2\/types\/post"}],"author":[{"embeddable":true,"href":"https:\/\/www.europesays.com\/fr\/wp-json\/wp\/v2\/users\/2"}],"replies":[{"embeddable":true,"href":"https:\/\/www.europesays.com\/fr\/wp-json\/wp\/v2\/comments?post=412820"}],"version-history":[{"count":0,"href":"https:\/\/www.europesays.com\/fr\/wp-json\/wp\/v2\/posts\/412820\/revisions"}],"wp:featuredmedia":[{"embeddable":true,"href":"https:\/\/www.europesays.com\/fr\/wp-json\/wp\/v2\/media\/412821"}],"wp:attachment":[{"href":"https:\/\/www.europesays.com\/fr\/wp-json\/wp\/v2\/media?parent=412820"}],"wp:term":[{"taxonomy":"category","embeddable":true,"href":"https:\/\/www.europesays.com\/fr\/wp-json\/wp\/v2\/categories?post=412820"},{"taxonomy":"post_tag","embeddable":true,"href":"https:\/\/www.europesays.com\/fr\/wp-json\/wp\/v2\/tags?post=412820"}],"curies":[{"name":"wp","href":"https:\/\/api.w.org\/{rel}","templated":true}]}}