{"id":412828,"date":"2025-09-23T21:04:10","date_gmt":"2025-09-23T21:04:10","guid":{"rendered":"https:\/\/www.europesays.com\/fr\/412828\/"},"modified":"2025-09-23T21:04:10","modified_gmt":"2025-09-23T21:04:10","slug":"un-an-apres-paris-2024-leffet-jo-a-laigle-a-t-il-un-coup-de-moins-bien","status":"publish","type":"post","link":"https:\/\/www.europesays.com\/fr\/412828\/","title":{"rendered":"Un an apr\u00e8s Paris 2024, \u00ab l\u2019effet JO \u00bb \u00e0 L\u2019Aigle a-t-il un coup de moins bien\u00a0?"},"content":{"rendered":"<p>            Par<br \/>\n        <strong><br \/>\n            <a href=\"https:\/\/actu.fr\/auteur\/theo-boissonneau\" title=\"Consulter tous les articles de Theo Boissonneau\" target=\"_blank\" rel=\"noopener\">Theo Boissonneau<\/a><br \/>\n        <\/strong><\/p>\n<p>        Publi\u00e9 le<\/p>\n<p>            23 sept. 2025 \u00e0 22h16        <\/p>\n<p>La diffusion de grandes comp\u00e9titions internationales incite souvent des personnes, notamment les plus jeunes, \u00e0 s\u2019inscrire dans un club de sport. Apr\u00e8s la Coupe du monde de rugby organis\u00e9e en France en 2023 par exemple, le minist\u00e8re des Sports avait enregistr\u00e9 une hausse de 12\u2009% du nombre de licenci\u00e9s, et qui s\u2019\u00e9l\u00e8ve \u00e0 18\u2009% chez les femmes. Les Jeux olympiques et paralympiques engendrent le m\u00eame effet avec sans doute plus d\u2019ampleur, \u00e9tant donn\u00e9 que des sports tr\u00e8s peu m\u00e9diatis\u00e9s deviennent accessibles gratuitement.<\/p>\n<p class=\" wall-content\">A lire aussi<br \/><a href=\"https:\/\/actu.fr\/normandie\/l-aigle_61214\/cyclisme-emilien-delande-signe-sa-premiere-grande-victoire-pour-le-velo-club-de-l-aigle_63197153.html\" target=\"_blank\" rel=\"noopener\">Cyclisme\u2009: \u00c9milien Delande signe sa premi\u00e8re grande victoire pour le V\u00e9lo Club de L\u2019Aigle<\/a><\/p>\n<p class=\" wall-content\">D\u2019autant plus que l\u2019an pass\u00e9, la comp\u00e9tition \u00e9tait organis\u00e9e en France, et les Bleus ont brill\u00e9, ce qui a mis davantage en lumi\u00e8re ces sports. Ainsi apr\u00e8s les Jeux, l\u2019escrime a recens\u00e9 25\u2009% de licenci\u00e9s en plus sur l\u2019ensemble du territoire.<\/p>\n<p class=\" wall-content\">Le judo et le volley ont respectivement augment\u00e9 leurs effectifs de 11 et 13\u2009%. Ce ph\u00e9nom\u00e8ne s\u2019est \u00e9galement produit \u00e0 <a href=\"https:\/\/actu.fr\/normandie\/l-aigle_61214\" target=\"_blank\" rel=\"noopener\">L\u2019Aigle (Orne)<\/a>.<\/p>\n<p>\u00ab\u2009Il y a clairement eu un effet JO\u2009\u00bb<\/p>\n<p class=\" wall-content\">Les exploits de L\u00e9on Marchand notamment ont attir\u00e9 du monde dans les bassins. \u00ab\u2009L\u2019an pass\u00e9, l\u2019effectif est rest\u00e9 stable chez les jeunes. Mais chez les ma\u00eetres (25\u00a0ans et plus) il y a clairement eu un effet JO, et l\u2019engouement s\u2019est poursuivi tout au long de l\u2019ann\u00e9e\u2009\u00bb, indique Benjamin Chauvel, secr\u00e9taire du club de natation de L\u2019Aigle.<\/p>\n<p class=\" wall-content\">Pour cette saison, \u00ab\u2009nous n\u2019aurons pas vraiment de d\u00e9part et nous avons eu pas mal de demandes de renseignements, donc sans aller jusqu\u2019\u00e0 conna\u00eetre un boom similaire \u00e0 celui de l\u2019an pass\u00e9, nous devrions encore gagner quelques licenci\u00e9s\u2009\u00bb, poursuit Benjamin Chauvel.<\/p>\n<p class=\" wall-content\">\u00c0 lire aussi<br \/><a href=\"https:\/\/actu.fr\/normandie\/saint-sulpice-sur-risle_61456\/tous-les-mardis-dans-l-orne-initiez-vous-aux-bienfaits-du-taichi-art-martial-ancestral_63166936.html\" target=\"_blank\" rel=\"noopener\">Tous les mardis dans l\u2019Orne\u2009: initiez-vous aux bienfaits du Ta\u00efchi, art martial ancestral<\/a><\/p>\n<p>Au tennis de table, moins d\u2019\u00e9quipes en comp\u00e9tition cette ann\u00e9e<\/p>\n<p class=\" wall-content\">Au tennis de table, la r\u00e9v\u00e9lation des fr\u00e8res Lebrun a aussi permis \u00ab\u2009l\u2019effet JO\u2009\u00bb. Au club Aube, Crulai, L\u2019Aigle tennis de table, (ACATT), cela s\u2019est ressenti non pas sur le nombre de licenci\u00e9s, mais plut\u00f4t sur la part d\u2019entre eux inscrits en comp\u00e9tition.<\/p>\n<p>Votre r\u00e9gion, votre actu !<\/p>\n<p>Recevez chaque jour les infos qui comptent pour vous.<\/p>\n<p>\t<a href=\"https:\/\/actu.fr\/newsletter\" class=\"ac-btn ac-btn--corner ac-btn--medium ac-btn--blue800\" target=\"_blank\" rel=\"noopener\">S&rsquo;incrire<\/a><\/p>\n<p class=\" wall-content\">\u00ab\u2009Nous avons engag\u00e9 deux nouvelles \u00e9quipes en l\u2019espace d\u2019un trimestre, une grande premi\u00e8re\u2009!\u2009\u00bb, <a href=\"https:\/\/actu.fr\/normandie\/l-aigle_61214\/avec-l-effet-lebrun-et-les-jo-la-competition-gagne-les-coeurs-dans-ce-club-de-l-orne_62158239.html\" target=\"_blank\" rel=\"noopener\">se f\u00e9licitait en janvier dernier<\/a> le pr\u00e9sident du club Dimitri Bischoff, qui enregistrait donc huit \u00e9quipes de cinq joueurs. Cette saison, l\u2019effet a l\u00e9g\u00e8rement diminu\u00e9.<\/p>\n<p class=\" wall-content\">De 70\u00a0licenci\u00e9s l\u2019an pass\u00e9, le club en compte d\u00e9sormais 65, et seules \u00ab\u2009six \u00e9quipes sont engag\u00e9es cette ann\u00e9e en comp\u00e9tition, des jeunes sont partis dans d\u2019autres clubs, et des adultes ont d\u00fb arr\u00eater par manque de temps\u2009\u00bb, explique Dimitri Bischoff.<\/p>\n<p>\u00ab\u2009L\u2019effet JO\u2009\u00bb, une habitude pour le judo<\/p>\n<p class=\" wall-content\">Avec dix m\u00e9dailles fran\u00e7aises, le judo a \u00e9t\u00e9 un grand artisan de la r\u00e9ussite fran\u00e7aise aux Jeux 2024. \u00ab\u2009L\u2019effet JO\u2009\u00bb s\u2019est bien fait ressentir, et cela en devient presque une habitude selon Vadim Herbreteau, coach du club de L\u2019Aigle.<\/p>\n<p class=\" wall-content\">\u00ab\u2009Ces derni\u00e8res ann\u00e9es, avec les r\u00e9sultats de Teddy Riner ou Clarisse Agbegnenou par exemple, il y a un effet JO tous les quatre ans. Cette ann\u00e9e, avec la victoire par \u00e9quipe face au Japon, les Jeux ont aussi montr\u00e9 que le judo \u00e9tait un sport collectif\u2009\u00bb.<\/p>\n<p class=\" wall-content\">\u00c0 lire aussi<br \/><a href=\"https:\/\/actu.fr\/normandie\/merlerault-le-pin_61275\/a-60-ans-ce-nageur-de-l-orne-realise-son-reve-en-participant-aux-mondiaux-de-singapour_63132282.html\" target=\"_blank\" rel=\"noopener\">A 60\u00a0ans, ce nageur de l\u2019Orne r\u00e9alise son r\u00eave en participant aux Mondiaux de Singapour<\/a><\/p>\n<p>La modification du Pass\u2019Sport touche les plus jeunes<\/p>\n<p class=\" wall-content\">L\u00e0 o\u00f9 le coach craint un contrecoup de cet effet, ce n\u2019est pas \u00e0 propos du nombre de licenci\u00e9s, mais plut\u00f4t de la baisse des budgets, notamment avec la modification du Pass\u2019Sport.<\/p>\n<p class=\" wall-content\">Ce dispositif permet une r\u00e9duction imm\u00e9diate sur le prix d\u2019une inscription dans un club, pour les personnes b\u00e9n\u00e9ficiant de l\u2019Allocation de rentr\u00e9e scolaire (ARS).<\/p>\n<p class=\" wall-content\">M\u00eame s\u2019il est pass\u00e9 de 50 \u00e0 70\u00a0\u20ac cette ann\u00e9e, il ne concerne plus les 6-18\u00a0ans, mais seulement les 14-17\u00a0ans, et cela pourrait ainsi affecter le nombre de jeunes licenci\u00e9s.<\/p>\n<p class=\" wall-content\">Personnalisez votre actualit\u00e9 en ajoutant vos villes et m\u00e9dias en favori avec <a href=\"https:\/\/moncompte.actu.fr\" title=\"D\u00e9couvez Mon Actu\" rel=\"nofollow noopener\" data-trk=\"{&quot;cta&quot;:{&quot;action&quot;:&quot;https:\\\/\\\/moncompte.actu.fr&quot;,&quot;category&quot;:&quot;mon compte&quot;,&quot;from&quot;:&quot;article footer&quot;,&quot;name&quot;:&quot;Mon actu&quot;,&quot;type&quot;:&quot;cta&quot;}}\" target=\"_blank\">Mon Actu<\/a>.<\/p>\n","protected":false},"excerpt":{"rendered":"Par Theo Boissonneau Publi\u00e9 le 23 sept. 2025 \u00e0 22h16 La diffusion de grandes comp\u00e9titions internationales incite souvent&hellip;\n","protected":false},"author":2,"featured_media":412829,"comment_status":"","ping_status":"","sticky":false,"template":"","format":"standard","meta":{"footnotes":""},"categories":[1888],"tags":[11,18194,1777,674,1011,27,7941,12,626,25,60],"class_list":{"0":"post-412828","1":"post","2":"type-post","3":"status-publish","4":"format-standard","5":"has-post-thumbnail","7":"category-paris","8":"tag-actualites","9":"tag-athletes-jo-2024","10":"tag-eu","11":"tag-europe","12":"tag-fr","13":"tag-france","14":"tag-jo-paris-2024","15":"tag-news","16":"tag-paris","17":"tag-republique-francaise","18":"tag-sports"},"share_on_mastodon":{"url":"https:\/\/pubeurope.com\/@fr\/115255644238714671","error":""},"_links":{"self":[{"href":"https:\/\/www.europesays.com\/fr\/wp-json\/wp\/v2\/posts\/412828","targetHints":{"allow":["GET"]}}],"collection":[{"href":"https:\/\/www.europesays.com\/fr\/wp-json\/wp\/v2\/posts"}],"about":[{"href":"https:\/\/www.europesays.com\/fr\/wp-json\/wp\/v2\/types\/post"}],"author":[{"embeddable":true,"href":"https:\/\/www.europesays.com\/fr\/wp-json\/wp\/v2\/users\/2"}],"replies":[{"embeddable":true,"href":"https:\/\/www.europesays.com\/fr\/wp-json\/wp\/v2\/comments?post=412828"}],"version-history":[{"count":0,"href":"https:\/\/www.europesays.com\/fr\/wp-json\/wp\/v2\/posts\/412828\/revisions"}],"wp:featuredmedia":[{"embeddable":true,"href":"https:\/\/www.europesays.com\/fr\/wp-json\/wp\/v2\/media\/412829"}],"wp:attachment":[{"href":"https:\/\/www.europesays.com\/fr\/wp-json\/wp\/v2\/media?parent=412828"}],"wp:term":[{"taxonomy":"category","embeddable":true,"href":"https:\/\/www.europesays.com\/fr\/wp-json\/wp\/v2\/categories?post=412828"},{"taxonomy":"post_tag","embeddable":true,"href":"https:\/\/www.europesays.com\/fr\/wp-json\/wp\/v2\/tags?post=412828"}],"curies":[{"name":"wp","href":"https:\/\/api.w.org\/{rel}","templated":true}]}}