{"id":412832,"date":"2025-09-23T21:06:12","date_gmt":"2025-09-23T21:06:12","guid":{"rendered":"https:\/\/www.europesays.com\/fr\/412832\/"},"modified":"2025-09-23T21:06:12","modified_gmt":"2025-09-23T21:06:12","slug":"frontiere-entre-finlande-et-russie-lombre-de-la-guerre-en-ukraine","status":"publish","type":"post","link":"https:\/\/www.europesays.com\/fr\/412832\/","title":{"rendered":"Fronti\u00e8re entre Finlande et Russie: l&rsquo;ombre de la guerre en Ukraine"},"content":{"rendered":"<p>\n                                                It\u00e4raja en fran\u00e7ais: la fronti\u00e8re de l\u2019Est. Nous voici sur cette ligne qui s\u00e9pare la Finlande et la Russie. It\u00e4raja est ferm\u00e9e depuis novembre 2023. Quand, en l\u2019espace de quelques jours, plus de 1\u00a0300 demandeurs d\u2019asile ont tent\u00e9 de quitter la Russie. L\u2019administration finlandaise, d\u00e9bord\u00e9e, estime alors que Moscou orchestre d\u00e9lib\u00e9r\u00e9ment cette pression migratoire en repr\u00e9sailles \u00e0 l\u2019adh\u00e9sion de la Finlande \u00e0 l\u2019Otan. La riposte est imm\u00e9diate : les 1\u00a0340 kilom\u00e8tres de fronti\u00e8re &#8211; la plus longue entre la Russie et l\u2019Union europ\u00e9enne &#8211; sont verrouill\u00e9s.                    <\/p>\n<p><strong>\u00abFronti\u00e8re entre Finlande et Russie : l&rsquo;ombre de la guerre en Ukraine, un Grand reportage de Lila Olkinuora\u00bb.<\/strong><\/p>\n","protected":false},"excerpt":{"rendered":"It\u00e4raja en fran\u00e7ais: la fronti\u00e8re de l\u2019Est. Nous voici sur cette ligne qui s\u00e9pare la Finlande et la&hellip;\n","protected":false},"author":2,"featured_media":412833,"comment_status":"","ping_status":"","sticky":false,"template":"","format":"standard","meta":{"footnotes":""},"categories":[1590],"tags":[11,1777,674,219,2494,74,12,132,220],"class_list":{"0":"post-412832","1":"post","2":"type-post","3":"status-publish","4":"format-standard","5":"has-post-thumbnail","7":"category-ukraine","8":"tag-actualites","9":"tag-eu","10":"tag-europe","11":"tag-finlande","12":"tag-grand-reportage","13":"tag-monde","14":"tag-news","15":"tag-russie","16":"tag-ukraine"},"share_on_mastodon":{"url":"https:\/\/pubeurope.com\/@fr\/115255652130690502","error":""},"_links":{"self":[{"href":"https:\/\/www.europesays.com\/fr\/wp-json\/wp\/v2\/posts\/412832","targetHints":{"allow":["GET"]}}],"collection":[{"href":"https:\/\/www.europesays.com\/fr\/wp-json\/wp\/v2\/posts"}],"about":[{"href":"https:\/\/www.europesays.com\/fr\/wp-json\/wp\/v2\/types\/post"}],"author":[{"embeddable":true,"href":"https:\/\/www.europesays.com\/fr\/wp-json\/wp\/v2\/users\/2"}],"replies":[{"embeddable":true,"href":"https:\/\/www.europesays.com\/fr\/wp-json\/wp\/v2\/comments?post=412832"}],"version-history":[{"count":0,"href":"https:\/\/www.europesays.com\/fr\/wp-json\/wp\/v2\/posts\/412832\/revisions"}],"wp:featuredmedia":[{"embeddable":true,"href":"https:\/\/www.europesays.com\/fr\/wp-json\/wp\/v2\/media\/412833"}],"wp:attachment":[{"href":"https:\/\/www.europesays.com\/fr\/wp-json\/wp\/v2\/media?parent=412832"}],"wp:term":[{"taxonomy":"category","embeddable":true,"href":"https:\/\/www.europesays.com\/fr\/wp-json\/wp\/v2\/categories?post=412832"},{"taxonomy":"post_tag","embeddable":true,"href":"https:\/\/www.europesays.com\/fr\/wp-json\/wp\/v2\/tags?post=412832"}],"curies":[{"name":"wp","href":"https:\/\/api.w.org\/{rel}","templated":true}]}}