{"id":412834,"date":"2025-09-23T21:07:14","date_gmt":"2025-09-23T21:07:14","guid":{"rendered":"https:\/\/www.europesays.com\/fr\/412834\/"},"modified":"2025-09-23T21:07:14","modified_gmt":"2025-09-23T21:07:14","slug":"a-la-tribune-de-lonu-donald-trump-fait-durer-le-delire-liberation","status":"publish","type":"post","link":"https:\/\/www.europesays.com\/fr\/412834\/","title":{"rendered":"A la tribune de l\u2019ONU, Donald Trump fait durer le d\u00e9lire \u2013 Lib\u00e9ration"},"content":{"rendered":"<p class=\"sc-cPiKLX AiZTS text-element\">\u00abLe Pr\u00e9sident va pr\u00e9senter sa vision franche et constructive du monde\u00bb, pr\u00e9venait Karoline Leavitt, porte-parole de la Maison Blanche, la veille du discours de Donald Trump devant l\u2019Assembl\u00e9e g\u00e9n\u00e9rale de l\u2019ONU, ce mardi 23 septembre. Le pr\u00e9sident des Etats-Unis n\u2019a pas manqu\u00e9 de r\u00e9pondre aux attentes, commen\u00e7ant son discours par instants d\u00e9jant\u00e9, non pas par l\u2019anniversaire des 80 ans d\u2019existence de l\u2019organisation internationale, mais par le \u00absucc\u00e8s spectaculaire\u00bb de sa pr\u00e9sidence, sa victoire contre l\u2019inflation (qui augmente pourtant) et sa lutte contre l\u2019immigration <a href=\"https:\/\/www.liberation.fr\/international\/amerique\/immigration-entre-le-salvador-et-le-clan-trump-une-union-sacree-tres-interessee-20250318_K2RZLTFJZVFSTEEEWPKFNFYMBA\/\" target=\"_blank\" rel=\"noreferrer noopener\" title=\"https:\/\/www.liberation.fr\/international\/amerique\/immigration-entre-le-salvador-et-le-clan-trump-une-union-sacree-tres-interessee-20250318_K2RZLTFJZVFSTEEEWPKFNFYMBA\/\">gr\u00e2ce \u00e0 la collaboration des ge\u00f4les salvadoriennes<\/a>. <\/p>\n<p class=\"sc-cPiKLX AiZTS text-element\">Avant d\u2019engager un v\u00e9ritable r\u00e9quisitoire contre les Nations unies, se plaignant d\u2019un escalator qui s\u2019est arr\u00eat\u00e9 pendant son ascension vers la salle de l\u2019Assembl\u00e9e g\u00e9n\u00e9rale, du t\u00e9l\u00e9prompteur en panne dont il s\u2019est une fois de plus affranchi avec all\u00e9gresse, sans oublier une digression in\u00e9dite sur les travaux de r\u00e9novation du si\u00e8ge de l\u2019ONU, coupable de ne pas avoir requis ses services de promoteur pour des \u00abtravaux rat\u00e9s et min\u00e9s selon lui par \u201cla corruption\u201d <\/p>\n","protected":false},"excerpt":{"rendered":"\u00abLe Pr\u00e9sident va pr\u00e9senter sa vision franche et constructive du monde\u00bb, pr\u00e9venait Karoline Leavitt, porte-parole de la Maison&hellip;\n","protected":false},"author":2,"featured_media":412835,"comment_status":"","ping_status":"","sticky":false,"template":"","format":"standard","meta":{"footnotes":""},"categories":[1589],"tags":[11,75,73,1866,12,3521,1864,1865,1863,308],"class_list":{"0":"post-412834","1":"post","2":"type-post","3":"status-publish","4":"format-standard","5":"has-post-thumbnail","7":"category-etats-unis","8":"tag-actualites","9":"tag-donald-trump","10":"tag-etats-unis","11":"tag-etats-unis-damerique","12":"tag-news","13":"tag-onu","14":"tag-united-states","15":"tag-united-states-of-america","16":"tag-us","17":"tag-usa"},"share_on_mastodon":{"url":"https:\/\/pubeurope.com\/@fr\/115255656108021683","error":""},"_links":{"self":[{"href":"https:\/\/www.europesays.com\/fr\/wp-json\/wp\/v2\/posts\/412834","targetHints":{"allow":["GET"]}}],"collection":[{"href":"https:\/\/www.europesays.com\/fr\/wp-json\/wp\/v2\/posts"}],"about":[{"href":"https:\/\/www.europesays.com\/fr\/wp-json\/wp\/v2\/types\/post"}],"author":[{"embeddable":true,"href":"https:\/\/www.europesays.com\/fr\/wp-json\/wp\/v2\/users\/2"}],"replies":[{"embeddable":true,"href":"https:\/\/www.europesays.com\/fr\/wp-json\/wp\/v2\/comments?post=412834"}],"version-history":[{"count":0,"href":"https:\/\/www.europesays.com\/fr\/wp-json\/wp\/v2\/posts\/412834\/revisions"}],"wp:featuredmedia":[{"embeddable":true,"href":"https:\/\/www.europesays.com\/fr\/wp-json\/wp\/v2\/media\/412835"}],"wp:attachment":[{"href":"https:\/\/www.europesays.com\/fr\/wp-json\/wp\/v2\/media?parent=412834"}],"wp:term":[{"taxonomy":"category","embeddable":true,"href":"https:\/\/www.europesays.com\/fr\/wp-json\/wp\/v2\/categories?post=412834"},{"taxonomy":"post_tag","embeddable":true,"href":"https:\/\/www.europesays.com\/fr\/wp-json\/wp\/v2\/tags?post=412834"}],"curies":[{"name":"wp","href":"https:\/\/api.w.org\/{rel}","templated":true}]}}