{"id":412851,"date":"2025-09-23T21:18:14","date_gmt":"2025-09-23T21:18:14","guid":{"rendered":"https:\/\/www.europesays.com\/fr\/412851\/"},"modified":"2025-09-23T21:18:14","modified_gmt":"2025-09-23T21:18:14","slug":"pour-sa-premiere-finale-valentin-royer-sincline-contre-bublik-a-hangzou","status":"publish","type":"post","link":"https:\/\/www.europesays.com\/fr\/412851\/","title":{"rendered":"pour sa premi\u00e8re finale, Valentin Royer s\u2019incline contre Bublik \u00e0 Hangzou"},"content":{"rendered":"<p>Pass\u00e9 par les qualifications, le fran\u00e7ais n\u2019aura pas d\u00e9m\u00e9rit\u00e9 et livr\u00e9 une belle bataille. Mais c\u2019est Alexander Bublik qui s\u2019offre son quatri\u00e8me titre de la saison.<\/p>\n<p class=\"fig-paragraph\">Pas de premier titre sur le grand circuit pour\u00a0<a href=\"https:\/\/www.lefigaro.fr\/sports\/tennis\/tennis-valentin-royer-qualifie-a-hangzhou-pour-sa-premiere-finale-atp-20250922?msockid=2338e949ff1a6caa28edff13fe766dd0\" target=\"_blank\" data-fig-type=\"NewsFlash\" rel=\"sponsored noopener\" data-gtm-custom-categorie=\"navigation\" data-gtm-custom-action=\"crossclick\" data-gtm-custom-label=\"Contextuel\" data-gtm-event=\"customEventSPE\" data-fig-domain=\"LEFIGARO\">Valentin Royer<\/a>, le Fran\u00e7ais s\u2019est inclin\u00e9 contre\u00a0<a href=\"https:\/\/www.lefigaro.fr\/sports\/tennis\/roland-garros\/roland-garros-bublik-trop-fort-pour-draper-et-rejoint-les-quarts-20250602?msockid=2338e949ff1a6caa28edff13fe766dd0\" target=\"_blank\" data-fig-type=\"NewsFlash\" rel=\"sponsored noopener\" data-gtm-custom-categorie=\"navigation\" data-gtm-custom-action=\"crossclick\" data-gtm-custom-label=\"Contextuel\" data-gtm-event=\"customEventSPE\" data-fig-domain=\"LEFIGARO\">Alexander Bublik\u00a0<\/a>en deux sets (7-6 [4], 7-6 [4]). Issu des qualifications, le Neuill\u00e9en s\u2019est impos\u00e9 contre un top 20 pour la premi\u00e8re fois de sa carri\u00e8re en battant Andrey Rublev (14e mondiale) avant de s\u2019offrir son compatriote Corentin Moutet en demi-finale. 203e en d\u00e9but d\u2019ann\u00e9e et 88e avant le d\u00e9but du tournoi, Valentin Royer va bondir \u00e0 la 75e place, sa meilleure position en carri\u00e8re. Ce mardi, il est tomb\u00e9 contre un adversaire tout simplement plus fort, le Kazakh n\u2019a pas trembl\u00e9 pour remporter son 4e titre de la saison apr\u00e8s avoir gagn\u00e9 \u00e0 Halle, Gstaad et Kitzbuhel. Un titre sur chaque surface. Seul le num\u00e9ro 1 mondial Carlos Alcaraz a remport\u00e9 plus de troph\u00e9es que le Kazakh cette saison (sept dont Roland-Garros et l\u2019US Open).<\/p>\n<p class=\"fig-paragraph\">Valentin Royer n\u2019aura pas \u00e9t\u00e9 ridicule, loin de l\u00e0. Le Fran\u00e7ais s\u2019est procur\u00e9 ses deux premi\u00e8res balles de break du match dans le premier jeu du deuxi\u00e8me set, mais n\u2019a pas r\u00e9ussi \u00e0 les exploiter face \u00e0 un Bublik solide au service (21 aces). Les deux manches se sont achev\u00e9es par un tie-break, tr\u00e8s disput\u00e9. Mais le Kazakh a \u00e9t\u00e9 beaucoup plus clinique et l\u2019exp\u00e9rience s\u2019est clairement fait sentir. N\u00e9anmoins, ce match ne peut pr\u00e9sager que des belles choses pour la suite de la carri\u00e8re de Valentin Royer.<\/p>\n","protected":false},"excerpt":{"rendered":"Pass\u00e9 par les qualifications, le fran\u00e7ais n\u2019aura pas d\u00e9m\u00e9rit\u00e9 et livr\u00e9 une belle bataille. Mais c\u2019est Alexander Bublik&hellip;\n","protected":false},"author":2,"featured_media":412852,"comment_status":"","ping_status":"","sticky":false,"template":"","format":"standard","meta":{"footnotes":""},"categories":[1415],"tags":[4169,1011,27,60,1467],"class_list":{"0":"post-412851","1":"post","2":"type-post","3":"status-publish","4":"format-standard","5":"has-post-thumbnail","7":"category-tennis","8":"tag-atp","9":"tag-fr","10":"tag-france","11":"tag-sports","12":"tag-tennis"},"share_on_mastodon":{"url":"https:\/\/pubeurope.com\/@fr\/115255699401027864","error":""},"_links":{"self":[{"href":"https:\/\/www.europesays.com\/fr\/wp-json\/wp\/v2\/posts\/412851","targetHints":{"allow":["GET"]}}],"collection":[{"href":"https:\/\/www.europesays.com\/fr\/wp-json\/wp\/v2\/posts"}],"about":[{"href":"https:\/\/www.europesays.com\/fr\/wp-json\/wp\/v2\/types\/post"}],"author":[{"embeddable":true,"href":"https:\/\/www.europesays.com\/fr\/wp-json\/wp\/v2\/users\/2"}],"replies":[{"embeddable":true,"href":"https:\/\/www.europesays.com\/fr\/wp-json\/wp\/v2\/comments?post=412851"}],"version-history":[{"count":0,"href":"https:\/\/www.europesays.com\/fr\/wp-json\/wp\/v2\/posts\/412851\/revisions"}],"wp:featuredmedia":[{"embeddable":true,"href":"https:\/\/www.europesays.com\/fr\/wp-json\/wp\/v2\/media\/412852"}],"wp:attachment":[{"href":"https:\/\/www.europesays.com\/fr\/wp-json\/wp\/v2\/media?parent=412851"}],"wp:term":[{"taxonomy":"category","embeddable":true,"href":"https:\/\/www.europesays.com\/fr\/wp-json\/wp\/v2\/categories?post=412851"},{"taxonomy":"post_tag","embeddable":true,"href":"https:\/\/www.europesays.com\/fr\/wp-json\/wp\/v2\/tags?post=412851"}],"curies":[{"name":"wp","href":"https:\/\/api.w.org\/{rel}","templated":true}]}}