{"id":412855,"date":"2025-09-23T21:22:08","date_gmt":"2025-09-23T21:22:08","guid":{"rendered":"https:\/\/www.europesays.com\/fr\/412855\/"},"modified":"2025-09-23T21:22:08","modified_gmt":"2025-09-23T21:22:08","slug":"league-cup-2025-2026-liverpool-southampton-isak-ekitike-les-recrues-ont-porte-les-reds-eurosport","status":"publish","type":"post","link":"https:\/\/www.europesays.com\/fr\/412855\/","title":{"rendered":"League Cup 2025-2026 &#8211; Liverpool &#8211; Southampton : Isak &#8211; Ekitik\u00e9, les recrues ont port\u00e9 les Reds &#8211; Eurosport"},"content":{"rendered":"<ol>\n<li><a href=\"https:\/\/news.google.com\/rss\/articles\/CBMi-AFBVV95cUxPcU1uRkg1N3hWLXlNOEVjV2JzNXh4VkhHYjNrNERlUXpyTWNzWTh2RkFvMGtYLUlzZHZNNm9zR2dGQ0dsalBac1Nfa1RpM2EzeTVNN0hEREt5NjU2QnpoWk1oTXdNcGVZNlVWT1B0M29mcjhENnhOdTRKYVVzYkhKLVlvY2xfRWV0OTR4ZzRoTzFFRjNHVHNCNjNQQThKZXJhM3pDV0k1U0czUWdUSUktdkctbFVkUmljVkxMVTIzRXlJYkVZTFFMRWhjSmduV05HbjNfUy1HcjhORUNFaEpUbS1LTXZsSVY3RkJEcENtNE9jOXhfcTRSVA?oc=5\" target=\"_blank\" rel=\"noopener\">League Cup 2025-2026 &#8211; Liverpool &#8211; Southampton : Isak &#8211; Ekitik\u00e9, les recrues ont port\u00e9 les Reds<\/a>&nbsp;&nbsp;Eurosport<\/li>\n<li><a href=\"https:\/\/news.google.com\/rss\/articles\/CBMirgFBVV95cUxPVkE5cVd4WkFuUWdNWm00a1NFU3pjZFFDUVItdk1OX0YzSllwQ3llT05OUi0yUUd0TERRY3FveEtVYWl6ajh1c1U0Zk9vME5Pajl0WkV2VEQ3Y2RhOHQwam5IbVdpRTd3OGRub0I2dVMxUnBOZ0FGeFBIQ3hjbFZxUmVnYWdwMW5iQXdpWXBlSmdXVGNDbHJ2amhSdDBQeTJrel85SWZMZ1lEYzVwYVE?oc=5\" target=\"_blank\" rel=\"noopener\">Hugo Ekitike expuls\u00e9 avec Liverpool pour une dr\u00f4le de raison<\/a>&nbsp;&nbsp;Foot Mercato<\/li>\n<li><a href=\"https:\/\/news.google.com\/rss\/articles\/CBMitAFBVV95cUxNZTlUUUM1Ny1NUkxJWWFSUVpTN0F6UkZqZ0l5ejJLcXF5NFVRanRmUWV5LUVUSFdITTBnSlg0YWs4OG15MTRURmJlODBXZHk3dkhramw1cGtGYk9TWldLdEZXczZyVFp5TmZfNUtBTENpNE04cEVacU9TdzRva1FyTVAxM2FTTERHMnViZHFEOWZrVWRPZzYwNUJxdnFpMjVlSko4cGdzUnNKZFI1TjhLSm1zbkk?oc=5\" target=\"_blank\" rel=\"noopener\">Alexander Isak ouvre son compteur avec Liverpool sur un but gag<\/a>&nbsp;&nbsp;L&rsquo;\u00c9quipe<\/li>\n<li><a href=\"https:\/\/news.google.com\/rss\/articles\/CBMirgFBVV95cUxQWExncVBkQWcwYWhtbFFrdUJZdVZnTTN1YkIyNjA2VVNJNHEtQks5ZHUxRWFfU0t6ckVZcDBqRm9zOUlRV3BaRnFwbXVKWGh0MlZ0VHZ3a25WVUVZMEVlY2NuanRwSVBVZjV1V05JZ19BeXB0ZVlzQUdLTFlyYmd5XzZsWDctX2xHYzItSWVhYkxTMzRBaGFxQ0FpNmRySlpDNnBEOUEzRmRYWGZDS2c?oc=5\" target=\"_blank\" rel=\"noopener\">PRONOS PARIS RMC Le pari du jour du 23 septembre &#8211;<\/a>&nbsp;&nbsp;RMC Sport<\/li>\n<li><a href=\"https:\/\/news.google.com\/rss\/articles\/CBMi6wFBVV95cUxNWlRCU0taQVFVQ20zTWlNbV9GSzhJQUU2SWNXVHdSRWdtclZmbmtSZXM3V1duYktGUjdTZG1tSk93RzgyaEdGbjAteGZLaDZMYUhSelAtYzRpWkpoNXlxTWRsSVpTa1hQcTB3WlNUYU1EZEF6SDhoN3F0QVU2enZVM2ZWdndHVEYyVDB5cGZXd3VBbFBveVp2cU54VlJQbzhBN1RlSzgzN1VFUWZZXzRoTnFRRmV0a0JzVlNLMFhRWlpPQURRZHdlVjJrX0IxYi1qS2otVmI3VUt2dldydmpZaHpFRTRHQmZSRWdN?oc=5\" target=\"_blank\" rel=\"noopener\">Will Still va d\u00e9couvrir Anfield ce mardi soir avec Southampton: \u00ab\u00a0Je suis un peu comme tout le monde, j&rsquo;ai regard\u00e9 Liverpool \u00e0 la TV quand j&rsquo;\u00e9tais petit\u00a0\u00bb<\/a>&nbsp;&nbsp;RTL info<\/li>\n<\/ol>\n","protected":false},"excerpt":{"rendered":"League Cup 2025-2026 &#8211; Liverpool &#8211; Southampton : Isak &#8211; Ekitik\u00e9, les recrues ont port\u00e9 les Reds&nbsp;&nbsp;Eurosport Hugo&hellip;\n","protected":false},"author":2,"featured_media":395849,"comment_status":"","ping_status":"","sticky":false,"template":"","format":"standard","meta":{"footnotes":""},"categories":[1412],"tags":[1451,1452,1453,1454,1455,1011,27,60],"class_list":{"0":"post-412855","1":"post","2":"type-post","3":"status-publish","4":"format-standard","5":"has-post-thumbnail","7":"category-f1","8":"tag-f1","9":"tag-formula-1","10":"tag-formula1","11":"tag-formule-1","12":"tag-formule1","13":"tag-fr","14":"tag-france","15":"tag-sports"},"share_on_mastodon":{"url":"https:\/\/pubeurope.com\/@fr\/115255715037630600","error":""},"_links":{"self":[{"href":"https:\/\/www.europesays.com\/fr\/wp-json\/wp\/v2\/posts\/412855","targetHints":{"allow":["GET"]}}],"collection":[{"href":"https:\/\/www.europesays.com\/fr\/wp-json\/wp\/v2\/posts"}],"about":[{"href":"https:\/\/www.europesays.com\/fr\/wp-json\/wp\/v2\/types\/post"}],"author":[{"embeddable":true,"href":"https:\/\/www.europesays.com\/fr\/wp-json\/wp\/v2\/users\/2"}],"replies":[{"embeddable":true,"href":"https:\/\/www.europesays.com\/fr\/wp-json\/wp\/v2\/comments?post=412855"}],"version-history":[{"count":0,"href":"https:\/\/www.europesays.com\/fr\/wp-json\/wp\/v2\/posts\/412855\/revisions"}],"wp:featuredmedia":[{"embeddable":true,"href":"https:\/\/www.europesays.com\/fr\/wp-json\/wp\/v2\/media\/395849"}],"wp:attachment":[{"href":"https:\/\/www.europesays.com\/fr\/wp-json\/wp\/v2\/media?parent=412855"}],"wp:term":[{"taxonomy":"category","embeddable":true,"href":"https:\/\/www.europesays.com\/fr\/wp-json\/wp\/v2\/categories?post=412855"},{"taxonomy":"post_tag","embeddable":true,"href":"https:\/\/www.europesays.com\/fr\/wp-json\/wp\/v2\/tags?post=412855"}],"curies":[{"name":"wp","href":"https:\/\/api.w.org\/{rel}","templated":true}]}}