{"id":412860,"date":"2025-09-23T21:25:12","date_gmt":"2025-09-23T21:25:12","guid":{"rendered":"https:\/\/www.europesays.com\/fr\/412860\/"},"modified":"2025-09-23T21:25:12","modified_gmt":"2025-09-23T21:25:12","slug":"la-legende-franco-italienne-du-cinema-claudia-cardinale-est-morte-a-lage-de-87-ans","status":"publish","type":"post","link":"https:\/\/www.europesays.com\/fr\/412860\/","title":{"rendered":"La l\u00e9gende franco-italienne du cin\u00e9ma Claudia Cardinale est morte \u00e0 l\u2019\u00e2ge de 87\u00a0ans"},"content":{"rendered":"<p>        <img decoding=\"async\" loading=\"lazy\" src=\"https:\/\/www.europesays.com\/fr\/wp-content\/uploads\/2025\/09\/99cc6e5_upload-1-5ajmqh35fjsa-afp-20240209-chlafp-037471-v1-midres-goodbyeetamengoodbyeamengoodbyean.jpeg\"  width=\"728\" height=\"410\" alt=\"La l\u00e9gende franco-italienne du cin\u00e9ma Claudia Cardinale est morte \u00e0 l\u2019\u00e2ge de 87\u00a0ans (Ici dans le film \u00ab\u00a0Goodbye et Amen\u00a0\u00bb de Damiano Damiani, 1977)\"\/>  <\/p>\n<p>CAPITAL FILM &#8211; RIZZOLI FILM \/ Collection ChristopheL via AFP<\/p>\n<p>La l\u00e9gende franco-italienne du cin\u00e9ma Claudia Cardinale est morte \u00e0 l\u2019\u00e2ge de 87\u00a0ans (Ici dans le film \u00ab\u00a0Goodbye et Amen\u00a0\u00bb de Damiano Damiani, 1977)<\/p>\n<p class=\"asset asset-text\">CULTURE &#8211; Elle a subjugu\u00e9 Visconti et Fellini, envo\u00fbt\u00e9 Delon, Belmondo et Mastroianni. L\u2019actrice franco-italienne <a href=\"https:\/\/www.huffingtonpost.fr\/culture\/article\/obseques-d-alain-delon-claudia-cardinale-sa-partenaire-dans-le-guepard-trop-peinee-et-absente_238732.html\" target=\"_blank\" rel=\"noopener\">Claudia Cardinale<\/a>, monument du cin\u00e9ma des ann\u00e9es 1960, est d\u00e9c\u00e9d\u00e9e ce mardi 23\u00a0septembre \u00ab\u00a0\u00e0 l\u2019\u00e2ge de 87 ans aupr\u00e8s de ses enfants\u00a0\u00bb \u00e0 Nemours, pr\u00e8s de Paris, o\u00f9 elle habitait, a annonc\u00e9 son agent \u00e0 l\u2019AFP dans la soir\u00e9e.<\/p>\n<p class=\"asset asset-text\">N\u00e9e le 15\u00a0avaril 1938\u00a0\u00e0 Tunis, Claudia Cardinale a brill\u00e9 de mille feux face aux cam\u00e9ras de Luchino Visconti, <a href=\"https:\/\/www.huffingtonpost.fr\/culture\/article\/pour-une-poignee-de-dollars-le-western-spaghetti-de-sergio-leone-qui-a-rendu-celebre-clint-eastwood-va-avoir-droit-a-un-remake_236706.html\" target=\"_blank\" rel=\"noopener\">Sergio Leone<\/a>, Philippe de Broca, Federico Fellini ou Damiano Damiani. Sa pr\u00e9sence solaire dans plus de 150 films dont les monuments\u00a0Le Gu\u00e9pard\u00a0et\u00a0Huit et demi\u00a0ont marqu\u00e9 des g\u00e9n\u00e9rations de cin\u00e9philes.<\/p>\n<p class=\"asset asset-text\">\u00ab\u00a0Elle nous laisse l\u2019h\u00e9ritage d\u2019une femme libre et inspir\u00e9e tant dans son parcours de femme que d\u2019artiste\u00a0\u00bb, a indiqu\u00e9 son agent Laurent Savry dans un message transmis \u00e0 l\u2019AFP.<\/p>\n<p>    Un drame qui a marqu\u00e9 son d\u00e9but de carri\u00e8re    <\/p>\n<p class=\"asset asset-text\">Cette Italienne de Tunisie naturalis\u00e9e fran\u00e7aise \u00e9tait devenue, sans le vouloir, une star de cin\u00e9ma internationale r\u00e9compens\u00e9e d\u2019un Lion d\u2019Or \u00e0 Venise en 1993 et d\u2019un Ours d\u2019Or \u00e0 Berlin en 2002.<\/p>\n<p class=\"asset asset-text\">Elle a jou\u00e9 dans le meilleur du renouveau italien (Bolognini, Zurlini, Squitieri), brill\u00e9 \u00e0 Hollywood (Edwards, Brooks, Leone), en France (Broca, Verneuil) et m\u00eame en Allemagne avec Werner Herzog et son maudit Fitzcarraldo. \u00ab\u00a0J\u2019ai eu la veine de commencer dans les moments magiques du cin\u00e9ma. Tous les grands metteurs en sc\u00e8ne ont \u00e9t\u00e9 mes ma\u00eetres et moi, je n\u2019ai jamais appel\u00e9 personne. C\u2019est eux qui m\u2019ont demand\u00e9e\u00a0\u00bb, r\u00e9sumait-elle \u00e0 74 ans sur France Culture.<\/p>\n<p class=\"asset asset-text\">\u00c0 17 ans, un concours de beaut\u00e9 qu\u2019elle remporte sans m\u00eame \u00eatre candidate bouleverse sa vie\u00a0: \u00ab\u00a0La plus belle Italienne de Tunis\u00a0\u00bb gagne un voyage \u00e0 la Mostra de Venise o\u00f9 elle fait sensation. \u00ab\u00a0Je ne voulais pas faire de cin\u00e9ma. C\u2019est ma s\u0153ur qui voulait. Mais ils ont tellement insist\u00e9 (&#8230;) que mon p\u00e8re a l\u00e2ch\u00e9\u00a0\u00bb, confiait-elle sur France Inter.<\/p>\n<p class=\"asset asset-text\">D\u00e8s le d\u00e9but de sa carri\u00e8re, la vie de Claudia Cardinale a \u00e9t\u00e9 marqu\u00e9e par un drame. Viol\u00e9e en 1957, \u00e0 ses 16\u00a0ans, elle accouche d\u2019un enfant qu\u2019elle fera passer pour son petit-fr\u00e8re pour ne pas entraver sa carri\u00e8re, relate <a href=\"https:\/\/www.lemonde.fr\/culture\/article\/2025\/09\/23\/claudia-cardinale-l-egerie-du-cinema-italien-est-morte-a-l-age-de-87-ans_6642684_3246.html\" target=\"_blank\" rel=\"noopener\" title=\"Nouvelle fen\u00eatre\">Le Monde<\/a>. Une d\u00e9cision impos\u00e9e par son producteur. Elle r\u00e9v\u00e8lera la v\u00e9rit\u00e9 sept ans plus tard.<\/p>\n<p>                     Une \u00ab\u00a0Bardot brune\u00a0\u00bb    <\/p>\n<p class=\"asset asset-text\">Elle n\u2019a que 22 ans lorsque Visconti la fait tourner dans Rocco et ses fr\u00e8res (1960). Il lui fait peindre ses yeux en noir et lui enseigne le m\u00e9tier. La Cardinale le suivra partout\u00a0: dans Le Gu\u00e9pard en 1963, elle cr\u00e8ve l\u2019\u00e9cran entre Burt Lancaster et Alain Delon. En parall\u00e8le, elle tourne un autre chef d\u2019oeuvre,\u00a0Huit et demi\u00a0de Fellini.<\/p>\n<p class=\"asset asset-text\">\u00c0 23 ans, elle fait une entr\u00e9e fracassante \u00e0 Cannes avec\u00a0La fille \u00e0 la valise de Zurlini et Le mauvais chemin de Bolognini\u00a0: on la prend pour une Bardot brune. Dix ans plus tard, \u00ab\u00a0BB\u00a0\u00bb et \u00ab\u00a0CC\u00a0\u00bb joueront ensemble dans la poussi\u00e8re dans les P\u00e9troleuses.<\/p>\n<p class=\"asset asset-text\">R\u00e9clam\u00e9e par Hollywood o\u00f9 elle refuse de s\u2019installer, elle s\u00e9duit les Am\u00e9ricains dans\u00a0La panth\u00e8re rose, puis\u00a0Le plus grand cirque du monde de Henry Hathaway o\u00f9 elle joue la fille de Rita Hayworth.<\/p>\n<p>                     Refus de se d\u00e9nuder    <\/p>\n<p class=\"asset asset-text\">Apr\u00e8s Sandra de Visconti o\u00f9 elle porte la robe de mari\u00e9e de la m\u00e8re du r\u00e9alisateur, et Les Professionnels\u00a0avec Burt Lancaster, elle est l\u2019h\u00e9ro\u00efne d\u2019\u00a0Il \u00e9tait une fois dans l\u2019Ouest\u00a0de Sergio Leone (1968), seule femme entre Charles Bronson et Henry Fonda.<\/p>\n<p class=\"asset asset-text\">Le Napolitain Pasquale Squitieri, son compagnon pendant presque 30 ans, son \u00ab\u00a0seul amour\u00a0\u00bb et le p\u00e8re de sa fille Claudia, lui fait tourner dix films de 1974 \u00e0 2011.<\/p>\n<p class=\"asset asset-text\">En 2017, le festival de Cannes avait choisi une photo de sa jeunesse pour son affiche, rendant hommage \u00e0 \u00ab\u00a0une com\u00e9dienne aventuri\u00e8re, femme ind\u00e9pendante, citoyenne engag\u00e9e\u00a0\u00bb.<\/p>\n<p class=\"asset asset-text\">\u00ab\u00a0F\u00e9ministe\u00a0\u00bb revendiqu\u00e9e, elle \u00e9tait\u00a0ambassadrice de bonne volont\u00e9\u00a0de l\u2019UNESCO\u00a0pour la d\u00e9fense des\u00a0droits des femmes\u00a0depuis\u00a0mars 2000. Aux jeunes com\u00e9diennes, l\u2019actrice, qui a toujours refus\u00e9 de se d\u00e9nuder, recommandait de ne pas \u00ab\u00a0tout accepter pour un r\u00f4le qui peut vous ab\u00eemer ou vous donner l\u2019impression de vous vendre\u00a0\u00bb.<\/p>\n","protected":false},"excerpt":{"rendered":"CAPITAL FILM &#8211; RIZZOLI FILM \/ Collection ChristopheL via AFP La l\u00e9gende franco-italienne du cin\u00e9ma Claudia Cardinale est&hellip;\n","protected":false},"author":2,"featured_media":412861,"comment_status":"","ping_status":"","sticky":false,"template":"","format":"standard","meta":{"footnotes":""},"categories":[1359],"tags":[650,251,58,59,1011,27,452,4849,973],"class_list":{"0":"post-412860","1":"post","2":"type-post","3":"status-publish","4":"format-standard","5":"has-post-thumbnail","7":"category-people","8":"tag-cinema","9":"tag-culture","10":"tag-divertissement","11":"tag-entertainment","12":"tag-fr","13":"tag-france","14":"tag-italie","15":"tag-morts-en-2025","16":"tag-people"},"share_on_mastodon":{"url":"https:\/\/pubeurope.com\/@fr\/115255727254296537","error":""},"_links":{"self":[{"href":"https:\/\/www.europesays.com\/fr\/wp-json\/wp\/v2\/posts\/412860","targetHints":{"allow":["GET"]}}],"collection":[{"href":"https:\/\/www.europesays.com\/fr\/wp-json\/wp\/v2\/posts"}],"about":[{"href":"https:\/\/www.europesays.com\/fr\/wp-json\/wp\/v2\/types\/post"}],"author":[{"embeddable":true,"href":"https:\/\/www.europesays.com\/fr\/wp-json\/wp\/v2\/users\/2"}],"replies":[{"embeddable":true,"href":"https:\/\/www.europesays.com\/fr\/wp-json\/wp\/v2\/comments?post=412860"}],"version-history":[{"count":0,"href":"https:\/\/www.europesays.com\/fr\/wp-json\/wp\/v2\/posts\/412860\/revisions"}],"wp:featuredmedia":[{"embeddable":true,"href":"https:\/\/www.europesays.com\/fr\/wp-json\/wp\/v2\/media\/412861"}],"wp:attachment":[{"href":"https:\/\/www.europesays.com\/fr\/wp-json\/wp\/v2\/media?parent=412860"}],"wp:term":[{"taxonomy":"category","embeddable":true,"href":"https:\/\/www.europesays.com\/fr\/wp-json\/wp\/v2\/categories?post=412860"},{"taxonomy":"post_tag","embeddable":true,"href":"https:\/\/www.europesays.com\/fr\/wp-json\/wp\/v2\/tags?post=412860"}],"curies":[{"name":"wp","href":"https:\/\/api.w.org\/{rel}","templated":true}]}}