{"id":412864,"date":"2025-09-23T21:28:10","date_gmt":"2025-09-23T21:28:10","guid":{"rendered":"https:\/\/www.europesays.com\/fr\/412864\/"},"modified":"2025-09-23T21:28:10","modified_gmt":"2025-09-23T21:28:10","slug":"patrick-cohen-pris-a-partie-dans-c","status":"publish","type":"post","link":"https:\/\/www.europesays.com\/fr\/412864\/","title":{"rendered":"Patrick Cohen pris \u00e0 partie dans C &#8230;"},"content":{"rendered":"<p>EN BREF<\/p>\n<ul class=\"bloc_resume_post_list\">\n<li>Sur C \u00e0 vous, Manuel Bompard a d\u00e9fendu sa position face \u00e0<br \/>\nPatrick Cohen et Anne-\u00c9lisabeth Lemoine.<\/li>\n<li>Un vif \u00e9change a eu lieu autour de la reconnaissance de<br \/>\nla Palestine et du drapeau projet\u00e9 sur la tour Eiffel.<\/li>\n<li>Le d\u00e9bat a d\u00e9g\u00e9n\u00e9r\u00e9 lorsque des comparaisons avec la<br \/>\nguerre en Ukraine ont \u00e9t\u00e9 \u00e9voqu\u00e9es.<\/li>\n<\/ul>\n<p>L\u2019ambiance \u00e9tait tendue sur C \u00e0 Vous le mardi 23 septembre.<br \/>\nComme dans tous les m\u00e9dias, <a href=\"https:\/\/www.telestar.fr\/societe\/je-le-dis-pour-vous-emmanuel-macron-se-fait-moucher-sur-bfm-le-president-fait-mine-de-rien-1739192\" target=\"_blank\" rel=\"noopener\"><br \/>\nla reconnaissance de la Palestine<\/a> et le discours de Donald<br \/>\nTrump \u00e9taient au c\u0153ur de tous les d\u00e9bats.<\/p>\n<p>Alors qu\u2019<strong>Emmanuel Macron vient de reconna\u00eetre cet \u00c9tat<br \/>\nau nom de la France<\/strong>, un drapeau palestinien et un drapeau<br \/>\nisra\u00e9lien, reli\u00e9s par un rameau d\u2019olivier, ont \u00e9t\u00e9 projet\u00e9s sur la<br \/>\nTour Eiffel. Ce sujet a cr\u00e9\u00e9 une certaine discorde entre l\u2019invit\u00e9<br \/>\nde C \u00e0 Vous et <a href=\"https:\/\/www.telestar.fr\/actu_tv\/patrick-cohen-vif-accrochage-dans-les-couloirs-de-france-inter-hors-antenne-un-celebre-journaliste-balance-1738650\" target=\"_blank\" rel=\"noopener\"><br \/>\nle journaliste Patrick Cohen.<\/a><\/p>\n<p>Tension sur le plateau de C \u00e0 Vous<\/p>\n<p>Cette d\u00e9cision prise par la mairie de Paris a \u00e9t\u00e9 contest\u00e9e par<br \/>\nde nombreuses personnes, <a href=\"https:\/\/www.telestar.fr\/actu_tv\/ayez-la-patience-quon-lea-salame-titille-jean-luc-melenchon-et-ca-lui-revient-en-pleine-poire-1737506\" target=\"_blank\" rel=\"noopener\"><br \/>\ndont Jean-Luc M\u00e9lenchon.<\/a> Anne-\u00c9lisabeth Lemoine, qui a ce<br \/>\nsoir-l\u00e0 re\u00e7u le d\u00e9put\u00e9 du Front populaire Manuel Bompard, l\u2019a<br \/>\nquestionn\u00e9 : \u201cLa solution \u00e0 deux \u00c9tats, ce n\u00a0\u00bbest pas ce que<br \/>\nvous voulez ?\u201d Il r\u00e9agit imm\u00e9diatement en affirmant :<br \/>\n\u201c\u00c9videmment que je suis favorable et partisan de la solution \u00e0<br \/>\ndeux \u00c9tats, mais ce n&rsquo;est pas de \u00e7a dont on est en train de parler<br \/>\nl\u00e0\u201d, expliquant qu\u2019il s\u2019agit d\u2019actes symboliques. Selon lui,<br \/>\non ne peut pas \u201cmettre sur le m\u00eame plan l&rsquo;\u00c9tat qui aujourd&rsquo;hui<br \/>\ncommet un g\u00e9nocide et la population qui en est victime\u201d.<br \/>\nVisiblement, <a href=\"https:\/\/www.telestar.fr\/actu_tv\/c-a-vous-patrick-cohen-se-prend-un-scud-en-direct-pas-a-coup-de-1738593\" target=\"_blank\" rel=\"noopener\"><br \/>\nPatrick Cohen n\u2019est pas d\u2019accord<\/a> et lui reproche de confondre<br \/>\n\u201cl&rsquo;\u00c9tat et le gouvernement. De la m\u00eame fa\u00e7on que vous reprochez<br \/>\n\u00e0 ceux, aux autres, de confondre le Hamas et les<br \/>\nPalestiniens.\u00a0\u00bb<\/p>\n<p>Pour contrer ses arguments, <strong>Manuel Bompard fait un<br \/>\nparall\u00e8le qui n\u2019a pas manqu\u00e9 de surprendre<\/strong> : \u201c\u00c0 aucun<br \/>\nmoment vous n&rsquo;auriez imagin\u00e9 mettre sur le drapeau d&rsquo;une mairie et<br \/>\nle drapeau ukrainien et le drapeau russe. Vous ne l&rsquo;auriez pas<br \/>\nfait.\u201d Ne comprenant pas cette comparaison, <a href=\"https:\/\/www.telestar.fr\/actu_tv\/affaire-legrand-cohen-on-devrait-te-facturer-une-nouvelle-video-vient-en-remettre-une-couche-1738837\" target=\"_blank\" rel=\"noopener\"><br \/>\nPatrick Cohen r\u00e9plique<\/a> en fron\u00e7ant l\u00e9g\u00e8rement les sourcils :<br \/>\n\u201cLa Russie, elle, ne veut qu&rsquo;un \u00c9tat. La Russie voulait envahir<br \/>\nl&rsquo;Ukraine.\u00a0\u00bb \u00c9nerv\u00e9 face \u00e0 cette remarque, le d\u00e9put\u00e9 fran\u00e7ais<br \/>\nperd son calme : \u201c<strong>Ne changez pas de sujet, ce n&rsquo;est pas<br \/>\nce dont on est en train de parler.\u201d<\/strong><\/p>\n<p>C \u00e0 vous : Manuel Bompard reprend<br \/>\nAnne-Elisabeth Lemoine en direct.<\/p>\n<p><a href=\"https:\/\/www.telestar.fr\/actu_tv\/c-a-vous-lambiance-catastrophique-en-coulisses-anne-elisabeth-lemoine-repond-a-demi-mot-1724822\" target=\"_blank\" rel=\"noopener\"><br \/>\nL\u2019ambiance \u00e9tait donc assez \u00e9lectrique sur le plateau de C \u00e0<br \/>\nVous.<\/a> Le d\u00e9bat a continu\u00e9 mais les tensions sont rest\u00e9es<br \/>\npalpables. Ensuite, Manuel Bompard s\u2019est retrouv\u00e9 <strong>en<br \/>\nd\u00e9saccord avec Anne-Elisabeth Lemoine<\/strong> : \u201cCe que je<br \/>\nvous dis, c&rsquo;est que vous ne pouvez pas\u2026 Il y a le sentiment qu&rsquo;il y<br \/>\na une injonction \u00e0 choisir un camp\u201d, lance l\u2019animatrice.<\/p>\n<p>L\u2019homme politique s\u2019insurge : \u201cMais pr\u00e9cis\u00e9ment l&rsquo;inverse,<br \/>\nmadame. Si vous voulez arriver \u00e0 une solution \u00e0 deux \u00c9tats, vous<br \/>\ndevez arr\u00eater le g\u00e9nocide.\u201d<\/p>\n","protected":false},"excerpt":{"rendered":"EN BREF Sur C \u00e0 vous, Manuel Bompard a d\u00e9fendu sa position face \u00e0 Patrick Cohen et Anne-\u00c9lisabeth&hellip;\n","protected":false},"author":2,"featured_media":412865,"comment_status":"","ping_status":"","sticky":false,"template":"","format":"standard","meta":{"footnotes":""},"categories":[1356],"tags":[548,5632,58,59,1011,27,13960,252,1364],"class_list":{"0":"post-412864","1":"post","2":"type-post","3":"status-publish","4":"format-standard","5":"has-post-thumbnail","7":"category-television","8":"tag-article-simple","9":"tag-c-a-vous","10":"tag-divertissement","11":"tag-entertainment","12":"tag-fr","13":"tag-france","14":"tag-patrick-cohen","15":"tag-television","16":"tag-tv"},"share_on_mastodon":{"url":"https:\/\/pubeurope.com\/@fr\/115255738639224069","error":""},"_links":{"self":[{"href":"https:\/\/www.europesays.com\/fr\/wp-json\/wp\/v2\/posts\/412864","targetHints":{"allow":["GET"]}}],"collection":[{"href":"https:\/\/www.europesays.com\/fr\/wp-json\/wp\/v2\/posts"}],"about":[{"href":"https:\/\/www.europesays.com\/fr\/wp-json\/wp\/v2\/types\/post"}],"author":[{"embeddable":true,"href":"https:\/\/www.europesays.com\/fr\/wp-json\/wp\/v2\/users\/2"}],"replies":[{"embeddable":true,"href":"https:\/\/www.europesays.com\/fr\/wp-json\/wp\/v2\/comments?post=412864"}],"version-history":[{"count":0,"href":"https:\/\/www.europesays.com\/fr\/wp-json\/wp\/v2\/posts\/412864\/revisions"}],"wp:featuredmedia":[{"embeddable":true,"href":"https:\/\/www.europesays.com\/fr\/wp-json\/wp\/v2\/media\/412865"}],"wp:attachment":[{"href":"https:\/\/www.europesays.com\/fr\/wp-json\/wp\/v2\/media?parent=412864"}],"wp:term":[{"taxonomy":"category","embeddable":true,"href":"https:\/\/www.europesays.com\/fr\/wp-json\/wp\/v2\/categories?post=412864"},{"taxonomy":"post_tag","embeddable":true,"href":"https:\/\/www.europesays.com\/fr\/wp-json\/wp\/v2\/tags?post=412864"}],"curies":[{"name":"wp","href":"https:\/\/api.w.org\/{rel}","templated":true}]}}