{"id":412886,"date":"2025-09-23T21:40:17","date_gmt":"2025-09-23T21:40:17","guid":{"rendered":"https:\/\/www.europesays.com\/fr\/412886\/"},"modified":"2025-09-23T21:40:17","modified_gmt":"2025-09-23T21:40:17","slug":"firminy-on-ne-peut-pas-attaquer-la-police-municipale-comme-ca","status":"publish","type":"post","link":"https:\/\/www.europesays.com\/fr\/412886\/","title":{"rendered":"Firminy. \u00ab\u00a0On ne peut pas attaquer la police municipale comme \u00e7a\u00a0\u00bb"},"content":{"rendered":"<p>Les plaintes crois\u00e9es d\u00e9pos\u00e9es par un habitant de la vall\u00e9e de l\u2019Ondaine et des policiers municipaux de Firminy se sont invit\u00e9es au conseil municipal mardi soir.<\/p>\n<p>Cet homme de 57 ans, apr\u00e8s avoir \u00e9t\u00e9 interpell\u00e9 place du Breuil le 16\u00a0juillet par les agents de la Ville puis plac\u00e9 en garde \u00e0 vue par la police nationale, assure avoir \u00e9t\u00e9 victime de violences. Les policiers municipaux, eux, disent avoir \u00e9t\u00e9 pris \u00e0 partie et ont d\u00e9pos\u00e9 plainte pour violence, outrages, propos racistes, menaces de mort et r\u00e9bellion.<\/p>\n<p>Patrick Mado s\u2019insurge contre \u00ab\u00a0le discr\u00e9dit jet\u00e9 sur la police municipale\u00a0\u00bb<\/p>\n<p>Patrick Mado a amen\u00e9 le sujet sur la table afin de r\u00e9pondre aux commentaires de Marc Petit dans une publication sur la page Facebook d\u2019Ensemble pour Firminy, le 27\u00a0ao\u00fbt. \u00ab\u00a0Les agents sont tr\u00e8s impact\u00e9s. Ils m\u2019ont demand\u00e9 aide et protection.\u00a0\u00bb Ce post avait d\u00e9j\u00e0 occasionn\u00e9 un communiqu\u00e9 officiel de la&#8230;<\/p>\n","protected":false},"excerpt":{"rendered":"Les plaintes crois\u00e9es d\u00e9pos\u00e9es par un habitant de la vall\u00e9e de l\u2019Ondaine et des policiers municipaux de Firminy&hellip;\n","protected":false},"author":2,"featured_media":412887,"comment_status":"","ping_status":"","sticky":false,"template":"","format":"standard","meta":{"footnotes":""},"categories":[9653],"tags":[119,1111,11,2430,1984,7539,1777,674,274,10282,10283,1011,27,12,316,25,4001],"class_list":{"0":"post-412886","1":"post","2":"type-post","3":"status-publish","4":"format-standard","5":"has-post-thumbnail","7":"category-saint-etienne","8":"tag-accident","9":"tag-actu","10":"tag-actualites","11":"tag-auvergne-rhone-alpes","12":"tag-conseil-municipal","13":"tag-edition-loire-sud","14":"tag-eu","15":"tag-europe","16":"tag-faits-divers-justice","17":"tag-firminy","18":"tag-firminy-ville","19":"tag-fr","20":"tag-france","21":"tag-news","22":"tag-politique","23":"tag-republique-francaise","24":"tag-saint-etienne"},"share_on_mastodon":{"url":"https:\/\/pubeurope.com\/@fr\/115255785819883780","error":""},"_links":{"self":[{"href":"https:\/\/www.europesays.com\/fr\/wp-json\/wp\/v2\/posts\/412886","targetHints":{"allow":["GET"]}}],"collection":[{"href":"https:\/\/www.europesays.com\/fr\/wp-json\/wp\/v2\/posts"}],"about":[{"href":"https:\/\/www.europesays.com\/fr\/wp-json\/wp\/v2\/types\/post"}],"author":[{"embeddable":true,"href":"https:\/\/www.europesays.com\/fr\/wp-json\/wp\/v2\/users\/2"}],"replies":[{"embeddable":true,"href":"https:\/\/www.europesays.com\/fr\/wp-json\/wp\/v2\/comments?post=412886"}],"version-history":[{"count":0,"href":"https:\/\/www.europesays.com\/fr\/wp-json\/wp\/v2\/posts\/412886\/revisions"}],"wp:featuredmedia":[{"embeddable":true,"href":"https:\/\/www.europesays.com\/fr\/wp-json\/wp\/v2\/media\/412887"}],"wp:attachment":[{"href":"https:\/\/www.europesays.com\/fr\/wp-json\/wp\/v2\/media?parent=412886"}],"wp:term":[{"taxonomy":"category","embeddable":true,"href":"https:\/\/www.europesays.com\/fr\/wp-json\/wp\/v2\/categories?post=412886"},{"taxonomy":"post_tag","embeddable":true,"href":"https:\/\/www.europesays.com\/fr\/wp-json\/wp\/v2\/tags?post=412886"}],"curies":[{"name":"wp","href":"https:\/\/api.w.org\/{rel}","templated":true}]}}