{"id":412906,"date":"2025-09-23T21:54:23","date_gmt":"2025-09-23T21:54:23","guid":{"rendered":"https:\/\/www.europesays.com\/fr\/412906\/"},"modified":"2025-09-23T21:54:23","modified_gmt":"2025-09-23T21:54:23","slug":"drapeau-palestinien-sur-la-mairie-la-ville-de-rennes-evite-le-rappel-a-lordre-de-la-justice","status":"publish","type":"post","link":"https:\/\/www.europesays.com\/fr\/412906\/","title":{"rendered":"Drapeau palestinien sur la mairie\u00a0: la Ville de Rennes \u00e9vite le rappel \u00e0 l\u2019ordre de la justice"},"content":{"rendered":"<p>La mise en garde \u00e9manait directement de Bruno Retailleau. Alors que l\u2019\u00c9tat Fran\u00e7ais a officiellement reconnu l\u2019\u00c9tat de Palestine lundi 22 septembre, le ministre de l\u2019int\u00e9rieur souhaitait \u00e9viter que de nombreuses municipalit\u00e9s fassent flotter le drapeau palestinien sur le fronton des mairies. Afin de faire respecter un \u00ab principe de neutralit\u00e9 des services publics \u00bb, il avait demand\u00e9 aux pr\u00e9fets de saisir syst\u00e9matiquement la justice en cas de non-respect de son interdiction par les mairies.<\/p>\n<p>Malgr\u00e9 les avertissements de Bruno Retailleau, la maire de Rennes Nathalie App\u00e9r\u00e9 a tenu <a href=\"https:\/\/www.letelegramme.fr\/ille-et-vilaine\/rennes-35000\/il-est-discret-le-drapeau-palestinien-hisse-sur-de-la-mairie-a-rennes-6894668.php\" target=\"_blank\" rel=\"noopener\">\u00e0 \u00e9riger le drapeau sur l\u2018h\u00f4tel de ville<\/a> pour marquer d\u2019une pierre blanche une journ\u00e9e \u00ab historique \u00bb. Une d\u00e9cision qui a imm\u00e9diatement provoqu\u00e9 la r\u00e9action du Pr\u00e9fet qui a saisi le tribunal administratif (TA) dans la journ\u00e9e pour demander le retrait de la banni\u00e8re.<\/p>\n<p>Un jugement qui fait pschitt<\/p>\n<p>Dans un jugement qui est tomb\u00e9 ce mardi 23 septembre en fin de journ\u00e9e, le TA a indiqu\u00e9 que la demande du pr\u00e9fet \u00e9tait devenue sans objet et a d\u00e9cid\u00e9 qu\u2019il n\u2019y avait plus lieu de statuer puisque le drapeau avait \u00e9t\u00e9\u2026 retir\u00e9 du fronton entre-temps.<\/p>\n<p>Et si la mairie avait d\u00e9cid\u00e9 de le laisser accroch\u00e9 ? Dans les Hauts-de-Seine, la Ville de Malakoff a \u00e9t\u00e9 \u00e9pingl\u00e9e par le TA de Cergy-Pontoise pour avoir maintenu le drapeau palestinien sur son h\u00f4tel de Ville. La justice a ordonn\u00e9 son retrait sous peine d\u2018une astreinte de 150 euros par jour de retard. La mairie de Malakoff devait faire appel devant le Conseil d\u2019\u00c9tat du jugement rendu afin de d\u00e9fendre le principe de libre administration des communes et la libre expression d\u00e9mocratique des \u00e9lus locaux.<\/p>\n","protected":false},"excerpt":{"rendered":"La mise en garde \u00e9manait directement de Bruno Retailleau. Alors que l\u2019\u00c9tat Fran\u00e7ais a officiellement reconnu l\u2019\u00c9tat de&hellip;\n","protected":false},"author":2,"featured_media":412907,"comment_status":"","ping_status":"","sticky":false,"template":"","format":"standard","meta":{"footnotes":""},"categories":[2821],"tags":[1111,11,829,1777,674,1011,27,848,12,3364,584,25],"class_list":{"0":"post-412906","1":"post","2":"type-post","3":"status-publish","4":"format-standard","5":"has-post-thumbnail","7":"category-rennes","8":"tag-actu","9":"tag-actualites","10":"tag-bretagne","11":"tag-eu","12":"tag-europe","13":"tag-fr","14":"tag-france","15":"tag-ille-et-vilaine","16":"tag-news","17":"tag-politique-a-rennes","18":"tag-rennes","19":"tag-republique-francaise"},"share_on_mastodon":{"url":"https:\/\/pubeurope.com\/@fr\/115255841211837526","error":""},"_links":{"self":[{"href":"https:\/\/www.europesays.com\/fr\/wp-json\/wp\/v2\/posts\/412906","targetHints":{"allow":["GET"]}}],"collection":[{"href":"https:\/\/www.europesays.com\/fr\/wp-json\/wp\/v2\/posts"}],"about":[{"href":"https:\/\/www.europesays.com\/fr\/wp-json\/wp\/v2\/types\/post"}],"author":[{"embeddable":true,"href":"https:\/\/www.europesays.com\/fr\/wp-json\/wp\/v2\/users\/2"}],"replies":[{"embeddable":true,"href":"https:\/\/www.europesays.com\/fr\/wp-json\/wp\/v2\/comments?post=412906"}],"version-history":[{"count":0,"href":"https:\/\/www.europesays.com\/fr\/wp-json\/wp\/v2\/posts\/412906\/revisions"}],"wp:featuredmedia":[{"embeddable":true,"href":"https:\/\/www.europesays.com\/fr\/wp-json\/wp\/v2\/media\/412907"}],"wp:attachment":[{"href":"https:\/\/www.europesays.com\/fr\/wp-json\/wp\/v2\/media?parent=412906"}],"wp:term":[{"taxonomy":"category","embeddable":true,"href":"https:\/\/www.europesays.com\/fr\/wp-json\/wp\/v2\/categories?post=412906"},{"taxonomy":"post_tag","embeddable":true,"href":"https:\/\/www.europesays.com\/fr\/wp-json\/wp\/v2\/tags?post=412906"}],"curies":[{"name":"wp","href":"https:\/\/api.w.org\/{rel}","templated":true}]}}