{"id":412908,"date":"2025-09-23T21:55:27","date_gmt":"2025-09-23T21:55:27","guid":{"rendered":"https:\/\/www.europesays.com\/fr\/412908\/"},"modified":"2025-09-23T21:55:27","modified_gmt":"2025-09-23T21:55:27","slug":"le-marche-sauvage-va-mettre-strasbourg-au-vert","status":"publish","type":"post","link":"https:\/\/www.europesays.com\/fr\/412908\/","title":{"rendered":"le march\u00e9 \u00ab Sauvage ! \u00bb va mettre Strasbourg au vert"},"content":{"rendered":"<p>    <img loading=\"lazy\" width=\"1800\" height=\"900\" src=\"https:\/\/www.europesays.com\/fr\/wp-content\/uploads\/2025\/08\/jeanne-callthepolice.jpg\" class=\"attachment-full size-full\" alt=\"\" id=\"imageLove\" decoding=\"async\"  \/><\/p>\n<p id=\"breadcrumbs\"><a href=\"https:\/\/pokaa.fr\/\" target=\"_blank\" rel=\"noopener\">Accueil<\/a> \/ <a href=\"https:\/\/pokaa.fr\/categories\/ses-sorties\/\" target=\"_blank\" rel=\"noopener\">Sorties<\/a> \/ Plantes, artisanat et 2 ateliers : le march\u00e9 \u00ab Sauvage ! \u00bb va mettre Strasbourg au vert<\/p>\n<p>                    Sorties<\/p>\n<p><strong>Vous aimez les plantes ? Mais aussi d\u00e9couvrir des cr\u00e9ateurs\/rices du coin ou apprendre \u00e0 faire des choses avec vos mains ? Restez ici : le march\u00e9 \u00ab Sauvages ! \u00bb revient pour sa troisi\u00e8me \u00e9dition, les 27 et 28 septembre dans le Garage du Graffalgar. Organis\u00e9 par la boutique Tchungle avec plusieurs partenaires \u00e0 l\u2019imagination d\u00e9bordante, il promet d\u2019envoyer du p\u00e2t\u00e9 (v\u00e9g\u00e9tal). On vous d\u00e9taille tout \u00e7a.\u00a0<\/strong><\/p>\n<p><strong>Verdure et cr\u00e9ation : avec le march\u00e9 \u00ab Sauvages ! \u00bb, ce week-end sera plac\u00e9 sous les signes du cocooning et de la d\u00e9couverte. <\/strong>D\u2019un c\u00f4t\u00e9, <strong>Tchungle <\/strong>vous proposera toute une panoplie d\u2019ami(e)s \u00e0 feuilles et fleurs pour votre int\u00e9rieur, et de l\u2019autre, <strong>des cr\u00e9ateurs\/rices<\/strong> vous feront d\u00e9couvrir leur univers tout doux. Pr\u00eat(e)s\u00a0?<\/p>\n<p>                <img width=\"375\" height=\"500\" src=\"https:\/\/www.europesays.com\/fr\/wp-content\/uploads\/2025\/09\/tchungle-pokaa-strasbourg-13.jpg\" class=\"attachment-gallery size-gallery\" alt=\"tchungle plantes\" data-full-url=\"https:\/\/www.europesays.com\/fr\/wp-content\/uploads\/2025\/09\/tchungle-pokaa-strasbourg-13.jpg\" decoding=\"async\" loading=\"lazy\"  \/>            <\/p>\n<p>                <img width=\"375\" height=\"500\" src=\"https:\/\/www.europesays.com\/fr\/wp-content\/uploads\/2025\/09\/tchungle-pokaa-strasbourg-15.jpg\" class=\"attachment-gallery size-gallery\" alt=\"tchungle plantes\" data-full-url=\"https:\/\/www.europesays.com\/fr\/wp-content\/uploads\/2025\/09\/tchungle-pokaa-strasbourg-15.jpg\" decoding=\"async\" loading=\"lazy\"  \/>            <\/p>\n<p>                <img width=\"375\" height=\"500\" src=\"https:\/\/www.europesays.com\/fr\/wp-content\/uploads\/2025\/09\/tchungle-pokaa-strasbourg-16.jpg\" class=\"attachment-gallery size-gallery\" alt=\"tchungle plantes\" data-full-url=\"https:\/\/www.europesays.com\/fr\/wp-content\/uploads\/2025\/09\/tchungle-pokaa-strasbourg-16.jpg\" decoding=\"async\" loading=\"lazy\"  \/>            <\/p>\n<p>                <img width=\"667\" height=\"500\" src=\"https:\/\/www.europesays.com\/fr\/wp-content\/uploads\/2025\/09\/decoration-plantes-sechees-tchungle-image00037.jpeg\" class=\"attachment-gallery size-gallery\" alt=\"Atelier tchungle\" data-full-url=\"https:\/\/www.europesays.com\/fr\/wp-content\/uploads\/2025\/09\/decoration-plantes-sechees-tchungle-image00037.jpeg\" decoding=\"async\" loading=\"lazy\"  \/>            <\/p>\n<p>                <img width=\"667\" height=\"500\" src=\"https:\/\/www.europesays.com\/fr\/wp-content\/uploads\/2025\/09\/decoration-plantes-sechees-tchungle-image00024.jpeg\" class=\"attachment-gallery size-gallery\" alt=\"Atelier tchungle\" data-full-url=\"https:\/\/www.europesays.com\/fr\/wp-content\/uploads\/2025\/09\/decoration-plantes-sechees-tchungle-image00024.jpeg\" decoding=\"async\" loading=\"lazy\"  \/>            <\/p>\n<p>                <img width=\"760\" height=\"500\" src=\"https:\/\/www.europesays.com\/fr\/wp-content\/uploads\/2025\/09\/decoration-plantes-sechees-tchungle-2image00045.jpeg\" class=\"attachment-gallery size-gallery\" alt=\"Atelier tchungle\" data-full-url=\"https:\/\/www.europesays.com\/fr\/wp-content\/uploads\/2025\/09\/decoration-plantes-sechees-tchungle-2image00045.jpeg\" decoding=\"async\" loading=\"lazy\"  \/>            <\/p>\n<p>                    1. \u00e0 3. Tchungle. \u00a9 Coraline Lafon ; 4. \u00e0 6. L&rsquo;Atelier Tchungle. \u00a9 Bastien Pietronave \/ Pokaa<\/p>\n<p>Sauvages : de la verdure et du savoir-faire<\/p>\n<p><strong>Plantes d\u2019int\u00e9rieur \u00e0 petits prix, conseils personnalis\u00e9s, bar \u00e0 fleurs s\u00e9ch\u00e9es :<\/strong> pour les mains vertes mais aussi pour celles et ceux qui sont juste curieux\/ses, <strong>les \u00e9quipes de Tchungle et de l\u2019Atelier Tchungle seront sur place pour vous aider<\/strong> \u00e0 donner une touche de nature \u00e0 votre int\u00e9rieur.<\/p>\n<p>                <img width=\"667\" height=\"500\" src=\"https:\/\/www.europesays.com\/fr\/wp-content\/uploads\/2025\/09\/decoration-plantes-sechees-tchungle-image00031.jpeg\" class=\"attachment-gallery size-gallery\" alt=\"Atelier tchungle\" data-full-url=\"https:\/\/www.europesays.com\/fr\/wp-content\/uploads\/2025\/09\/decoration-plantes-sechees-tchungle-image00031.jpeg\" decoding=\"async\" loading=\"lazy\"  \/>            <\/p>\n<p>                <img width=\"667\" height=\"500\" src=\"https:\/\/www.europesays.com\/fr\/wp-content\/uploads\/2025\/09\/decoration-plantes-sechees-tchungle-image00036.jpeg\" class=\"attachment-gallery size-gallery\" alt=\"Atelier tchungle\" data-full-url=\"https:\/\/www.europesays.com\/fr\/wp-content\/uploads\/2025\/09\/decoration-plantes-sechees-tchungle-image00036.jpeg\" decoding=\"async\" loading=\"lazy\"  \/>            <\/p>\n<p>                    \u00a9 Bastien Pietronave \/ Pokaa<\/p>\n<p>On retrouvera \u00e9galement <strong>de nombreux\/ses artisan(e)s<\/strong> avec de quoi adoucir votre rentr\u00e9e\u00a0: bijoux, illustrations, broderies, mais \u00e9galement bougies, p\u00e2tisseries ou confitures artisanales vous attendent.<\/p>\n<p>On pourra notamment faire coucou \u00e0 <strong>Peony, Chair Sacr\u00e9e, Val\u00e9rie Etterlen, C\u00e9line Dupret, Kneckes &amp; Compagnie, La boutique des Bouleaux ou encore Sosho Studio.<\/strong><\/p>\n<p>                <a href=\"https:\/\/pokaa.fr\/2024\/11\/20\/la-boutique-des-bouleaux-on-a-teste-le-premier-cafe-ceramique-de-strasbourg-atelier\/\" target=\"_blank\" rel=\"noopener\"><br \/>\n                    <img width=\"450\" height=\"270\" src=\"https:\/\/www.europesays.com\/fr\/wp-content\/uploads\/2025\/09\/cafe-ceramique-3-450x270.png\" class=\"attachment-card-horizontal--same-subject size-card-horizontal--same-subject wp-post-image\" alt=\"\" decoding=\"async\" loading=\"lazy\"\/>                <\/a><\/p>\n<p>                <img width=\"501\" height=\"500\" src=\"https:\/\/www.europesays.com\/fr\/wp-content\/uploads\/2025\/09\/peony-1-501x500.png\" class=\"attachment-gallery size-gallery\" alt=\"Peony (1)\" data-full-url=\"https:\/\/pokaa.fr\/wp-content\/uploads\/2023\/09\/peony-1.png\" decoding=\"async\" loading=\"lazy\"  \/>            <\/p>\n<p>                <img width=\"396\" height=\"500\" src=\"https:\/\/www.europesays.com\/fr\/wp-content\/uploads\/2025\/09\/artisans-celine-dupret-ceramique-2-396x500.png\" class=\"attachment-gallery size-gallery\" alt=\"Artisans C\u00e9line Dupret c\u00e9ramique (2)\" data-full-url=\"https:\/\/pokaa.fr\/wp-content\/uploads\/2024\/10\/04\/artisans-celine-dupret-ceramique-2.png\" decoding=\"async\" loading=\"lazy\"  \/>            <\/p>\n<p>                <img width=\"417\" height=\"500\" src=\"https:\/\/www.europesays.com\/fr\/wp-content\/uploads\/2025\/09\/sosho-studio-2-e1710964476838-417x500.jpg\" class=\"attachment-gallery size-gallery\" alt=\"Sosho Studio\" data-full-url=\"https:\/\/pokaa.fr\/wp-content\/uploads\/2024\/03\/20\/sosho-studio-2-e1710964476838.jpg\" decoding=\"async\" loading=\"lazy\"  \/>            <\/p>\n<p>                <img width=\"500\" height=\"500\" src=\"https:\/\/www.europesays.com\/fr\/wp-content\/uploads\/2025\/09\/atelier-cerbere-chair-sacree.jpg\" class=\"attachment-gallery size-gallery\" alt=\"Atelier Cerb\u00e8re + Chair Sacr\u00e9e\" data-full-url=\"https:\/\/www.europesays.com\/fr\/wp-content\/uploads\/2025\/09\/atelier-cerbere-chair-sacree.jpg\" decoding=\"async\" loading=\"lazy\"  \/>            <\/p>\n<p>                    1. \u00a9 Peony &#8211; Quentin Jaffr\u00e9 ; 2. \u00a9 C\u00e9line Dupret ; 3. \u00a9 Sosho Studio ; 4. Chair Sacr\u00e9e. \u00a9 Atelier Cerb\u00e8re \/ Captures d&rsquo;\u00e9cran<\/p>\n<p>Mettre les mimines \u00e0 la p\u00e2te<\/p>\n<p>Et pour celles et ceux qui voudraient en profiter pour explorer leurs instincts cr\u00e9atifs, <strong>deux ateliers sont pr\u00e9vus.<\/strong><\/p>\n<p>                <img width=\"359\" height=\"500\" src=\"https:\/\/www.europesays.com\/fr\/wp-content\/uploads\/2025\/09\/capture-decran-2025-09-22-212803-359x500.png\" class=\"attachment-gallery size-gallery\" alt=\"atelier tchungle barrette fleurs\" data-full-url=\"https:\/\/pokaa.fr\/wp-content\/uploads\/2025\/09\/22\/capture-decran-2025-09-22-212803.png\" decoding=\"async\" loading=\"lazy\"  \/>            <\/p>\n<p>                <img width=\"378\" height=\"500\" src=\"https:\/\/www.europesays.com\/fr\/wp-content\/uploads\/2025\/09\/capture-decran-2025-09-22-212753-378x500.png\" class=\"attachment-gallery size-gallery\" alt=\"atelier tchungle barrette fleurs\" data-full-url=\"https:\/\/pokaa.fr\/wp-content\/uploads\/2025\/09\/22\/capture-decran-2025-09-22-212753.png\" decoding=\"async\" loading=\"lazy\"  \/>            <\/p>\n<p>                    \u00a9 L&rsquo;Atelier Tchungle \/ Captures d&rsquo;\u00e9cran<\/p>\n<p>Le samedi de 14h \u00e0 16h, l\u2019Atelier Tchungle vous apprendra \u00e0 <strong>r\u00e9aliser de superbes barrettes de fleurs, <\/strong>tandis que le dimanche toute la journ\u00e9e, l\u2019Atelier des Bouleaux organisera <strong>un atelier libre de peinture sur c\u00e9ramique.<\/strong><\/p>\n<p><strong>Alors, vous venez ?\u00a0<\/strong><\/p>\n<p>                <img width=\"375\" height=\"500\" src=\"https:\/\/www.europesays.com\/fr\/wp-content\/uploads\/2025\/09\/img-9690-375x500.jpeg\" class=\"attachment-gallery size-gallery\" alt=\"La Boutique des Bouleaux caf\u00e9 C\u00e9ramique\" data-full-url=\"https:\/\/pokaa.fr\/wp-content\/uploads\/2024\/11\/20\/img-9690.jpeg\" decoding=\"async\" loading=\"lazy\"  \/>            <\/p>\n<p>                <img width=\"375\" height=\"500\" src=\"https:\/\/www.europesays.com\/fr\/wp-content\/uploads\/2025\/06\/img-9687-375x500.jpeg\" class=\"attachment-gallery size-gallery\" alt=\"La Boutique des Bouleaux caf\u00e9 C\u00e9ramique\" data-full-url=\"https:\/\/pokaa.fr\/wp-content\/uploads\/2024\/11\/20\/img-9687.jpeg\" decoding=\"async\" loading=\"lazy\"  \/>            <\/p>\n<p>                    La Boutique des Bouleaux. \u00a9 Bastien Pietronave \/ Pokaa<\/p>\n<p>            Sauvages !<\/p>\n<p>            Quoi ? <\/p>\n<p>March\u00e9 de plantes et de cr\u00e9ateurs\/rices avec ateliers<\/p>\n<p>                Quand ?<\/p>\n<p>Le 27 septembre de 10h \u00e0 19h<br \/>Le 28 septembre de 10h \u00e0 18h<\/p>\n<p>            o\u00f9 ?<\/p>\n<p>Le Garage du Graffalgar, 21 rue D\u00e9serte, \u00e0 Strasbourg<\/p>\n<p>                Plus d&rsquo;infos ?<\/p>\n<p><a href=\"https:\/\/www.instagram.com\/tchungle\/\" target=\"_blank\" rel=\"noopener\">Page Instagram de Tchungle<\/a><br \/><a href=\"https:\/\/www.instagram.com\/latelier_tchungle\/\" target=\"_blank\" rel=\"noopener\">Page Instagram de l\u2019Atelier Tchungle <\/a><br \/><a href=\"https:\/\/www.facebook.com\/events\/le-garage-du-graffalgar\/sauvages-march%C3%A9-de-plantes-de-cr%C3%A9ateurs-locaux\/1363216061683442\/\" target=\"_blank\" rel=\"noopener\">Page Facebook de l\u2019\u00e9v\u00e9nement<\/a><\/p>\n<p>Entr\u00e9e libre<\/p>\n<p><script async src=\"\/\/www.instagram.com\/embed.js\"><\/script><\/p>\n","protected":false},"excerpt":{"rendered":"Accueil \/ Sorties \/ Plantes, artisanat et 2 ateliers : le march\u00e9 \u00ab Sauvage ! \u00bb va mettre&hellip;\n","protected":false},"author":2,"featured_media":412909,"comment_status":"","ping_status":"","sticky":false,"template":"","format":"standard","meta":{"footnotes":""},"categories":[2820],"tags":[1111,11,1777,674,1011,27,775,54366,12,4896,25,34701,640,54367],"class_list":{"0":"post-412908","1":"post","2":"type-post","3":"status-publish","4":"format-standard","5":"has-post-thumbnail","7":"category-strasbourg","8":"tag-actu","9":"tag-actualites","10":"tag-eu","11":"tag-europe","12":"tag-fr","13":"tag-france","14":"tag-grand-est","15":"tag-marche-de-createurs","16":"tag-news","17":"tag-plantes","18":"tag-republique-francaise","19":"tag-sauvages","20":"tag-strasbourg","21":"tag-tchungle"},"share_on_mastodon":{"url":"https:\/\/pubeurope.com\/@fr\/115255846178728524","error":""},"_links":{"self":[{"href":"https:\/\/www.europesays.com\/fr\/wp-json\/wp\/v2\/posts\/412908","targetHints":{"allow":["GET"]}}],"collection":[{"href":"https:\/\/www.europesays.com\/fr\/wp-json\/wp\/v2\/posts"}],"about":[{"href":"https:\/\/www.europesays.com\/fr\/wp-json\/wp\/v2\/types\/post"}],"author":[{"embeddable":true,"href":"https:\/\/www.europesays.com\/fr\/wp-json\/wp\/v2\/users\/2"}],"replies":[{"embeddable":true,"href":"https:\/\/www.europesays.com\/fr\/wp-json\/wp\/v2\/comments?post=412908"}],"version-history":[{"count":0,"href":"https:\/\/www.europesays.com\/fr\/wp-json\/wp\/v2\/posts\/412908\/revisions"}],"wp:featuredmedia":[{"embeddable":true,"href":"https:\/\/www.europesays.com\/fr\/wp-json\/wp\/v2\/media\/412909"}],"wp:attachment":[{"href":"https:\/\/www.europesays.com\/fr\/wp-json\/wp\/v2\/media?parent=412908"}],"wp:term":[{"taxonomy":"category","embeddable":true,"href":"https:\/\/www.europesays.com\/fr\/wp-json\/wp\/v2\/categories?post=412908"},{"taxonomy":"post_tag","embeddable":true,"href":"https:\/\/www.europesays.com\/fr\/wp-json\/wp\/v2\/tags?post=412908"}],"curies":[{"name":"wp","href":"https:\/\/api.w.org\/{rel}","templated":true}]}}