{"id":412910,"date":"2025-09-23T21:56:33","date_gmt":"2025-09-23T21:56:33","guid":{"rendered":"https:\/\/www.europesays.com\/fr\/412910\/"},"modified":"2025-09-23T21:56:33","modified_gmt":"2025-09-23T21:56:33","slug":"petit-recap-pour-y-voir-plus-clair-dans-les-municipales-2026","status":"publish","type":"post","link":"https:\/\/www.europesays.com\/fr\/412910\/","title":{"rendered":"petit r\u00e9cap pour y voir plus clair dans les municipales 2026"},"content":{"rendered":"<p><b>Apr\u00e8s un \u00e9t\u00e9 relativement calme, la campagne des municipales \u00e0 Strasbourg s\u2019est acc\u00e9l\u00e9r\u00e9e ces derni\u00e8res semaines, et ne risque pas de ralentir. Pour y voir un peu plus clair, on a concoct\u00e9 un petit r\u00e9sum\u00e9 des forces en pr\u00e9sence. Candidat(e)s d\u00e9j\u00e0 d\u00e9clar\u00e9(e)s, gros partis encore dans l\u2019ind\u00e9cision et mouvements plus petits mais qui comptent bien peser\u2026 C\u2019est parti pour le r\u00e9cap\u2019.<\/b><\/p>\n<p class=\"p1\">C\u2019est bon, on y est : la campagne des municipales 2026 \u00e0 Strasbourg reprend de plus belle. Apr\u00e8s un \u00e9t\u00e9 plut\u00f4t calme en annonces, <b>le petit monde de la politique locale strasbourgeoise se r\u00e9veille avec la rentr\u00e9e et se pr\u00e9pare \u00e0 une bataille qui va \u00eatre longue<\/b>, entre sondages, alliances et coups de th\u00e9\u00e2tre.<\/p>\n<p class=\"p1\"><b>\u00c0 ce sujet, le dernier en date concerne Nicolas Matt, qui a annonc\u00e9 se ranger derri\u00e8re Jean-Philippe Vetter<\/b>\u00a0<a href=\"https:\/\/c.dna.fr\/elections\/2025\/09\/20\/nicolas-matt-(renaissance)-se-range-derriere-jean-philippe-vetter-(lr)-a-strasbourg\" target=\"_blank\" rel=\"noopener\">via les DNA.<\/a> L\u2019ancien membre du parti Renaissance \u00e9tait cr\u00e9dit\u00e9 de 4% dans le sondage divulgu\u00e9 par le quotidien local. <strong>Un rapprochement expliqu\u00e9 par le travail commun des deux hommes \u00e0 la CEA, mais sans doute aussi par l\u2019impossibilit\u00e9 pour Nicolas Matt d\u2019\u00eatre t\u00eate de liste pour les municipales<\/strong>. Apr\u00e8s le PS puis la macronie, c\u2019est une troisi\u00e8me dynamique politique sur laquelle glisse d\u00e9sormais Nicolas Matt.<\/p>\n<p>                <a href=\"https:\/\/pokaa.fr\/2025\/09\/15\/municipales-2026-cest-quoi-ce-sondage-qui-place-trautmann-et-vetter-en-tete-a-strasbourg\/\" target=\"_blank\" rel=\"noopener\"><br \/>\n                    <img width=\"450\" height=\"270\" src=\"https:\/\/www.europesays.com\/fr\/wp-content\/uploads\/2025\/09\/1758169937_637_okkkk-450x270.png\" class=\"attachment-card-horizontal--same-subject size-card-horizontal--same-subject wp-post-image\" alt=\"\" decoding=\"async\" loading=\"lazy\"\/>                <\/a><\/p>\n<p class=\"p1\">Alors que tout s\u2019acc\u00e9l\u00e8re, petit r\u00e9capitulatif des forces en pr\u00e9sence. <b>Candidat(e)s d\u00e9clar\u00e9(e)s, partis dans l\u2019ind\u00e9cision et petits mouvements comptant peser<\/b>, il y a de quoi faire dans la jungle des municipales strasbourgeoises.<\/p>\n<p>    <img width=\"800\" height=\"600\" src=\"https:\/\/www.europesays.com\/fr\/wp-content\/uploads\/2025\/04\/img-4783-800x600.jpg\" class=\"attachment-image-size-L size-image-size-L\" alt=\"hotel de ville\" decoding=\"async\" loading=\"lazy\"  \/>         \u00a9 Nicolas Kaspar \/ Pokaa <\/p>\n<p>Les candidat(e)s d\u00e9clar\u00e9(e)s<br \/>\nJean-Philippe Vetter (Les R\u00e9publicains)<\/p>\n<p class=\"p1\">Jean-Philippe Vetter a \u00e9t\u00e9 le premier \u00e0 se lancer dans la bataille des municipales le 28 f\u00e9vrier dernier, <a href=\"https:\/\/pokaa.fr\/2025\/03\/02\/municipales-2026-dans-sa-lettre-aux-strasbourgeois-jean-philippe-vetter-se-porte-candidat\/\" target=\"_blank\" rel=\"noopener\">dans sa \u00ab Lettre aux Strasbourgeois \u00bb<\/a>. Depuis, \u00e0 travers son mouvement \u00ab Aimer Strasbourg \u00bb, il \u00e9gr\u00e8ne des propositions et actions politiques : <b><a href=\"https:\/\/pokaa.fr\/2025\/04\/01\/municipales-2026-jean-philippe-vetter-veut-mobiliser-les-commercantes-strasbourgeoises\/\" target=\"_blank\" rel=\"noopener\">inscription des commer\u00e7ant(e)s sur les listes \u00e9lectorales<\/a>, <a href=\"https:\/\/pokaa.fr\/2025\/06\/24\/municipales-2026-jean-philippe-vetter-souhaite-reparer-strasbourg-ville-fracturee\/\" target=\"_blank\" rel=\"noopener\">10 temps d\u2019\u00e9changes avec les Strasbourgeois(es) dans les quartiers<\/a>, pr\u00e9sentation de son \u00e9quipe le \u00ab XV de Strasbourg \u00bb, ou encore le sondage qu\u2019il a command\u00e9<\/b>, le pla\u00e7ant en position de l\u2019emporter en mars prochain.<\/p>\n<p class=\"p1\">\u00c0 moins de six mois des \u00e9lections, il ne lui manque finalement plus qu\u2019un programme, d\u00e9sormais en cours d\u2019\u00e9laboration. <b>Se positionnant d\u00e8s le d\u00e9but comme le candidat naturel d\u2019union de la droite et du centre (et donc des oppositions), il peut se satisfaire du coup politique que repr\u00e9sente le rangement de Nicolas Matt derri\u00e8re lui, cimentant cette place dans l\u2019esprit des votant(e)s \u00e0 droite<\/b>. Surtout, il met en difficult\u00e9 Pierre Jakubowicz (seulement cr\u00e9dit\u00e9 de 6% dans le fameux sondage), le parti Renaissance et le groupe Centristes et Progressistes. Sacr\u00e9 bingo. Pour l\u2019instant donc, tout roule pour Jean-Philippe Vetter ; mais la campagne est encore longue.<\/p>\n<p>    <img width=\"800\" height=\"600\" src=\"https:\/\/www.europesays.com\/fr\/wp-content\/uploads\/2025\/06\/img-9565-grande-800x600.jpeg\" class=\"attachment-image-size-L size-image-size-L\" alt=\"vetter\" decoding=\"async\" loading=\"lazy\"  \/>         \u00a9 Nicolas Kaspar \/ Pokaa <\/p>\n<p>Jeanne Barseghian (Les \u00c9cologistes)<\/p>\n<p class=\"p1\"><a href=\"https:\/\/pokaa.fr\/2025\/07\/07\/municipales-2026-a-strasbourg-jeanne-barseghian-entre-dans-la-bataille-politique\/\" target=\"_blank\" rel=\"noopener\">L\u2019actuelle maire de Strasbourg a annonc\u00e9 sa candidature en juillet<\/a>. Une d\u00e9cision logique, mais au timing \u00e9trange, la p\u00e9riode estivale ayant coup\u00e9 toute possibilit\u00e9 de dynamique. <b>Annon\u00e7ant vouloir \u00eatre maire le plus longtemps possible, l\u2019\u00e9dile strasbourgeoise ne rentrera en campagne qu\u2019\u00e0 partir de 2026<\/b>. En attendant, il y a de quoi faire, puisqu\u2019il faut mener tous les chantiers \u00e0 leur terme avant la fin 2025 : <a href=\"https:\/\/pokaa.fr\/2025\/03\/03\/strasbourg-ferme-depuis-20-ans-lancien-tunnel-des-halles-va-rouvrir-avant-la-fin-de-lannee\/\" target=\"_blank\" rel=\"noopener\">le tunnel des Halles<\/a>, <a href=\"https:\/\/pokaa.fr\/2025\/08\/31\/chantier-xxl-a-415-millions-de-a-strasbourg-la-bretelle-des-halles-se-devoile\/\" target=\"_blank\" rel=\"noopener\">sa bretelle<\/a> et <a href=\"https:\/\/pokaa.fr\/2025\/08\/21\/travaux-a-strasbourg-circuler-dans-le-secteur-des-halles-sera-complexe-pendant-2-mois\/\" target=\"_blank\" rel=\"noopener\">plus g\u00e9n\u00e9ralement tout le secteur<\/a>, <a href=\"https:\/\/pokaa.fr\/2025\/04\/04\/la-colmarienne-une-piste-cyclable-de-4-km-va-relier-le-centre-de-strasbourg-au-baggersee\/\" target=\"_blank\" rel=\"noopener\">la Colmarienne<\/a>, <a href=\"https:\/\/pokaa.fr\/2025\/04\/27\/projet-a-122-millions-de-a-strasbourg-on-sait-enfin-quand-sera-mis-en-service-le-tram-ouest\/\" target=\"_blank\" rel=\"noopener\">le tram Ouest<\/a>, ou encore <a href=\"https:\/\/pokaa.fr\/2025\/05\/25\/liberee-des-voitures-a-strasbourg-la-place-du-temple-neuf-acheve-sa-transformation\/\" target=\"_blank\" rel=\"noopener\">la place du Temple-Neuf<\/a> et <a href=\"https:\/\/pokaa.fr\/2025\/06\/11\/strasbourg-on-en-sait-plus-sur-le-bowling-de-lorangerie-qui-ouvre-ses-portes-dans-6-mois\/\" target=\"_blank\" rel=\"noopener\">le bowling de l\u2019Orangerie<\/a>.<\/p>\n<p class=\"p1\">Pour le moment, la maire structure donc son \u00e9quipe, avant de s\u2019atteler \u00e0 sa r\u00e9\u00e9lection. Une t\u00e2che qui ne sera pas ais\u00e9e, puisqu\u2019elle devra r\u00e9pondre de son mandat face aux listes d\u2019opposition et aux Strasbourgeois(es). <b>Aussi, contrairement \u00e0 2020, elle n\u2019aura plus le vent dans le dos qu\u2019avaient connu les \u00e9cologistes, la focale s\u2019\u00e9tant d\u00e9plac\u00e9e de la lutte pour le climat \u00e0 celle sur le pouvoir d\u2019achat et contre la pr\u00e9carit\u00e9<\/b>. Par ailleurs, elle devra \u00e9galement faire avec une liste LFI qui lui prendra des voix et de l\u2019espace. <strong>Sa r\u00e9\u00e9lection pourrait ainsi d\u00e9pendre de sa capacit\u00e9 \u00e0 concilier justice climatique et justice sociale, ainsi qu\u2019une potentielle union au deuxi\u00e8me tour<\/strong>. Chemin ardu.<\/p>\n<p>    <img width=\"800\" height=\"535\" src=\"https:\/\/www.europesays.com\/fr\/wp-content\/uploads\/2025\/09\/musee-zoologique-dsc02377-800x535.jpeg\" class=\"attachment-image-size-L size-image-size-L\" alt=\"Jeanne Barseghian\" decoding=\"async\" loading=\"lazy\"  \/>         \u00a9 Anthony Jilli \/ Pokaa <\/p>\n<p>Pierre Jakubowicz (Horizons)<\/p>\n<p class=\"p1\">Derni\u00e8re grosse t\u00eate locale \u00e0 se lancer dans la jungle des municipales, Pierre Jakubowicz n\u2019a surpris personne <a href=\"https:\/\/pokaa.fr\/2025\/09\/04\/fin-du-suspens-a-strasbourg-pierre-jakubowicz-est-candidat-aux-municipales-2026\/\" target=\"_blank\" rel=\"noopener\">en se d\u00e9clarant candidat d\u00e9but septembre<\/a>. <b>Opposant le plus actif du mandat de Jeanne Barseghian, le candidat Horizons pr\u00e9pare son moment depuis tr\u00e8s longtemps<\/b>. Il a pass\u00e9 la vitesse sup\u00e9rieure ces deux derni\u00e8res ann\u00e9es, <a href=\"https:\/\/pokaa.fr\/2024\/11\/26\/curiosite-politique-pierre-jakubowicz-veut-creer-12-kiosques-dans-les-quartiers-de-strasbourg\/\" target=\"_blank\" rel=\"noopener\">proposant de cr\u00e9er 12 kiosques dans les quartiers<\/a>, <a href=\"https:\/\/pokaa.fr\/2025\/04\/06\/municipales-2026-a-strasbourg-pierre-jakubowicz-mise-sur-25-deleguees-dans-les-quartiers\/\" target=\"_blank\" rel=\"noopener\">s\u2019entourant de 25 d\u00e9l\u00e9gu\u00e9(e)s<\/a> et <a href=\"https:\/\/pokaa.fr\/2025\/06\/20\/municipales-2026-pierre-jakubowicz-imagine-strasbourg-en-grand-avec-son-programme\/\" target=\"_blank\" rel=\"noopener\">imaginant \u00ab\u00a0Strasbourg en grand\u00a0\u00bb<\/a>, premi\u00e8re \u00e9bauche r\u00e9fl\u00e9chie de son programme.<\/p>\n<p class=\"p1\">N\u00e9anmoins, dans sa qu\u00eate de l\u2019H\u00f4tel de Ville, Pierre Jakubowicz fait face \u00e0 plusieurs difficult\u00e9s. En premier lieu, la mainmise de Jean-Philippe Vetter sur l\u2019\u00e9lectorat de droite l\u2019isole. Un isolement intensifi\u00e9 par le ralliement de Nicolas Matt derri\u00e8re le candidat LR. <b>La r\u00e9serve de voix \u00e0 droite n\u2019\u00e9tant pas infinie \u00e0 Strasbourg, cela risque d\u2019\u00eatre compliqu\u00e9 pour lui de se cr\u00e9er une place<\/b>. Surtout que le rejet du macronisme le p\u00e9nalise, lui qui est identifi\u00e9 par son soutien au gouvernement ces derni\u00e8res ann\u00e9es. De l\u00e0 \u00e0 le \u00ab\u00a0forcer\u00a0\u00bb \u00e0 faire une alliance ? La campagne r\u00e9serve encore bien des surprises, alors qui sait ?<\/p>\n<p>    <img width=\"800\" height=\"600\" src=\"https:\/\/www.europesays.com\/fr\/wp-content\/uploads\/2025\/04\/img-7934-grande-800x600.jpeg\" class=\"attachment-image-size-L size-image-size-L\" alt=\"pierre jakubowicz\" decoding=\"async\" loading=\"lazy\"  \/>         \u00a9 Nicolas Kaspar \/ Pokaa <\/p>\n<p>Virginie Joron (Rassemblement National)<\/p>\n<p>Pour le RN, la conqu\u00eate du tr\u00f4ne municipal se fera avec Virginie Joron. <strong>R\u00e9\u00e9lue d\u00e9put\u00e9e europ\u00e9enne en 2024, et arrivant en 3e position au second tour des l\u00e9gislatives de 2024 dans la 2e circonscription de Strasbourg<\/strong>, <a href=\"https:\/\/www.rue89strasbourg.com\/tag\/virginie-joron\" target=\"_blank\" rel=\"noopener\">celle qui, selon Rue89,<\/a> s\u2019est fait \u00ab remarquer au sein des milieux antivaccins par son opposition vive \u00e0 l\u2019obligation vaccinale et ses remises en cause r\u00e9p\u00e9t\u00e9es de l\u2019efficacit\u00e9 des vaccins \u00bb\u00a0a men\u00e9 une campagne de tracts durant l\u2019\u00e9t\u00e9 avec un mot d\u2019ordre : \u00ab Arr\u00eatez d\u2019emmerder les Strasbourgeois ! \u00bb<\/p>\n<p>La candidate d\u2019extr\u00eame droite, <a href=\"https:\/\/www.rue89strasbourg.com\/virginie-joron-liste-noire-parlement-europeen-211769\" target=\"_blank\" rel=\"noopener\">\u00e9galement plac\u00e9e sur \u00ab liste noire \u00bb par le Parlement europ\u00e9en en 2021<\/a>, a ainsi un double objectif pour les municipales : <strong>\u00ab sauver Strasbourg de ce naufrage \u00bb, mais \u00e9galement faire passer le RN au-dessus des 10 %<\/strong>. Avec ce score, pas inatteignable pour le parti d\u2019extr\u00eame droite au vu des derni\u00e8res \u00e9lections l\u00e9gislatives, le parti se maintiendrait au second tour, et pourrait ainsi envoyer au moins sa t\u00eate de liste au conseil municipal.<\/p>\n<p>    <img width=\"467\" height=\"600\" src=\"https:\/\/www.europesays.com\/fr\/wp-content\/uploads\/2025\/09\/960px-1718810508494-20240619-joron-virginie-fr-004-467x600.jpg\" class=\"attachment-image-size-M size-image-size-M\" alt=\"virginie joron\" decoding=\"async\" loading=\"lazy\"  \/>         \u00a9 Parlement europ\u00e9en \/ Document remis <\/p>\n<p>Thibault Vinci (Parti radical de gauche)<\/p>\n<p class=\"p1\">Dernier candidat d\u00e9clar\u00e9 \u00e0 l\u2019heure o\u00f9 cet article est r\u00e9dig\u00e9, <b>Thibaut Vinci repr\u00e9sente le Parti radical de gauche (PRG), un parti de centre-gauche<\/b>. L\u2019ancien candidat aux l\u00e9gislatives de 2022 dans la 2e circonscription de Strasbourg [il avait r\u00e9alis\u00e9 2,47 %, ndlr] compte bien \u00ab transformer Strasbourg en une m\u00e9tropole plus s\u00fbre, plus inclusive et rayonnante sur la sc\u00e8ne fran\u00e7aise et europ\u00e9enne \u00bb.<\/p>\n<p class=\"p1\"><a href=\"https:\/\/www.facebook.com\/permalink.php?story_fbid=pfbid0X2Z99wdu7U4nLVhuPjCWnapracSSp4pZAHfS8WMpeAYNA5MyC8ZPz6AUBnUKyqpSl&amp;id=100064850854066\" target=\"_blank\" rel=\"noopener\">Pour y parvenir<\/a>, <b>il d\u00e9veloppe 10 priorit\u00e9s, dont la premi\u00e8re est de renforcer la s\u00e9curit\u00e9 dans tous les quartiers<\/b> [g\u00e9n\u00e9ralement pas une priorit\u00e9 de la gauche, ndlr]. Thibaut Vinci veut \u00e9galement faire de Strasbourg une capitale europ\u00e9enne accessible \u00e0 toutes et tous, promouvoir la justice sociale et la solidarit\u00e9 et valoriser la culture et le patrimoine. Enfin, <b>il appelle \u00e0 une primaire \u00e0 gauche et au centre-gauche en octobre<\/b> ; une initiative pour l\u2019instant seulement rejointe par Laurine Roux du Parti radical, et Chantal Cutajar, de Cap 21. Difficile d\u2019y joindre le PS strasbourgeois, souhaitant d\u00e9j\u00e0 partir en solo.<\/p>\n<p>    <img width=\"426\" height=\"600\" src=\"https:\/\/www.europesays.com\/fr\/wp-content\/uploads\/2025\/09\/514184184-10161985543013220-3294505032087273843-n-426x600.jpg\" class=\"attachment-image-size-M size-image-size-M\" alt=\"thibaut vinci\" decoding=\"async\" loading=\"lazy\"  \/>         \u00a9 Page Facebook de Thibaut Vinci \/ Capture d&rsquo;\u00e9cran <\/p>\n<p>Les partis encore ind\u00e9cis<br \/>\nParti Socialiste : une liste autonome, dont la t\u00eate sera connue en novembre<\/p>\n<p class=\"p1\">Officiellement, le PS doit attendre d\u00e9but novembre et les investitures du parti pour d\u00e9signer un(e) candidat(e). Il est donc normal qu\u2019aucune t\u00eate de liste ne se soit pour le moment d\u00e9clar\u00e9e. <b>On peut n\u00e9anmoins raisonnablement penser que Catherine Trautmann est la grande favorite pour mars prochain<\/b>, au vu du peu d\u2019offres alternatives existantes chez les socialistes strasbourgeois(es).<\/p>\n<p class=\"p1\">Sillonnant en ce moment Strasbourg \u00e0 la rencontre des habitant(e)s,<b> l\u2019ancienne maire se voit en plus confort\u00e9e par le sondage la pla\u00e7ant au coude \u00e0 coude avec Jean-Philippe Vetter<\/b>. Si des rebondissements sont encore possibles, et qu\u2019elle pourrait \u00eatre challeng\u00e9e en interne par Lindia Ibiem de Convergence, Catherine Trautmann se pr\u00e9pare doucement mais s\u00fbrement. Derni\u00e8re information : <b>le PS a d\u00e9cid\u00e9 de pr\u00e9senter une liste autonome<\/b>. Un choix strasbourgeois, pourtant contest\u00e9 par certain(e)s en interne. On n\u2019est pas \u00e0 l\u2019abri de surprises.<\/p>\n<p>    <img width=\"800\" height=\"600\" src=\"https:\/\/www.europesays.com\/fr\/wp-content\/uploads\/2025\/04\/img-7952-grande-800x600.jpeg\" class=\"attachment-image-size-L size-image-size-L\" alt=\"catherine trautmann\" decoding=\"async\" loading=\"lazy\"  \/>         \u00a9 Nicolas Kaspar \/ Pokaa <\/p>\n<p>La France Insoumise : qui pour mener la liste ?<\/p>\n<p class=\"p1\">Depuis 2022, LFI remporte presque toutes les \u00e9lections nationales dans lesquelles elle se pr\u00e9sente \u00e0 Strasbourg. Une place pr\u00e9pond\u00e9rante dans l\u2019\u00e9lectorat strasbourgeois que Benjamin Kuntz et Lisa Farault, co-chef(fe)s de file LFI \u00e0 Strasbourg, comptent bien faire fructifier, loin des r\u00e9sultats de 2020 [2,99 %, ndlr]. <b>Apr\u00e8s s\u2019\u00eatre davantage structur\u00e9, le mouvement compte porter un projet qui soit un\u00a0\u00ab\u00a0vrai tournant social et populaire\u00a0\u00bb<\/b>, <a href=\"https:\/\/pokaa.fr\/2025\/09\/03\/municipales-2026-lfi-se-lance-a-strasbourg-pour-mener-un-tournant-social-et-populaire\/\" target=\"_blank\" rel=\"noopener\">en poussant plus loin les th\u00e9matiques de logement, de la jeunesse et des familles, ou encore de l\u2019accessibilit\u00e9 des transports en commun<\/a>.<\/p>\n<p class=\"p1\">La question qui demeure reste d\u00e9sormais celle de l\u2019incarnation : <b>si le choix naturel se porte sur Emmanuel Fernandes, d\u00e9put\u00e9 de la 2e circonscription strasbourgeoise et figure locale la plus identifi\u00e9e<\/b>, rien n\u2019a encore \u00e9t\u00e9 act\u00e9. Une chose est s\u00fbre : avec une figure bien identifi\u00e9e, LFI pourrait jouer un r\u00f4le important dans ces municipales, tout particuli\u00e8rement dans un deuxi\u00e8me tour aux possibilit\u00e9s tr\u00e8s ouvertes.<\/p>\n<p>    <img width=\"800\" height=\"504\" src=\"https:\/\/www.europesays.com\/fr\/wp-content\/uploads\/2025\/09\/1000003024-1-1-800x504.jpg\" class=\"attachment-image-size-L size-image-size-L\" alt=\"lfi benjamin kuntz lisa farault\" decoding=\"async\" loading=\"lazy\"  \/>         \u00a9 LFI Strasbourg \/ Document remis <\/p>\n<p>Renaissance : alliance ou liste autonome ?<\/p>\n<p class=\"p1\">Dernier gros parti \u00e0 ne pas encore avoir d\u00e9sign\u00e9 de t\u00eate de liste, Renaissance se retrouve dans une situation compliqu\u00e9e : doubl\u00e9 par Pierre Jakubowicz, touch\u00e9 par le rangement de Nicolas Matt derri\u00e8re la liste LR [m\u00eame s\u2019il n\u2019\u00e9tait plus membre du parti depuis fin 2024, ndlr], <b>le parti pr\u00e9sidentiel ne sait pas trop o\u00f9 se positionner dans cette course des municipales strasbourgeoises<\/b>. Quelques jours apr\u00e8s le congr\u00e8s de rentr\u00e9e \u00e0 Arras, il n\u2019y a toujours pas de t\u00eate de liste, <a href=\"https:\/\/pokaa.fr\/2025\/06\/26\/municipales-2026-le-parti-renaissance-travaille-sur-10-missions-pour-strasbourg\/\" target=\"_blank\" rel=\"noopener\">alors que le parti a travaill\u00e9 sur 10 missions pour Strasbourg<\/a>.<\/p>\n<p class=\"p1\">Si une personnalit\u00e9 est finalement d\u00e9sign\u00e9e, elle devra r\u00e9pondre \u00e0 plusieurs d\u00e9fis : se d\u00e9marquer de Pierre Jakubowicz et de Jean-Philippe Vetter, tout en combattant la mauvaise r\u00e9putation du macronisme. Si elle s\u2019ouvre vers le centre-gauche, elle devra alors se d\u00e9marquer du PS. <b>L\u2019issue la plus probable serait donc une alliance, comme cela a \u00e9t\u00e9 fait \u00e0 Lyon<\/b>. Mais avec qui ? En soutien de Pierre Jakubowicz ? Du PS ? Voire de Jean-Philippe Vetter ? De nombreuses questions entourent donc Renaissance, qui ne d\u00e9marre pas de la meilleure des mani\u00e8res \u00e0 Strasbourg.<\/p>\n<p>    <img width=\"800\" height=\"494\" src=\"https:\/\/www.europesays.com\/fr\/wp-content\/uploads\/2025\/09\/img-7849-2-grande-800x494.jpeg\" class=\"attachment-image-size-L size-image-size-L\" alt=\"renaissance municipales\" decoding=\"async\" loading=\"lazy\"  \/>         \u00a9 Nicolas Kaspar \/ Pokaa <\/p>\n<p>Les mouvements qui comptent peser dans les municipales<br \/>\nR\u00e9concilier Strasbourg, le mouvement de Paul Meyer<\/p>\n<p class=\"p1\">Cinq ans apr\u00e8s son d\u00e9part, Paul Meyer s\u2019est rappel\u00e9 au bon souvenir des Strasbourgeois(es) <a href=\"https:\/\/pokaa.fr\/2025\/07\/23\/municipales-2026-avec-son-nouveau-mouvement-paul-meyer-veut-reconcilier-strasbourg\/\" target=\"_blank\" rel=\"noopener\">en cr\u00e9ant son mouvement \u00ab\u00a0R\u00e9concilier Strasbourg\u00a0\u00bb avec Nawel Rafik Elmrini<\/a>. L\u2019ancien adjoint de Roland Ries, derri\u00e8re les projets de pi\u00e9tonnisation des rues du Jeu-des-Enfants et du 22-Novembre, a d\u00e9j\u00e0 mis dans le d\u00e9bat public plusieurs propositions, <b>notamment pour adapter Strasbourg au r\u00e9chauffement climatique ou plus r\u00e9cemment un pacte de confiance avec l\u2019\u00e9conomie locale<\/b>.<\/p>\n<p class=\"p1\">Appelant de ses voeux un rassemblement du centre et du centre-gauche,<b> il reste d\u00e9sormais \u00e0 voir o\u00f9 Paul Meyer et Nawel Rafik Elmrini se positionneront dans la campagne des municipales<\/b>. En tant que t\u00eate de liste ? En appui d\u2019une hypoth\u00e9tique candidature Renaissance ? En soutien du PS ? Le suspens reste entier.<\/p>\n<p>    <img width=\"800\" height=\"600\" src=\"https:\/\/www.europesays.com\/fr\/wp-content\/uploads\/2025\/07\/img-9685-2-grande-800x600.jpeg\" class=\"attachment-image-size-L size-image-size-L\" alt=\"paul meyer nawel rafki elmrini\" decoding=\"async\" loading=\"lazy\"  \/>         \u00a9 Nicolas Kaspar \/ Pokaa <\/p>\n<p>Convergence, la plateforme qui veut travailler pour l\u2019union de la gauche<\/p>\n<p class=\"p1\">Alors que le PS souhaite partir en solo, et que la gauche risque d\u2019\u00eatre dispers\u00e9e dans la campagne des municipales, <b>Convergence s\u2019est donn\u00e9e la lourde t\u00e2che de remettre tout le monde autour de la table et de servir de catalyseur \u00e0 la r\u00e9ussite de la gauche<\/b>. Dirig\u00e9e par la socialiste Linda Ibiem, l\u2019association a depuis quatre ans travaill\u00e9 sur un programme \u00ab\u00a0Strasbourg vivant\u00a0\u00bb, reposant sur la solidarit\u00e9 et l\u2019emploi, l\u2019\u00e9ducation, la culture, l\u2019environnement et les mobilit\u00e9s.<\/p>\n<p class=\"p1\"><b>Il se pourrait \u00e9galement que Convergence soit un caillou dans la chaussure du PS strasbourgeois, dont elle conteste fermement la d\u00e9cision, et le vote, d\u2019une feuille de route autonome<\/b>. Ainsi, Linda Ibiem n\u2019exclut pas de se porter candidate pour l\u2019investiture socialiste, tandis que Convergence ne se cache pas de vouloir \u00eatre au centre des discussions \u00e0 gauche. On n\u2019est sans doute pas \u00e0 l\u2019abri de surprises.<\/p>\n<p>    <img width=\"395\" height=\"600\" src=\"https:\/\/www.europesays.com\/fr\/wp-content\/uploads\/2025\/09\/1000012273-395x600.jpg\" class=\"attachment-image-size-M size-image-size-M\" alt=\"linda ibiem convergence\" decoding=\"async\" loading=\"lazy\"  \/>         \u00a9 Convergence \/ Document remis <\/p>\n<p>Cap 21, qui propose une \u00ab\u00a0boussole\u00a0\u00bb pour les Strasbourgeois(es)<\/p>\n<p class=\"p1\">Si Chantal Cutajar ne se pr\u00e9sente pas cette fois comme candidate pour les municipales, <b>l\u2019ancienne adjointe de Roland Ries compte bien participer au \u00ab\u00a0bloc central\u00a0\u00bb, ainsi qu\u2019aux r\u00e9flexions et d\u00e9bats de la campagne<\/b>. Pour cela, elle propose avec son parti Cap 21 une \u00ab\u00a0boussole\u00a0\u00bb pour Strasbourg et les Strasbourgeois(es) avec comme but un rassemblement le plus large possible d\u00e8s le 1er tour.<\/p>\n<p class=\"p1\">Une m\u00e9thode organis\u00e9e autour de quatre p\u00f4les : <b>la R\u00e9publique et la la\u00efcit\u00e9 comme le cadre commun, la co-construction de la d\u00e9mocratie comme la m\u00e9thode, mais aussi l\u2019exemplarit\u00e9 des \u00e9lu(e)s et la protection du vivant en assurant s\u00e9curit\u00e9, sant\u00e9, logement et \u00e9cologie<\/b>. Des axes qui seront accompagn\u00e9s de deux grandes propositions autour de la dimension europ\u00e9enne de Strasbourg, qui seront d\u00e9voil\u00e9es le 26 septembre.<\/p>\n<p>    <img width=\"352\" height=\"600\" src=\"https:\/\/www.europesays.com\/fr\/wp-content\/uploads\/2025\/09\/capture-decran-2025-09-17-a-170956-352x600.png\" class=\"attachment-image-size-M size-image-size-M\" alt=\"cap21\" decoding=\"async\" loading=\"lazy\"  \/>         \u00a9 Chantal Cutajar \/ Document remis <\/p>\n<p>UTILES, le mouvement centriste qui veut \u00eatre\u2026 utile<\/p>\n<p class=\"p1\">Toujours au centre, le mouvement UTILES 67 veut faire honneur \u00e0 son nom. \u00c9manation locale du groupe parlementaire LIOT, il veut \u00ab\u00a0apporter des r\u00e9ponses concr\u00e8tes et humaines\u00a0\u00bb aux probl\u00e8mes actuellement travers\u00e9s par Strasbourg. <b>D\u00e9plorant un manque d\u2019\u00e9coute, une fracture sociale, une crise du logement et la pr\u00e9carit\u00e9 de l\u2019emploi dans la ville<\/b>, son chef de file Mohamed Sylla a d\u00e9j\u00e0 men\u00e9 plusieurs actions \u00e0 Strasbourg comme un cahier de dol\u00e9ances, des barbecues populaires ou la sensibilisation \u00e0 l\u2019inscription des jeunes sur les listes \u00e9lectorales.<\/p>\n<p class=\"p1\">Alors que la construction du programme est en cours avec les citoyen(ne)s,\u00a0UTILES annonce vouloir s\u2019engager dans la campagne \u00e9lectorale des municipales. <b>Pas d\u2019alliances pr\u00e9vues pour le moment pour le mouvement centriste, qui devra r\u00e9ussir \u00e0 se d\u00e9marquer<\/b>. Pour cela, Mohamed Sylla compte sur un projet \u00ab dans lequel les Strasbourgeois(es) se reconna\u00eetront quelles que soient leur sensibilit\u00e9, origine, cat\u00e9gorie professionnelle \u00bb.<\/p>\n<p>    <img width=\"800\" height=\"600\" src=\"https:\/\/www.europesays.com\/fr\/wp-content\/uploads\/2025\/09\/1904fe40-499b-4602-b1c1-462a15295426-800x600.jpeg\" class=\"attachment-image-size-L size-image-size-L\" alt=\"mohamed sylla\" decoding=\"async\" loading=\"lazy\"  \/>         \u00a9 UTILES Bas-Rhin \/ Document remis <\/p>\n","protected":false},"excerpt":{"rendered":"Apr\u00e8s un \u00e9t\u00e9 relativement calme, la campagne des municipales \u00e0 Strasbourg s\u2019est acc\u00e9l\u00e9r\u00e9e ces derni\u00e8res semaines, et ne&hellip;\n","protected":false},"author":2,"featured_media":412911,"comment_status":"","ping_status":"","sticky":false,"template":"","format":"standard","meta":{"footnotes":""},"categories":[2820],"tags":[1111,11,4188,1777,674,1011,27,775,33949,7125,3434,12,4333,316,3370,25,640],"class_list":{"0":"post-412910","1":"post","2":"type-post","3":"status-publish","4":"format-standard","5":"has-post-thumbnail","7":"category-strasbourg","8":"tag-actu","9":"tag-actualites","10":"tag-elections-municipales","11":"tag-eu","12":"tag-europe","13":"tag-fr","14":"tag-france","15":"tag-grand-est","16":"tag-jean-philippe-vetter","17":"tag-jeanne-barseghian","18":"tag-municipales-2026","19":"tag-news","20":"tag-pierre-jakubowicz","21":"tag-politique","22":"tag-renaissance","23":"tag-republique-francaise","24":"tag-strasbourg"},"share_on_mastodon":{"url":"https:\/\/pubeurope.com\/@fr\/115255849326422114","error":""},"_links":{"self":[{"href":"https:\/\/www.europesays.com\/fr\/wp-json\/wp\/v2\/posts\/412910","targetHints":{"allow":["GET"]}}],"collection":[{"href":"https:\/\/www.europesays.com\/fr\/wp-json\/wp\/v2\/posts"}],"about":[{"href":"https:\/\/www.europesays.com\/fr\/wp-json\/wp\/v2\/types\/post"}],"author":[{"embeddable":true,"href":"https:\/\/www.europesays.com\/fr\/wp-json\/wp\/v2\/users\/2"}],"replies":[{"embeddable":true,"href":"https:\/\/www.europesays.com\/fr\/wp-json\/wp\/v2\/comments?post=412910"}],"version-history":[{"count":0,"href":"https:\/\/www.europesays.com\/fr\/wp-json\/wp\/v2\/posts\/412910\/revisions"}],"wp:featuredmedia":[{"embeddable":true,"href":"https:\/\/www.europesays.com\/fr\/wp-json\/wp\/v2\/media\/412911"}],"wp:attachment":[{"href":"https:\/\/www.europesays.com\/fr\/wp-json\/wp\/v2\/media?parent=412910"}],"wp:term":[{"taxonomy":"category","embeddable":true,"href":"https:\/\/www.europesays.com\/fr\/wp-json\/wp\/v2\/categories?post=412910"},{"taxonomy":"post_tag","embeddable":true,"href":"https:\/\/www.europesays.com\/fr\/wp-json\/wp\/v2\/tags?post=412910"}],"curies":[{"name":"wp","href":"https:\/\/api.w.org\/{rel}","templated":true}]}}