{"id":412934,"date":"2025-09-23T22:10:23","date_gmt":"2025-09-23T22:10:23","guid":{"rendered":"https:\/\/www.europesays.com\/fr\/412934\/"},"modified":"2025-09-23T22:10:23","modified_gmt":"2025-09-23T22:10:23","slug":"un-appartement-ravage-par-un-incendie-aux-minguettes","status":"publish","type":"post","link":"https:\/\/www.europesays.com\/fr\/412934\/","title":{"rendered":"un appartement ravag\u00e9 par un incendie aux Minguettes"},"content":{"rendered":"<p itemprop=\"description\"><strong>Un impressionnant incendie s\u2019est d\u00e9clar\u00e9 ce mardi 23 septembre en d\u00e9but d\u2019apr\u00e8s-midi dans le quartier des Minguettes \u00e0 V\u00e9nissieux.<\/strong><\/p>\n<p>Le feu a pris vers 13 heures dans un logement situ\u00e9 au sixi\u00e8me \u00e9tage d\u2019un immeuble passage L\u00e9on-Feix.<\/p>\n<p>Une vid\u00e9o largement partag\u00e9e sur les r\u00e9seaux sociaux, montre une \u00e9paisse fum\u00e9e noire s\u2019\u00e9chapper de l\u2019appartement tandis que des flammes jaillissent des fen\u00eatres. La sc\u00e8ne a rapidement alert\u00e9 les riverains.<\/p>\n<p>Une quinzaine de pompiers ont \u00e9t\u00e9 mobilis\u00e9s pour circonscrire le sinistre. Si l\u2019appartement a \u00e9t\u00e9 d\u00e9truit, aucune victime n\u2019est \u00e0 d\u00e9plorer.<\/p>\n<blockquote class=\"tiktok-embed\" style=\"max-width: 605px; min-width: 325px;\" cite=\"https:\/\/www.tiktok.com\/@nasserchaabistes\/video\/7553242835907005699\" data-video-id=\"7553242835907005699\"><p>&#13;<br \/>\n<a title=\"@nasserchaabistes\" href=\"https:\/\/www.tiktok.com\/@nasserchaabistes?refer=embed\" target=\"_blank\" rel=\"noopener\">@nasserchaabistes<\/a> <a title=\"venissieux\" href=\"https:\/\/www.tiktok.com\/tag\/venissieux?refer=embed\" target=\"_blank\" rel=\"noopener\">#venissieux<\/a> <a title=\"bfmtv\" href=\"https:\/\/www.tiktok.com\/tag\/bfmtv?refer=embed\" target=\"_blank\" rel=\"noopener\">#bfmtv<\/a> <a title=\"cnews\" href=\"https:\/\/www.tiktok.com\/tag\/cnews?refer=embed\" target=\"_blank\" rel=\"noopener\">#cnews<\/a> <a title=\"\u266c Raining Outside - Sound Library XL\" href=\"https:\/\/www.tiktok.com\/music\/Raining-Outside-6694707911479789570?refer=embed\" target=\"_blank\" rel=\"noopener\">\u266c Raining Outside &#8211; Sound Library XL<\/a>&#13;\n<\/p><\/blockquote>\n<p>\t\t  <script async src=\"\/\/www.tiktok.com\/embed.js\"><\/script><\/p>\n","protected":false},"excerpt":{"rendered":"Un impressionnant incendie s\u2019est d\u00e9clar\u00e9 ce mardi 23 septembre en d\u00e9but d\u2019apr\u00e8s-midi dans le quartier des Minguettes \u00e0&hellip;\n","protected":false},"author":2,"featured_media":412935,"comment_status":"","ping_status":"","sticky":false,"template":"","format":"standard","meta":{"footnotes":""},"categories":[1889],"tags":[1111,11,2813,2190,2430,1109,251,1112,2811,1777,674,118,1011,27,1922,1110,1114,2428,2810,12,241,316,25,2812,517,800],"class_list":{"0":"post-412934","1":"post","2":"type-post","3":"status-publish","4":"format-standard","5":"has-post-thumbnail","7":"category-lyon","8":"tag-actu","9":"tag-actualites","10":"tag-article","11":"tag-asvel","12":"tag-auvergne-rhone-alpes","13":"tag-breves","14":"tag-culture","15":"tag-depeches","16":"tag-economique","17":"tag-eu","18":"tag-europe","19":"tag-faits-divers","20":"tag-fr","21":"tag-france","22":"tag-info","23":"tag-informations","24":"tag-infos","25":"tag-lyon","26":"tag-lyonmag","27":"tag-news","28":"tag-ol","29":"tag-politique","30":"tag-republique-francaise","31":"tag-sociale","32":"tag-sport","33":"tag-transports"},"share_on_mastodon":{"url":"https:\/\/pubeurope.com\/@fr\/115255903762290220","error":""},"_links":{"self":[{"href":"https:\/\/www.europesays.com\/fr\/wp-json\/wp\/v2\/posts\/412934","targetHints":{"allow":["GET"]}}],"collection":[{"href":"https:\/\/www.europesays.com\/fr\/wp-json\/wp\/v2\/posts"}],"about":[{"href":"https:\/\/www.europesays.com\/fr\/wp-json\/wp\/v2\/types\/post"}],"author":[{"embeddable":true,"href":"https:\/\/www.europesays.com\/fr\/wp-json\/wp\/v2\/users\/2"}],"replies":[{"embeddable":true,"href":"https:\/\/www.europesays.com\/fr\/wp-json\/wp\/v2\/comments?post=412934"}],"version-history":[{"count":0,"href":"https:\/\/www.europesays.com\/fr\/wp-json\/wp\/v2\/posts\/412934\/revisions"}],"wp:featuredmedia":[{"embeddable":true,"href":"https:\/\/www.europesays.com\/fr\/wp-json\/wp\/v2\/media\/412935"}],"wp:attachment":[{"href":"https:\/\/www.europesays.com\/fr\/wp-json\/wp\/v2\/media?parent=412934"}],"wp:term":[{"taxonomy":"category","embeddable":true,"href":"https:\/\/www.europesays.com\/fr\/wp-json\/wp\/v2\/categories?post=412934"},{"taxonomy":"post_tag","embeddable":true,"href":"https:\/\/www.europesays.com\/fr\/wp-json\/wp\/v2\/tags?post=412934"}],"curies":[{"name":"wp","href":"https:\/\/api.w.org\/{rel}","templated":true}]}}