{"id":412936,"date":"2025-09-23T22:11:19","date_gmt":"2025-09-23T22:11:19","guid":{"rendered":"https:\/\/www.europesays.com\/fr\/412936\/"},"modified":"2025-09-23T22:11:19","modified_gmt":"2025-09-23T22:11:19","slug":"lr-investit-une-quarantaine-de-candidats-notamment-a-lyon-et-marseille-2","status":"publish","type":"post","link":"https:\/\/www.europesays.com\/fr\/412936\/","title":{"rendered":"LR investit une quarantaine de candidats, notamment \u00e0 Lyon et Marseille"},"content":{"rendered":"<p class=\"fs-5 \">\u00ab\u00a0Notre objectif est de battre la gauche, en particulier l\u2019extr\u00eame gauche\u00a0\u00bb, a affirm\u00e9 la ministre de l\u2019Agriculture Annie Genevard \u00e0 l\u2019issue d\u2019une r\u00e9union de la commission nationale d\u2019investiture (CNI) qu\u2019elle pr\u00e9side et qui avait d\u00e9j\u00e0 d\u00e9sign\u00e9 Rachida Dati comme candidate \u00e0 Paris il y a un mois.<\/p>\n<p class=\"fs-5 \">La CNI a apport\u00e9 formellement son soutien \u00e0 Jean-Michel Aulas, qui b\u00e9n\u00e9ficie du soutien du socle commun, tout en d\u00e9signant Pierre Olivier comme chef de file de LR \u00e0 Lyon.<\/p>\n<p class=\"fs-5 \">\u00ab\u00a0Les chefs de file ont pour r\u00f4le de peser sur la composition de la liste men\u00e9e par un candidat qui n\u2019est pas de notre parti\u00a0\u00bb, a soulign\u00e9 un dirigeant des R\u00e9publicains.<\/p>\n<p class=\"fs-5 \">A Marseille, une autre ville que la droite esp\u00e8re ravir \u00e0 la gauche, LR a investi la DVD Martine Vassal.<\/p>\n<p class=\"fs-5 \">A Pau, la ville de l\u2019ex-Premier ministre Fran\u00e7ois Bayrou, LR a lanc\u00e9 dans la course Eric Saubatte.<\/p>\n<p class=\"fs-5 \">La CNI a investit sans surprise \u00e0 Nantes Foulques Chombart de Lauwe, d\u00e9sign\u00e9 lors d\u2019une primaire.<\/p>\n<p class=\"fs-5 \">Une seule investiture n\u2019a pas \u00e9t\u00e9 vot\u00e9e \u00e0 l\u2019unanimit\u00e9, celle de Brice Droineau \u00e0 Tours, qui a \u00e9t\u00e9 rejet\u00e9e par deux membres de la CNI, dont Laurent Wauquiez le patron des d\u00e9put\u00e9s LR qui a estim\u00e9 que la f\u00e9d\u00e9ration d\u2019Indre-et-Loire \u00ab\u00a0n\u2019avait pas \u00e9t\u00e9 \u00e9cout\u00e9e\u00a0\u00bb, a-t-il confi\u00e9.<\/p>\n<p class=\"fs-5 \">A Saint-Etienne, o\u00f9 le maire sortant Ga\u00ebl Perdriau avait \u00e9t\u00e9 exclu du parti \u00e0 la suite de ses d\u00e9m\u00eal\u00e9s avec la justice, Les R\u00e9publicains ont opt\u00e9 pour Dino Cinieri.<\/p>\n<p class=\"fs-5 \">Dans le fief de la droite qu\u2019est Neuilly-sur-Seine, ils ont investi Geoffroy Didier, un proche de Laurent Wauquiez.<\/p>\n","protected":false},"excerpt":{"rendered":"\u00ab\u00a0Notre objectif est de battre la gauche, en particulier l\u2019extr\u00eame gauche\u00a0\u00bb, a affirm\u00e9 la ministre de l\u2019Agriculture Annie&hellip;\n","protected":false},"author":2,"featured_media":412937,"comment_status":"","ping_status":"","sticky":false,"template":"","format":"standard","meta":{"footnotes":""},"categories":[1889],"tags":[1111,11,2430,1777,674,1011,27,2428,3434,12,25],"class_list":{"0":"post-412936","1":"post","2":"type-post","3":"status-publish","4":"format-standard","5":"has-post-thumbnail","7":"category-lyon","8":"tag-actu","9":"tag-actualites","10":"tag-auvergne-rhone-alpes","11":"tag-eu","12":"tag-europe","13":"tag-fr","14":"tag-france","15":"tag-lyon","16":"tag-municipales-2026","17":"tag-news","18":"tag-republique-francaise"},"share_on_mastodon":{"url":"https:\/\/pubeurope.com\/@fr\/115255907840002401","error":""},"_links":{"self":[{"href":"https:\/\/www.europesays.com\/fr\/wp-json\/wp\/v2\/posts\/412936","targetHints":{"allow":["GET"]}}],"collection":[{"href":"https:\/\/www.europesays.com\/fr\/wp-json\/wp\/v2\/posts"}],"about":[{"href":"https:\/\/www.europesays.com\/fr\/wp-json\/wp\/v2\/types\/post"}],"author":[{"embeddable":true,"href":"https:\/\/www.europesays.com\/fr\/wp-json\/wp\/v2\/users\/2"}],"replies":[{"embeddable":true,"href":"https:\/\/www.europesays.com\/fr\/wp-json\/wp\/v2\/comments?post=412936"}],"version-history":[{"count":0,"href":"https:\/\/www.europesays.com\/fr\/wp-json\/wp\/v2\/posts\/412936\/revisions"}],"wp:featuredmedia":[{"embeddable":true,"href":"https:\/\/www.europesays.com\/fr\/wp-json\/wp\/v2\/media\/412937"}],"wp:attachment":[{"href":"https:\/\/www.europesays.com\/fr\/wp-json\/wp\/v2\/media?parent=412936"}],"wp:term":[{"taxonomy":"category","embeddable":true,"href":"https:\/\/www.europesays.com\/fr\/wp-json\/wp\/v2\/categories?post=412936"},{"taxonomy":"post_tag","embeddable":true,"href":"https:\/\/www.europesays.com\/fr\/wp-json\/wp\/v2\/tags?post=412936"}],"curies":[{"name":"wp","href":"https:\/\/api.w.org\/{rel}","templated":true}]}}