{"id":412942,"date":"2025-09-23T22:14:11","date_gmt":"2025-09-23T22:14:11","guid":{"rendered":"https:\/\/www.europesays.com\/fr\/412942\/"},"modified":"2025-09-23T22:14:11","modified_gmt":"2025-09-23T22:14:11","slug":"mort-de-claudia-cardinale-la-plus-inoubliable-des-ragazzas","status":"publish","type":"post","link":"https:\/\/www.europesays.com\/fr\/412942\/","title":{"rendered":"Mort de Claudia Cardinale, la plus inoubliable des \u00ab\u00a0ragazzas\u00a0\u00bb"},"content":{"rendered":"<p class=\"paragraph text_align_left lp-f-body-02\">Elle \u00e9tait d\u2019une beaut\u00e9 sublime mais c\u2019est sa voix qui s\u2019av\u00e9rait encore plus inoubliable. Tr\u00e8s l\u00e9g\u00e8rement assourdie, mais surtout accentu\u00e9e, \u00e0 tous les sens possibles. <a href=\"https:\/\/www.leparisien.fr\/laparisienne\/people\/claudia-cardinale-la-fiancee-de-l-italie-fete-ses-80-ans-14-04-2018-7664082.php\" target=\"_blank\" rel=\"noreferrer nofollow noopener\">Claudia Cardinale<\/a>, qui s\u2019est \u00e9teinte ce mardi \u00e0 87 ans, semblait venir d\u2019une autre plan\u00e8te un peu trop belle pour nous, et dont la langue nous \u00e9tait tr\u00e8s l\u00e9g\u00e8rement inconnue. C\u2019est que la star italienne n\u2019a vraiment appris sa langue nationale, pas natale, seulement \u00e0 la fin de l\u2019adolescence.<\/p>\n<p class=\"paragraph text_align_left lp-f-body-02\">N\u00e9e \u00e0 Tunis ou plut\u00f4t \u00e0 la Goulette, qui abritait le port de la capitale tunisienne, la petite fille n\u00e9e dans cette importante communaut\u00e9 italienne de l\u2019autre c\u00f4t\u00e9 de la M\u00e9diterran\u00e9e, a d\u2019abord parl\u00e9 l\u2019arabe tunisien, le fran\u00e7ais, la langue des colons, de l\u2019\u00e9cole et de l\u2019administration, et le sicilien de ses parents.<\/p>\n<p>Quatre ans de moins que \u00ab BB \u00bb<\/p>\n<p class=\"paragraph text_align_left lp-f-body-02\">Ce l\u00e9ger flottement donne \u00e0 son timbre un irr\u00e9sistible et l\u00e9ger d\u00e9calage, comme si elle \u00e9tait chez elle dans toutes les langues et toujours un peu ailleurs. Comme si, surtout, elle devait aussi parler avec ses yeux, profonds, immenses, rieurs, malicieux, et son sourire qui \u00e9tait une invitation \u00e0 rendre les armes. L\u2019Italienne de Tunis d\u00e9bute comme mannequin. Elle agrandit son royaume : \u00ab La plus belle Italienne de Tunisie \u00bb devient la plus belle femme du monde.<\/p>\n<p class=\"paragraph text_align_left lp-f-body-02\">Au sens propre : \u00ab CC \u00bb est lanc\u00e9e comme une rivale de \u00ab BB \u00bb. Claudia Cardinale a quatre ans de moins que Brigitte Bardot, et la brune italienne, au lyc\u00e9e, aime \u00e0 imiter la Fran\u00e7aise. Et Dieu cr\u00e9a deux femmes.<\/p>\n<p>Au bras d\u2019Alain Delon<\/p>\n<p class=\"paragraph text_align_left lp-f-body-02\">Dans \u00ab Le Gu\u00e9pard \u00bb, il y avait une biche. Ce film de Luchino Visconti, en 1962, six ans apr\u00e8s le br\u00fblot de Vadim avec Bardot, la fait exploser. Dans un tout autre registre. Dans cette saga de l\u2019aristocratie d\u00e9clinante dans une Sicile du XIXe si\u00e8cle qui lui parle tellement, la jeune femme, aux bras d\u2019Alain Delon lui aussi en pleine \u00e9closion, incarne la g\u00e9n\u00e9ration montante, dans la fiction comme dans la r\u00e9alit\u00e9. Elle est cette beaut\u00e9 triomphante et candide que le vieux Gu\u00e9pard jou\u00e9 par Burt Lancaster adopte.<\/p>\n<p><img decoding=\"async\" class=\"image \" loading=\"lazy\" src=\"https:\/\/www.europesays.com\/fr\/wp-content\/uploads\/2025\/09\/LULQAJABWZEL3OOVFQ4P2Z3HDY.jpg\" alt=\"Alain Delon et Claudia Cardinale dans \u00abLe Gu\u00e9pard\u00bb. Collection Christophel \/ RnB \u00a9 Titanus \/ Societe Nouvelle Pathe Cinema \/ Societe Generale de Cinematographie\" align=\"\" data-rubrique-principale=\"\" data-article-type=\"\" fetchpriority=\"auto\"\/>Alain Delon et Claudia Cardinale dans \u00abLe Gu\u00e9pard\u00bb. Collection Christophel \/ RnB \u00a9 Titanus \/ Societe Nouvelle Pathe Cinema \/ Societe Generale de Cinematographie <\/p>\n<p class=\"paragraph text_align_left lp-f-body-02\">Elle lui succ\u00e9dera, main dans la main avec Tancr\u00e8de interpr\u00e9t\u00e9e par le Fran\u00e7ais. Le couple imprime durablement la r\u00e9tine par une sc\u00e8ne mythologique. Ici, c\u2019est un bal, pas populaire mais digne d\u2019un Ancien r\u00e9gime finissant, o\u00f9 Cardinale et Delon virevoltent d\u2019une valse \u00e0 l\u2019autre puis d\u2019une salle d\u00e9sert\u00e9e \u00e0 l\u2019autre du vieux palais majestueux et d\u00e9cr\u00e9pi. Inoubliables. Ils incarnent \u00e0 jamais la jeunesse, telle qu\u2019on la r\u00eave, telle qu\u2019elle ne s\u2019offrira jamais \u00e0 nous ni \u00e0 personne, sauf sur une pellicule magique de film.<\/p>\n<p class=\"paragraph text_align_left lp-f-body-02\">Qui sera aussi jamais aussi beau que ce couple \u00e0 l\u2019instant d\u00e9cisif du coup de foudre ? Dans \u00ab Le Gu\u00e9pard \u00bb, c\u2019est comme si l\u2019on avait vu une panth\u00e8re traverser l\u2019\u00e9cran. Visconti la fait tourner souvent, et bien s\u00fbr tous les autres dieux de cet \u00e2ge d\u2019or du cin\u00e9ma italien, comme Fellini dans \u00ab Huit et demi \u00bb, Monicelli ou Comencini.<\/p>\n<p class=\"paragraph text_align_left lp-f-body-02\">Claudia Cardinale est d\u2019une \u00e9poque rare et b\u00e9nie o\u00f9 ce cin\u00e9ma qui ne durera pas est \u00e0 la fois tr\u00e8s populaire et artistique, exigeant et facile comme un amour fou. Il suffit de suivre ses pas de danse. Tous les grands r\u00e9alisateurs italiens la v\u00e9n\u00e8rent, et m\u00eame Sergio Leone qui lui offre un autre registre d\u2019anthologie, dans \u00ab Il \u00e9tait une fois dans l\u2019Ouest \u00bb. La plus belle des cowgirls, aussi.<\/p>\n<p>Un drame \u00e0 l\u2019\u00e2ge de 17 ans <\/p>\n<p class=\"paragraph text_align_left lp-f-body-02\">Il \u00e9tait une fois Claudia Cardinale, une princesse dont la vie d\u2019adulte avait commenc\u00e9 par une trag\u00e9die. Pas de prince charmant, mais un violeur. La jeune fille accouche \u00e0 17 ans d\u2019un petit gar\u00e7on, Patrick, n\u00e9 d\u2019une relation forc\u00e9e avec un homme plus \u00e2g\u00e9 qui exer\u00e7ait sur elle une emprise. Elle se cache, et son fils croira pendant des ann\u00e9es qu\u2019il est son petit fr\u00e8re. Elle dit commencer une carri\u00e8re d\u2019actrice pour les faire vivre.<\/p>\n<p class=\"paragraph text_align_left lp-f-body-02\">Cette sauvagerie, ce cran, ce m\u00e9lange de pure com\u00e9die et de nostalgie insondable se retrouve dans ses plus beaux r\u00f4les, comme dans le merveilleux \u00ab Cartouche \u00bb de Philippe de Broca, o\u00f9 son personnage vit des amours compliqu\u00e9es avec le h\u00e9ros brigand de grand chemin au grand coeur jou\u00e9 par Jean-Paul Belmondo.<\/p>\n<p><img decoding=\"async\" class=\"image \" loading=\"lazy\" src=\"https:\/\/www.europesays.com\/fr\/wp-content\/uploads\/2025\/09\/TMHTVLSPYNFG7KBZBEMGIA7TEA.jpg\" alt=\"Jean-Paul Belmondo (Roberto Borgo) et Claudia Cardinale (Georgia Saratov) dans \u00abLa Scoumoune\u00bb de Jos\u00e9 Giovanni &#10;\u00a9 1972 STUDIOCANAL - Praesidens Films\" align=\"\" data-rubrique-principale=\"\" data-article-type=\"\" fetchpriority=\"auto\"\/>Jean-Paul Belmondo (Roberto Borgo) et Claudia Cardinale (Georgia Saratov) dans \u00abLa Scoumoune\u00bb de Jos\u00e9 Giovanni<br \/>\n\u00a9 1972 STUDIOCANAL &#8211; Praesidens Films <\/p>\n<p class=\"paragraph text_align_left lp-f-body-02\">B\u00e9bel apr\u00e8s Delon, elle pourra bien acqu\u00e9rir la nationalit\u00e9 fran\u00e7aise, elle l\u2019est d\u00e9j\u00e0 dans les c\u0153urs et la l\u00e9gende. Sa carri\u00e8re se d\u00e9roule des deux c\u00f4t\u00e9s des Alpes. Elle joue dans plusieurs films m\u00e9connus en France de l\u2019homme de sa vie, le r\u00e9alisateur italien Pasquale Squitieri. Elle le s\u00e9duit sans attendre ses avances, elle fonce vers lui.<\/p>\n<p>Une fille pr\u00e9nomm\u00e9e&#8230; Claudia <\/p>\n<p class=\"paragraph text_align_left lp-f-body-02\">\u00ab Il est le seul homme de ma vie \u00bb, dira celle qui a auparavant \u00e9t\u00e9 mari\u00e9e \u00e0 un producteur italien. Avec Squitieri, son compagnon pendant 27 ans, elle a une fille pr\u00e9nomm\u00e9e\u2026 Claudia. Quand la famille est tortueuse, il faut s\u2019accrocher \u00e0 une identit\u00e9 forte, comme une r\u00e9p\u00e9tition musicale qui inscrit la vie m\u00eame.<\/p>\n<p class=\"paragraph text_align_left lp-f-body-02\">Ses deux enfants restent sa boussole dans sa vie parisienne et plus r\u00e9cemment, \u00e0 Nemours (Seine et Marne), o\u00f9 une grande maison les r\u00e9unissait. La plus Fran\u00e7aise des Italiennes, la plus douce des stars. Il est temps de pleurer. Pleurer et pleurer. La mort soudain n\u2019est plus une possibilit\u00e9, mais un fait irr\u00e9futable et terrible. La plus belle des belles n\u2019est plus l\u00e0.<\/p>\n<p class=\"paragraph text_align_left lp-f-body-02\">Plus de Gu\u00e9pard, plus de panth\u00e8re, plus de biche, plus de stars. Claudia et sa voix sourde et son regard si lumineux. Elle avait jou\u00e9 \u00ab La ragazza \u00bb, \u00ab La fille \u00bb au sens propre. Ragazza, ce mot populaire et magique en Italie. Ragazzo et Ragazza, les gars et les filles. L\u2019\u00e9ternel f\u00e9minin s\u2019appelait un peu, beaucoup, passionn\u00e9ment, \u00e0 la folie Claudia Cardinale.<\/p>\n","protected":false},"excerpt":{"rendered":"Elle \u00e9tait d\u2019une beaut\u00e9 sublime mais c\u2019est sa voix qui s\u2019av\u00e9rait encore plus inoubliable. Tr\u00e8s l\u00e9g\u00e8rement assourdie, mais&hellip;\n","protected":false},"author":2,"featured_media":412943,"comment_status":"","ping_status":"","sticky":false,"template":"","format":"standard","meta":{"footnotes":""},"categories":[1888],"tags":[1111,1928,11,1927,650,872,1777,674,1011,27,12,1926,626,1925,25],"class_list":{"0":"post-412942","1":"post","2":"type-post","3":"status-publish","4":"format-standard","5":"has-post-thumbnail","7":"category-paris","8":"tag-actu","9":"tag-actu-paris","10":"tag-actualites","11":"tag-actualites-paris","12":"tag-cinema","13":"tag-culture-et-loisirs","14":"tag-eu","15":"tag-europe","16":"tag-fr","17":"tag-france","18":"tag-news","19":"tag-news-paris","20":"tag-paris","21":"tag-paris-news","22":"tag-republique-francaise"},"share_on_mastodon":{"url":"https:\/\/pubeurope.com\/@fr\/115255920119150558","error":""},"_links":{"self":[{"href":"https:\/\/www.europesays.com\/fr\/wp-json\/wp\/v2\/posts\/412942","targetHints":{"allow":["GET"]}}],"collection":[{"href":"https:\/\/www.europesays.com\/fr\/wp-json\/wp\/v2\/posts"}],"about":[{"href":"https:\/\/www.europesays.com\/fr\/wp-json\/wp\/v2\/types\/post"}],"author":[{"embeddable":true,"href":"https:\/\/www.europesays.com\/fr\/wp-json\/wp\/v2\/users\/2"}],"replies":[{"embeddable":true,"href":"https:\/\/www.europesays.com\/fr\/wp-json\/wp\/v2\/comments?post=412942"}],"version-history":[{"count":0,"href":"https:\/\/www.europesays.com\/fr\/wp-json\/wp\/v2\/posts\/412942\/revisions"}],"wp:featuredmedia":[{"embeddable":true,"href":"https:\/\/www.europesays.com\/fr\/wp-json\/wp\/v2\/media\/412943"}],"wp:attachment":[{"href":"https:\/\/www.europesays.com\/fr\/wp-json\/wp\/v2\/media?parent=412942"}],"wp:term":[{"taxonomy":"category","embeddable":true,"href":"https:\/\/www.europesays.com\/fr\/wp-json\/wp\/v2\/categories?post=412942"},{"taxonomy":"post_tag","embeddable":true,"href":"https:\/\/www.europesays.com\/fr\/wp-json\/wp\/v2\/tags?post=412942"}],"curies":[{"name":"wp","href":"https:\/\/api.w.org\/{rel}","templated":true}]}}