{"id":412948,"date":"2025-09-23T22:17:10","date_gmt":"2025-09-23T22:17:10","guid":{"rendered":"https:\/\/www.europesays.com\/fr\/412948\/"},"modified":"2025-09-23T22:17:10","modified_gmt":"2025-09-23T22:17:10","slug":"fab-paris-prend-des-couleurs","status":"publish","type":"post","link":"https:\/\/www.europesays.com\/fr\/412948\/","title":{"rendered":"FAB Paris prend des couleurs"},"content":{"rendered":"<p>Le\u00a0salon parisien signe une meilleure \u00e9dition que l\u2019an dernier gr\u00e2ce \u00e0 un meilleur calendrier, \u00e0 la qualit\u00e9 des \u0153uvres et \u00e0 l\u2019ambiance.\u00a0<\/p>\n<p>En ce lundi\u00a022\u00a0septembre, l\u2019ambiance est joyeuse et l\u00e9g\u00e8re dans les all\u00e9es de FAB Paris, sc\u00e9nographi\u00e9es tout en d\u00e9licatesse par Constance Guisset. C\u2019est cette l\u00e9g\u00e8ret\u00e9 qui enthousiasme de nombreux marchands, dont Daisy Maison, qui en est un peu surprise, car elle gardait un assez mauvais souvenir de sa derni\u00e8re Biennale des antiquaires en 2018. Avec Marc, son mari, ils ont cr\u00e9\u00e9 un stand qui condense l\u2019ambition m\u00eame du salon\u00a0: interpeller avec des \u0153uvres de qualit\u00e9 et faire dialoguer les \u00e9poques, ce qui a certainement \u00e9t\u00e9 l\u2019un des arguments pour que cet am\u00e9nagement soit r\u00e9compens\u00e9 par le prix CPGA-FAB Paris. Comme tomb\u00e9e du ciel, une \u00ab\u00a0coquine de plage\u00a0\u00bb bleu ciel occupe une grande partie de l\u2019espace, du haut de ses 2,40\u00a0m. \u00c0 ce jour, elle a titill\u00e9 l\u2019int\u00e9r\u00eat de deux collectionneurs fran\u00e7ais et d\u2019un mus\u00e9e d\u2019un autre continent, sans que la vente soit encore conclue. On se demande quelle sera la destination de cette architecture utopique\u00a0Space Age, tre\u0300s en vogue dans les anne\u0301es\u00a01970, qui pouvait \u00eatre boutique de glacier, caisse d\u2019entre\u0301e, cabine d\u2019ho\u0302tesses, abri de jardin autour des piscines municipales ou cabine familiale de bord de mer. La production de ces pie\u0300ces d\u2019architecture reste\u00a0confidentielle et tre\u0300s peu d\u2019exemplaires ont traverse\u0301 le temps. Les murs du stand sont quant \u00e0 eux tapiss\u00e9s d\u2019un papier peint du XVIIIe\u00a0si\u00e8cle, inconnu \u00e0 ce jour, d\u00e9couvert dans la pi\u00e8ce d\u2019un manoir d\u2019o\u00f9 il n\u2019avait jamais \u00e9t\u00e9 d\u00e9plac\u00e9. Il impressionne, mais n\u2019a pas encore trouv\u00e9 preneur.<\/p>\n<p>Des ventes d\u00e8s le vernissage<\/p>\n<p>Beaucoup de transactions sont d\u00e9j\u00e0 enregistr\u00e9es, \u00ab\u00a0dont certaines des \u0153uvres les plus importantes d\u00e8s le vernissage [qui a r\u00e9uni\u00a0pr\u00e8s de\u2026<\/p>\n","protected":false},"excerpt":{"rendered":"Le\u00a0salon parisien signe une meilleure \u00e9dition que l\u2019an dernier gr\u00e2ce \u00e0 un meilleur calendrier, \u00e0 la qualit\u00e9 des&hellip;\n","protected":false},"author":2,"featured_media":412949,"comment_status":"","ping_status":"","sticky":false,"template":"","format":"standard","meta":{"footnotes":""},"categories":[1888],"tags":[11,1777,674,20392,1011,27,1398,12,626,25],"class_list":{"0":"post-412948","1":"post","2":"type-post","3":"status-publish","4":"format-standard","5":"has-post-thumbnail","7":"category-paris","8":"tag-actualites","9":"tag-eu","10":"tag-europe","11":"tag-fab-paris","12":"tag-fr","13":"tag-france","14":"tag-grand-palais","15":"tag-news","16":"tag-paris","17":"tag-republique-francaise"},"share_on_mastodon":{"url":"https:\/\/pubeurope.com\/@fr\/115255931523070581","error":""},"_links":{"self":[{"href":"https:\/\/www.europesays.com\/fr\/wp-json\/wp\/v2\/posts\/412948","targetHints":{"allow":["GET"]}}],"collection":[{"href":"https:\/\/www.europesays.com\/fr\/wp-json\/wp\/v2\/posts"}],"about":[{"href":"https:\/\/www.europesays.com\/fr\/wp-json\/wp\/v2\/types\/post"}],"author":[{"embeddable":true,"href":"https:\/\/www.europesays.com\/fr\/wp-json\/wp\/v2\/users\/2"}],"replies":[{"embeddable":true,"href":"https:\/\/www.europesays.com\/fr\/wp-json\/wp\/v2\/comments?post=412948"}],"version-history":[{"count":0,"href":"https:\/\/www.europesays.com\/fr\/wp-json\/wp\/v2\/posts\/412948\/revisions"}],"wp:featuredmedia":[{"embeddable":true,"href":"https:\/\/www.europesays.com\/fr\/wp-json\/wp\/v2\/media\/412949"}],"wp:attachment":[{"href":"https:\/\/www.europesays.com\/fr\/wp-json\/wp\/v2\/media?parent=412948"}],"wp:term":[{"taxonomy":"category","embeddable":true,"href":"https:\/\/www.europesays.com\/fr\/wp-json\/wp\/v2\/categories?post=412948"},{"taxonomy":"post_tag","embeddable":true,"href":"https:\/\/www.europesays.com\/fr\/wp-json\/wp\/v2\/tags?post=412948"}],"curies":[{"name":"wp","href":"https:\/\/api.w.org\/{rel}","templated":true}]}}