{"id":412950,"date":"2025-09-23T22:18:17","date_gmt":"2025-09-23T22:18:17","guid":{"rendered":"https:\/\/www.europesays.com\/fr\/412950\/"},"modified":"2025-09-23T22:18:17","modified_gmt":"2025-09-23T22:18:17","slug":"guerre-en-ukraine-trump-affirme-desormais-que-kiev-peut-aller-plus-loin-que-reprendre-son-territoire-perdu","status":"publish","type":"post","link":"https:\/\/www.europesays.com\/fr\/412950\/","title":{"rendered":"Guerre en Ukraine : Trump affirme d\u00e9sormais que Kiev peut \u00ab\u00a0aller plus loin\u00a0\u00bb que reprendre son territoire perdu"},"content":{"rendered":"<ul class=\"jsx-862013697 ArticleChapo__List\">\n<li class=\"jsx-862013697 ArticleChapo__List_Item flex\">Donald Trump a estim\u00e9 ce mardi que l&rsquo;Ukraine pouvait gagner la guerre face \u00e0 la Russie.<\/li>\n<li class=\"jsx-862013697 ArticleChapo__List_Item flex\">Le pr\u00e9sident am\u00e9ricain a m\u00eame indiqu\u00e9 que Kiev pouvait \u00ab\u00a0aller plus loin\u00a0\u00bb que simplement reprendre les territoires perdus depuis 2022.<\/li>\n<\/ul>\n<p><a href=\"https:\/\/www.tf1info.fr\/actualite\/invasion-de-l-ukraine-par-la-russie-une-guerre-qui-dure-12951\/\" rel=\"noopener\" class=\"jsx-484472199 Link jsx-1428418400 jsx-554215408\" target=\"_blank\"><\/p>\n<p style=\"font-weight:400\" class=\"jsx-1837267516\">Suivez la couverture compl\u00e8te<\/p>\n<p style=\"font-weight:800\" class=\"jsx-1837267516\">Ukraine : 4\u1d49 ann\u00e9e de guerre<\/p>\n<p><\/a><\/p>\n<p data-module=\"article-paragraph\" class=\"jsx-3046738180 Paragraph Paragraph__End\">Une nouvelle volte-face de Donald Trump. Dans une d\u00e9claration sur son r\u00e9seau Truth Social et au cours d&rsquo;un entretien en t\u00eate-\u00e0-t\u00eate avec son homologue ukrainien <a href=\"https:\/\/www.tf1info.fr\/actualite\/volodymyr-zelensky-12882\/\" target=\"_blank\" rel=\"noopener\">Volodymyr Zelensky<\/a>, le pr\u00e9sident am\u00e9ricain a affirm\u00e9 ce mardi 23 septembre que l&rsquo;Ukraine pouvait reprendre tout le territoire perdu depuis le 24 f\u00e9vrier 2022 et le d\u00e9clenchement de l&rsquo;invasion russe. Et m\u00eame aller encore plus loin.<\/p>\n<p data-module=\"article-paragraph\" class=\"jsx-3046738180 Paragraph Paragraph__End\">\u00ab\u00a0Avec du temps, de la patience et le soutien financier de l&rsquo;Europe et en particulier de l&rsquo;Otan, c&rsquo;est tout \u00e0 fait une option de revenir aux fronti\u00e8res d&rsquo;o\u00f9 ce conflit a d\u00e9but\u00e9\u00a0\u00bb, a lanc\u00e9 <a href=\"https:\/\/www.tf1info.fr\/actualite\/donald-trump-10150\/\" target=\"_blank\" rel=\"noopener\">Donald Trump<\/a>, qui s&rsquo;est entretenu avec Volodymyr Zelensky en marge de l&rsquo;Assembl\u00e9e g\u00e9n\u00e9rale de l&rsquo;ONU. Kiev pourrait ainsi \u00ab\u00a0regagner son territoire dans sa forme originelle et peut-\u00eatre m\u00eame aller plus loin\u00a0\u00bb face \u00e0 la Russie, a-t-il d\u00e9clar\u00e9.<\/p>\n<blockquote class=\"jsx-2786790838 Quote__Text\"><p>Une vraie puissance militaire aurait remport\u00e9 cette guerre en moins d&rsquo;une semaine<\/p><\/blockquote>\n<p>Donald Trump \u00e0 propos de la Russie<\/p>\n<p data-module=\"article-paragraph\" class=\"jsx-3046738180 Paragraph Paragraph__End\">Des propos \u00e0 rebours de ceux qu&rsquo;il tenait depuis son retour \u00e0 la Maison Blanche. Ces derniers mois, Donald Trump a r\u00e9p\u00e9t\u00e9 \u00e0 plusieurs reprises que l&rsquo;Ukraine n&rsquo;avait \u00ab\u00a0pas les cartes en main\u00a0\u00bb et devait r\u00e9fl\u00e9chir \u00e0 des \u00ab\u00a0\u00e9changes de territoire\u00a0\u00bb, ce qu&rsquo;il avait notamment indiqu\u00e9 avant <a href=\"https:\/\/www.tf1info.fr\/international\/un-echec-de-trump-la-presse-internationale-tres-critique-du-president-americain-apres-le-sommet-en-alaska-2389037.html\" target=\"_blank\" rel=\"noopener\">sa rencontre avec le pr\u00e9sident russe Vladimir Poutine<\/a> au c\u0153ur de l&rsquo;\u00e9t\u00e9.<\/p>\n<p data-module=\"article-paragraph\" class=\"jsx-3046738180 Paragraph Paragraph__End\">Mais depuis, Donald Trump ne cesse de hausser le ton face \u00e0 Moscou. Ce mardi, <a href=\"https:\/\/www.tf1info.fr\/international\/la-plus-grande-arnaque-jamais-menee-la-charge-de-donald-trump-a-l-onu-contre-le-changement-climatique-2396390.html\" target=\"_blank\" rel=\"noopener\">devant les Nations unies<\/a>, il a encore menac\u00e9 \u00e9conomiquement le Kremlin. \u00ab\u00a0Si la Russie n&rsquo;est pas pr\u00eate \u00e0 un accord, les \u00c9tats-Unis sont pr\u00eats \u00e0 imposer un r\u00e9gime de taxes douani\u00e8res extr\u00eamement importantes\u00a0\u00bb, a-t-il affirm\u00e9. \u00ab\u00a0Cela fait trois ans et demi que la Russie m\u00e8ne sans direction claire une guerre qu&rsquo;une vraie puissance militaire aurait remport\u00e9e en moins d&rsquo;une semaine\u00a0\u00bb, a-t-il \u00e9crit peu apr\u00e8s sur son r\u00e9seau social, estimant que le pays de <a href=\"https:\/\/www.tf1info.fr\/actualite\/vladimir-poutine-10297\/\" target=\"_blank\" rel=\"noopener\">Vladimir Poutine<\/a> \u00ab\u00a0ressemblait beaucoup \u00e0 un &lsquo;tigre de papier&rsquo;.\u00a0\u00bb<\/p>\n<p><a href=\"https:\/\/www.tf1info.fr\/sante\/verif-non-il-n-y-a-pas-de-lien-entre-paracetamol-pris-pendant-la-grossesse-et-autisme-comme-l-affirme-trump-2396401.html\" rel=\"noopener\" class=\"jsx-3308031228 Link flex\" target=\"_blank\"><img decoding=\"async\" src=\"https:\/\/www.europesays.com\/fr\/wp-content\/uploads\/2025\/09\/verif-donald-trump-a-la-maison-blanche-le-31-mars-89e94d-0@1x.jpeg\" alt=\"VERIF -Donald Trump \u00e0 la Maison Blanche le 31 mars \" loading=\"lazy\" importance=\"low\" fetchpriority=\"low\" class=\"\" aria-hidden=\"true\"\/><\/p>\n<p class=\"jsx-3657663356 ReadMoreArticle__Title\">Lire aussi<\/p>\n<p class=\"jsx-3657663356\">V\u00c9RIF&rsquo; &#8211; Non, il n&rsquo;y a pas de lien entre parac\u00e9tamol pris pendant la grossesse et autisme, comme l&rsquo;affirme Trump<\/p>\n<p><\/a><\/p>\n<p data-module=\"article-paragraph\" class=\"jsx-3046738180 Paragraph Paragraph__End\">\u00ab\u00a0Poutine et la Russie ont de GROS probl\u00e8mes \u00e9conomiques et c&rsquo;est le moment pour l&rsquo;Ukraine d&rsquo;agir\u00a0\u00bb, a encore jug\u00e9 le pr\u00e9sident am\u00e9ricain, dans ce long message. \u00ab\u00a0Dans tous les cas, je souhaite le meilleur aux deux pays. Nous allons continuer \u00e0 fournir des armes \u00e0 l&rsquo;Otan pour que l&rsquo;Otan en fasse ce qu&rsquo;elle veut. Bonne chance \u00e0 tout le monde !\u00a0\u00bb Volodymyr Zelensky, lui, a r\u00e9agi dans un post sur X, saluant le \u00ab\u00a0tournant\u00a0\u00bb de Trump et affirmant que le locataire de la Maison Blanche \u00e9tait \u00ab\u00a0bien inform\u00e9\u00a0\u00bb sur la guerre en Ukraine.<\/p>\n<p>I.N<\/p>\n","protected":false},"excerpt":{"rendered":"Donald Trump a estim\u00e9 ce mardi que l&rsquo;Ukraine pouvait gagner la guerre face \u00e0 la Russie. Le pr\u00e9sident&hellip;\n","protected":false},"author":2,"featured_media":412951,"comment_status":"","ping_status":"","sticky":false,"template":"","format":"standard","meta":{"footnotes":""},"categories":[1591],"tags":[1111,11,1921,5925,75,1887,1922,12,136,1885,1886,132,220,1917,133,1920,135,134],"class_list":{"0":"post-412950","1":"post","2":"type-post","3":"status-publish","4":"format-standard","5":"has-post-thumbnail","7":"category-russie","8":"tag-actu","9":"tag-actualites","10":"tag-article-video","11":"tag-conflits-et-guerre","12":"tag-donald-trump","13":"tag-federation-de-russie","14":"tag-info","15":"tag-news","16":"tag-otan","17":"tag-russia","18":"tag-russian-federation","19":"tag-russie","20":"tag-ukraine","21":"tag-ukraine-4-annee-de-guerre","22":"tag-video","23":"tag-video-international","24":"tag-vladimir-poutine","25":"tag-volodymyr-zelensky"},"share_on_mastodon":{"url":"https:\/\/pubeurope.com\/@fr\/115255935978645453","error":""},"_links":{"self":[{"href":"https:\/\/www.europesays.com\/fr\/wp-json\/wp\/v2\/posts\/412950","targetHints":{"allow":["GET"]}}],"collection":[{"href":"https:\/\/www.europesays.com\/fr\/wp-json\/wp\/v2\/posts"}],"about":[{"href":"https:\/\/www.europesays.com\/fr\/wp-json\/wp\/v2\/types\/post"}],"author":[{"embeddable":true,"href":"https:\/\/www.europesays.com\/fr\/wp-json\/wp\/v2\/users\/2"}],"replies":[{"embeddable":true,"href":"https:\/\/www.europesays.com\/fr\/wp-json\/wp\/v2\/comments?post=412950"}],"version-history":[{"count":0,"href":"https:\/\/www.europesays.com\/fr\/wp-json\/wp\/v2\/posts\/412950\/revisions"}],"wp:featuredmedia":[{"embeddable":true,"href":"https:\/\/www.europesays.com\/fr\/wp-json\/wp\/v2\/media\/412951"}],"wp:attachment":[{"href":"https:\/\/www.europesays.com\/fr\/wp-json\/wp\/v2\/media?parent=412950"}],"wp:term":[{"taxonomy":"category","embeddable":true,"href":"https:\/\/www.europesays.com\/fr\/wp-json\/wp\/v2\/categories?post=412950"},{"taxonomy":"post_tag","embeddable":true,"href":"https:\/\/www.europesays.com\/fr\/wp-json\/wp\/v2\/tags?post=412950"}],"curies":[{"name":"wp","href":"https:\/\/api.w.org\/{rel}","templated":true}]}}