{"id":412970,"date":"2025-09-23T22:28:16","date_gmt":"2025-09-23T22:28:16","guid":{"rendered":"https:\/\/www.europesays.com\/fr\/412970\/"},"modified":"2025-09-23T22:28:16","modified_gmt":"2025-09-23T22:28:16","slug":"nicolas-colsaerts-prend-sa-retraite-il-a-ouvert-la-porte-du-golf-en-belgique","status":"publish","type":"post","link":"https:\/\/www.europesays.com\/fr\/412970\/","title":{"rendered":"Nicolas Colsaerts prend sa retraite: \u00ab\u00a0Il a ouvert la porte du golf en Belgique\u00a0\u00bb"},"content":{"rendered":"<p class=\"text-left ap-StoryElement ap-StoryElement--mb js-paywall-target ap-StoryText\">Propri\u00e9taire de trois titres sur le DP World Tour, le Belgian Bomber laisse une trace immense sur le golf belge. \u00ab\u00a0Il a ouvert la porte du golf \u00e0 la Belgique\u00a0\u00bb, r\u00e9sume l&rsquo;un de ses coachs historiques, Michel Vanmeerbeek. \u00ab\u00a0Avant lui, nous avions Philippe Toussaint dans les ann\u00e9es &rsquo;70. Il laissera un grand vide sur le circuit europ\u00e9en.\u00a0\u00bb<\/p>\n<p><a href=\"https:\/\/www.dhnet.be\/sports\/omnisports\/golf\/2025\/09\/23\/une-page-se-tourne-pour-le-golf-belge-et-le-belgian-bomber-nicolas-colsaerts-va-prendre-sa-retraite-YPXQYDBPRNE5ZEDWO5Q3UPS6LY\/\" target=\"_blank\" rel=\"noopener noreferrer\" class=\"ap-StoryInterstitialLink ap-StoryElement ap-StoryElement--mb\">Une page se tourne pour le golf belge et le Belgian Bomber : Nicolas Colsaerts va prendre sa retraite<\/a><\/p>\n<p class=\"text-left ap-StoryElement ap-StoryElement--mb ap-StoryText\">\u00c0 42 ans, ce pur talent \u00e9tait us\u00e9 tant physiquement que mentalement. En mai, il nous confiait d\u00e9j\u00e0 lors du Soudal Open d&rsquo;Anvers qu&rsquo;il raccrocherait apr\u00e8s avoir atteint les 500 tournois. \u00ab\u00a0Il n&rsquo;avait plus le feu sacr\u00e9, reprend notre consultant. J&rsquo;aurais aim\u00e9 qu&rsquo;il dispute cette derni\u00e8re ann\u00e9e \u00e0 fond. J&rsquo;aurais aim\u00e9 une sortie flamboyante. L\u00e0, je suis un peu triste. Il \u00e9tait pr\u00eat \u00e0 stopper tout il y a un an, mais son r\u00e9sultat en \u00c9cosse l&rsquo;a oblig\u00e9 \u00e0 prolonger sa carri\u00e8re de 12 mois. Il n&rsquo;a pas encore 50 ans. Il n&rsquo;est pas bless\u00e9. Je vois cet arr\u00eat comme une sorte d&rsquo;abandon. Je ne suis pas surpris. Nous savions qu&rsquo;il vivait ses derniers mois. Nous ignorions juste la date de fin.\u00a0\u00bb<\/p>\n<p><img loading=\"lazy\" decoding=\"async\" class=\"w-full lazyload lazyload--opacity object-contain\" style=\"aspect-ratio:150 \/ 100;opacity:1\" alt=\"Michel Vanmeerbeek au c\u00f4t\u00e9 de Nicolas Colsaerts.\" width=\"768\" height=\"512\" fetchpriority=\"auto\" src=\"https:\/\/www.europesays.com\/fr\/wp-content\/uploads\/2025\/04\/1743819792_235_S5VKD3X55FFF3BW6V4SEHXNP7I.png\"  data- data-optimumx=\"1\"\/>Michel Vanmeerbeek au c\u00f4t\u00e9 de Nicolas Colsaerts. \u00a9Belga<\/p>\n<p class=\"text-left ap-StoryElement ap-StoryElement--mb ap-StoryText\">Nicolas Colsaerts a coch\u00e9 les deux r\u00eaves de sa vie : participer \u00e0 la Ryder Cup et aux Jeux olympiques. Il s&rsquo;est ensuite mis en t\u00eate d&rsquo;atteindre le cap des 500. \u00ab\u00a0C&rsquo;est plus un cap symbolique. Il n&rsquo;est pas le premier \u00e0 le franchir. Ce chiffre signifie une certaine long\u00e9vit\u00e9. Il a du v\u00e9cu sur le circuit. On se souviendra de ses trois titres. Depuis 2001, il n&rsquo;a pas obtenu sa carte chaque ann\u00e9e, mais il a marqu\u00e9 l&rsquo;histoire de notre sport.\u00a0\u00bb<\/p>\n<p class=\"text-left ap-StoryElement ap-StoryElement--mb ap-StoryText\">Il a promis qu&rsquo;il stopperait en \u00c9cosse m\u00eame s&rsquo;il venait \u00e0 l&#8217;emporter. L\u00e0, il effectuerait une sortie flamboyante pour ponctuer une ann\u00e9e marqu\u00e9e par 22 tournois disput\u00e9s avec seulement 12 cuts franchis.<\/p>\n","protected":false},"excerpt":{"rendered":"Propri\u00e9taire de trois titres sur le DP World Tour, le Belgian Bomber laisse une trace immense sur le&hellip;\n","protected":false},"author":2,"featured_media":412971,"comment_status":"","ping_status":"","sticky":false,"template":"","format":"standard","meta":{"footnotes":""},"categories":[1418],"tags":[1011,27,1472,3996,60],"class_list":{"0":"post-412970","1":"post","2":"type-post","3":"status-publish","4":"format-standard","5":"has-post-thumbnail","7":"category-golf","8":"tag-fr","9":"tag-france","10":"tag-golf","11":"tag-jeux-olympiques","12":"tag-sports"},"share_on_mastodon":{"url":"https:\/\/pubeurope.com\/@fr\/115255974558407117","error":""},"_links":{"self":[{"href":"https:\/\/www.europesays.com\/fr\/wp-json\/wp\/v2\/posts\/412970","targetHints":{"allow":["GET"]}}],"collection":[{"href":"https:\/\/www.europesays.com\/fr\/wp-json\/wp\/v2\/posts"}],"about":[{"href":"https:\/\/www.europesays.com\/fr\/wp-json\/wp\/v2\/types\/post"}],"author":[{"embeddable":true,"href":"https:\/\/www.europesays.com\/fr\/wp-json\/wp\/v2\/users\/2"}],"replies":[{"embeddable":true,"href":"https:\/\/www.europesays.com\/fr\/wp-json\/wp\/v2\/comments?post=412970"}],"version-history":[{"count":0,"href":"https:\/\/www.europesays.com\/fr\/wp-json\/wp\/v2\/posts\/412970\/revisions"}],"wp:featuredmedia":[{"embeddable":true,"href":"https:\/\/www.europesays.com\/fr\/wp-json\/wp\/v2\/media\/412971"}],"wp:attachment":[{"href":"https:\/\/www.europesays.com\/fr\/wp-json\/wp\/v2\/media?parent=412970"}],"wp:term":[{"taxonomy":"category","embeddable":true,"href":"https:\/\/www.europesays.com\/fr\/wp-json\/wp\/v2\/categories?post=412970"},{"taxonomy":"post_tag","embeddable":true,"href":"https:\/\/www.europesays.com\/fr\/wp-json\/wp\/v2\/tags?post=412970"}],"curies":[{"name":"wp","href":"https:\/\/api.w.org\/{rel}","templated":true}]}}