{"id":412976,"date":"2025-09-23T22:33:14","date_gmt":"2025-09-23T22:33:14","guid":{"rendered":"https:\/\/www.europesays.com\/fr\/412976\/"},"modified":"2025-09-23T22:33:14","modified_gmt":"2025-09-23T22:33:14","slug":"pecco-bagnaia-se-ressource-aupres-de-valentino-rossi-et-de-casey-stoner","status":"publish","type":"post","link":"https:\/\/www.europesays.com\/fr\/412976\/","title":{"rendered":"Pecco Bagnaia se ressource aupr\u00e8s de Valentino Rossi\u2026 et de Casey Stoner\u00a0!"},"content":{"rendered":"<p>Les motards sont souvent de grands amateurs de sports m\u00e9caniques\u2026 doubl\u00e9s de grands enfants, ce qui les m\u00e8nent parfois \u00e0 se r\u00e9unir entre copains pour une matin\u00e9e karting. C&rsquo;est moins sensationnel qu&rsquo;une journ\u00e9e piste sur sa moto certes, mais c&rsquo;est aussi moins co\u00fbteux et moins dangereux, non\u00a0?<\/p>\n<p>Les pilotes de MotoGP ne font pas exception\u00a0: Valentino Rossi \u00ab\u00a0Himself\u00a0\u00bb vient de publier une vid\u00e9o de sa derni\u00e8re sortie en kart (un 2-Temps ultra performant, pas une tondeuse \u00e0 gazon d\u00e9guis\u00e9e) en compagnie de ses camarades de la VR46 Academy\u00a0: Francesco Bagnaia, Marco Bezzecchi, Franco Morbidelli\u2026 sans oublier le l\u00e9gendaire Casey Stoner\u00a0!<\/p>\n<p>L&rsquo;histoire ne dit pas si le nouveau meilleur ami de Rossi &#8211; malgr\u00e9 leur historique rivalit\u00e9 ! &#8211; a profit\u00e9 de cette journ\u00e9e d\u00e9tente pour livrer de pr\u00e9cieux conseils \u00e0 Pecco en mati\u00e8re de pilotage\u00a0: \u00ab\u00a0d\u00e9connecte l&rsquo;\u00e9lectronique de ta Ducati !\u00a0\u00bb. Ou bien en gestion de la pression\u00a0: \u00ab\u00a0d\u00e9branche aussi ton cerveau, oublie que t&rsquo;as aucune chance, vas-y fonce !\u00a0\u00bb\u00a0?<\/p>\n<p>L&rsquo;avenir nous dira en revanche si, malgr\u00e9 le diff\u00e9rent de bient\u00f4t dix ans qui les opposent, Marc Marquez et Valentino Rossi passeront des demi-journ\u00e9es \u00e0 faire du kart ensemble, des journ\u00e9es \u00e0 rouler au Ranch, ou des vacances enti\u00e8res \u00e0 buller sur un yacht\u2026 Les motards sont de grands enfants qui devraient savoir pardonner \u00e0 ceux qui les ont emb\u00eat\u00e9s ?<\/p>\n<p align=\"Center\">\n","protected":false},"excerpt":{"rendered":"Les motards sont souvent de grands amateurs de sports m\u00e9caniques\u2026 doubl\u00e9s de grands enfants, ce qui les m\u00e8nent&hellip;\n","protected":false},"author":2,"featured_media":412977,"comment_status":"","ping_status":"","sticky":false,"template":"","format":"standard","meta":{"footnotes":""},"categories":[1413],"tags":[1011,27,1457,1456,60],"class_list":{"0":"post-412976","1":"post","2":"type-post","3":"status-publish","4":"format-standard","5":"has-post-thumbnail","7":"category-moto","8":"tag-fr","9":"tag-france","10":"tag-moto","11":"tag-motocycle","12":"tag-sports"},"share_on_mastodon":{"url":"https:\/\/pubeurope.com\/@fr\/115255994309394455","error":""},"_links":{"self":[{"href":"https:\/\/www.europesays.com\/fr\/wp-json\/wp\/v2\/posts\/412976","targetHints":{"allow":["GET"]}}],"collection":[{"href":"https:\/\/www.europesays.com\/fr\/wp-json\/wp\/v2\/posts"}],"about":[{"href":"https:\/\/www.europesays.com\/fr\/wp-json\/wp\/v2\/types\/post"}],"author":[{"embeddable":true,"href":"https:\/\/www.europesays.com\/fr\/wp-json\/wp\/v2\/users\/2"}],"replies":[{"embeddable":true,"href":"https:\/\/www.europesays.com\/fr\/wp-json\/wp\/v2\/comments?post=412976"}],"version-history":[{"count":0,"href":"https:\/\/www.europesays.com\/fr\/wp-json\/wp\/v2\/posts\/412976\/revisions"}],"wp:featuredmedia":[{"embeddable":true,"href":"https:\/\/www.europesays.com\/fr\/wp-json\/wp\/v2\/media\/412977"}],"wp:attachment":[{"href":"https:\/\/www.europesays.com\/fr\/wp-json\/wp\/v2\/media?parent=412976"}],"wp:term":[{"taxonomy":"category","embeddable":true,"href":"https:\/\/www.europesays.com\/fr\/wp-json\/wp\/v2\/categories?post=412976"},{"taxonomy":"post_tag","embeddable":true,"href":"https:\/\/www.europesays.com\/fr\/wp-json\/wp\/v2\/tags?post=412976"}],"curies":[{"name":"wp","href":"https:\/\/api.w.org\/{rel}","templated":true}]}}