{"id":412978,"date":"2025-09-23T22:34:38","date_gmt":"2025-09-23T22:34:38","guid":{"rendered":"https:\/\/www.europesays.com\/fr\/412978\/"},"modified":"2025-09-23T22:34:38","modified_gmt":"2025-09-23T22:34:38","slug":"de-rome-a-la-nouvelle-frontiere-de-madrid-la-course-la-plus-attendue-de-lannee-en-europe","status":"publish","type":"post","link":"https:\/\/www.europesays.com\/fr\/412978\/","title":{"rendered":"de Rome \u00e0 la nouvelle fronti\u00e8re de Madrid, la course la plus attendue de l&rsquo;ann\u00e9e en Europe !"},"content":{"rendered":"<p>\t\t\t\t\t\t\t\t\t\t\t\t\t\t\t\t\t\t\t\t\t\t<img loading=\"lazy\" decoding=\"async\" src=\"data:image\/svg+xml,%3Csvg%20xmlns=\" http:=\"\" class=\"img-fluid\" alt=\"Formula 1\u00ae 2026 : de Rome \u00e0 la nouvelle fronti\u00e8re de Madrid, la course la plus attendue de l\u2019ann\u00e9e en Europe !\" width=\"1024\" height=\"683\" data-lazy-src=\"https:\/\/www.europesays.com\/fr\/wp-content\/uploads\/2025\/09\/f1-italia-1024x683.jpg\"\/><\/p>\n<p><strong>Madrid accueillera le Grand Prix de Formule 1\u00ae \u00e0 partir de 2026<\/strong>, gr\u00e2ce \u00e0 un <strong>accord de dix ans, jusqu\u2019en 2035<\/strong>. Ce nouvel \u00e9v\u00e9nement urbain aura lieu <strong>du 11 au 13 septembre 2026<\/strong> sur le nouveau circuit <strong>MADRING<\/strong>, qui combine des tron\u00e7ons urbains, la zone <strong>IFEMA Madrid et un circuit permanent \u00e0 Valdebebas, avec 22 virages, dont la spectaculaire courbe sur\u00e9lev\u00e9e \u00ab\u00a0La Monumental\u00a0\u00bb.<\/strong><\/p>\n<p><img fetchpriority=\"high\" decoding=\"async\" class=\"alignnone wp-image-27633 size-full\" src=\"data:image\/svg+xml,%3Csvg%20xmlns=\" http:=\"\" alt=\"gran premio\" width=\"1199\" height=\"801\" data-lazy- data-lazy- data-lazy-src=\"https:\/\/www.europesays.com\/fr\/wp-content\/uploads\/2025\/09\/f1.jpg\"\/>Le Grand Prix de Madrid<\/p>\n<p>\nLe <strong>Grand Prix de Madrid<\/strong> marque le <strong> retour de la Formule 1\u00ae<\/strong> dans la capitale espagnole <strong> apr\u00e8s plus de 40 ans<\/strong>, faisant de l\u2019Espagne le seul pays avec <strong>deux courses au calendrier 2026<\/strong> (avec le traditionnel circuit Barcelona-Catalunya \u00e0 Montmel\u00f3). La course de Madrid sera la <strong>seizi\u00e8me manche du championnat du monde<\/strong>, qui comptera au total <strong> 24 Grands Prix<\/strong> en 2026 <strong>, de l\u2019Australie en mars \u00e0 Abou Dhabi en d\u00e9cembre.<\/strong><\/p>\n<p>L\u2019\u00e9v\u00e9nement est tr\u00e8s attendu, avec la participation de grands champions de la F1 tels que <strong> Verstappen, Leclerc, Norris et les pilotes espagnols Fernando Alonso, Carlos Sainz, Pepe Mart\u00ed et Mari Boya<\/strong>. 2026 marquera le d\u00e9but d\u2019une nouvelle \u00e8re pour la Formule 1\u00ae, avec une r\u00e9glementation actualis\u00e9e et des <strong>voitures aliment\u00e9es par un carburant 100 % durable<\/strong>, conform\u00e9ment aux objectifs de durabilit\u00e9, de diversit\u00e9 et d\u2019inclusion de la F1\u00ae.<\/p>\n<p><img loading=\"lazy\" decoding=\"async\" class=\"alignnone wp-image-27635 size-full\" src=\"data:image\/svg+xml,%3Csvg%20xmlns=\" http:=\"\" alt=\"f1\" width=\"1200\" height=\"800\" data-lazy- data-lazy- data-lazy-src=\"https:\/\/www.europesays.com\/fr\/wp-content\/uploads\/2025\/09\/f1-arabia.jpeg\"\/><\/p>\n<p>\n <strong>MADRING<\/strong> promet une exp\u00e9rience unique, immersive et pleine d\u2019adr\u00e9naline, combinant l\u2019\u00e9nergie de la ville et le rugissement des moteurs, avec des \u00e9v\u00e9nements et des initiatives parall\u00e8les organis\u00e9s \u00e0 Madrid dans les mois pr\u00e9c\u00e9dant la course, sous la houlette de <strong>Fever<\/strong>, le fournisseur de services officiel (billetterie et services MADRING).<\/p>\n<p>En r\u00e9sum\u00e9, le Grand Prix de Madrid repr\u00e9sente une nouveaut\u00e9 et une occasion importante pour les fans de Formule 1\u00ae de vivre une course dans une capitale europ\u00e9enne dot\u00e9e d\u2019un circuit moderne et passionnant. Parmi les \u00e9tapes du Grand Prix de Formule 1\u00ae les plus proches de Rome, \u00e0 l\u2019exception du Grand Prix d\u2019Italie \u00e0 Monza en septembre, il y a sans aucun doute celle de Madrid ! Une exp\u00e9rience diff\u00e9rente et nouvelle !<\/p>\n<p>\t\tD\u00e9tails de l&rsquo;\u00e9v\u00e8nement<\/p>\n<p>\t<a href=\"https:\/\/feverup.com\/m\/432252\/fr\" rel=\"follow noopener\" target=\"_blank\" class=\"tracked-link\" data-has-ga=\"true\" data-ga-type=\"click\" data-label=\"https:\/\/feverup.com\/m\/432252\/fr?utm_source=secretroma&amp;utm_medium=post&amp;utm_campaign=432252_fco&amp;utm_content=formule-1-madrid-tickets&amp;utm_term=profile_card_cta_432252\" data-action=\"profile_card_image\" data-tracked=\"1\" data-category=\"click_sales\" data-cp_smn_source=\"secretroma\" data-cp_smn_content=\"formule-1-madrid-tickets\" data-cp_smn_term=\"profile_card_image\"><img decoding=\"async\" src=\"data:image\/svg+xml,%3Csvg%20xmlns=\" http:=\"\" alt=\"FORMULA 1\u00ae TAG HEUER GRAN PREMIO DE ESPA\u00d1A 2026\" data-lazy-src=\"https:\/\/www.europesays.com\/fr\/wp-content\/uploads\/2025\/09\/aa6979be-8fdc-11f0-86ac-628e8f210c54.jpg\"\/><\/a><\/p>\n<p>\t\t\t\t\t\tFORMULA 1\u00ae TAG HEUER GRAN PREMIO DE ESPA\u00d1A 2026<\/p>\n","protected":false},"excerpt":{"rendered":"Madrid accueillera le Grand Prix de Formule 1\u00ae \u00e0 partir de 2026, gr\u00e2ce \u00e0 un accord de dix&hellip;\n","protected":false},"author":2,"featured_media":412979,"comment_status":"","ping_status":"","sticky":false,"template":"","format":"standard","meta":{"footnotes":""},"categories":[1412],"tags":[1451,1452,1453,1454,1455,1011,27,60],"class_list":{"0":"post-412978","1":"post","2":"type-post","3":"status-publish","4":"format-standard","5":"has-post-thumbnail","7":"category-f1","8":"tag-f1","9":"tag-formula-1","10":"tag-formula1","11":"tag-formule-1","12":"tag-formule1","13":"tag-fr","14":"tag-france","15":"tag-sports"},"share_on_mastodon":{"url":"https:\/\/pubeurope.com\/@fr\/115255998642836821","error":""},"_links":{"self":[{"href":"https:\/\/www.europesays.com\/fr\/wp-json\/wp\/v2\/posts\/412978","targetHints":{"allow":["GET"]}}],"collection":[{"href":"https:\/\/www.europesays.com\/fr\/wp-json\/wp\/v2\/posts"}],"about":[{"href":"https:\/\/www.europesays.com\/fr\/wp-json\/wp\/v2\/types\/post"}],"author":[{"embeddable":true,"href":"https:\/\/www.europesays.com\/fr\/wp-json\/wp\/v2\/users\/2"}],"replies":[{"embeddable":true,"href":"https:\/\/www.europesays.com\/fr\/wp-json\/wp\/v2\/comments?post=412978"}],"version-history":[{"count":0,"href":"https:\/\/www.europesays.com\/fr\/wp-json\/wp\/v2\/posts\/412978\/revisions"}],"wp:featuredmedia":[{"embeddable":true,"href":"https:\/\/www.europesays.com\/fr\/wp-json\/wp\/v2\/media\/412979"}],"wp:attachment":[{"href":"https:\/\/www.europesays.com\/fr\/wp-json\/wp\/v2\/media?parent=412978"}],"wp:term":[{"taxonomy":"category","embeddable":true,"href":"https:\/\/www.europesays.com\/fr\/wp-json\/wp\/v2\/categories?post=412978"},{"taxonomy":"post_tag","embeddable":true,"href":"https:\/\/www.europesays.com\/fr\/wp-json\/wp\/v2\/tags?post=412978"}],"curies":[{"name":"wp","href":"https:\/\/api.w.org\/{rel}","templated":true}]}}