{"id":412998,"date":"2025-09-23T22:46:11","date_gmt":"2025-09-23T22:46:11","guid":{"rendered":"https:\/\/www.europesays.com\/fr\/412998\/"},"modified":"2025-09-23T22:46:11","modified_gmt":"2025-09-23T22:46:11","slug":"anorexie-et-boulimie-carla-lazzari-et-sa-silhouette-choquent-les-fans-apres-la-diffusion-dun-prime-sur-france-3","status":"publish","type":"post","link":"https:\/\/www.europesays.com\/fr\/412998\/","title":{"rendered":"\u00ab\u00a0Anorexie et boulimie\u00a0\u00bb, Carla Lazzari et sa silhouette choquent les fans apr\u00e8s la diffusion d\u2019un prime sur France 3"},"content":{"rendered":"<p>Devenir un enfant star \u00e0 l\u2019heure o\u00f9 les r\u00e9seaux sociaux sont rois peut s\u2019av\u00e9rer tr\u00e8s compliqu\u00e9. Et ce n\u2019est malheureusement pas Carla Lazzari qui va dire le contraire. <a href=\"https:\/\/vsd.fr\/65756-amir-et-de-nombreuses-stars-envoient-une-vague-de-soutien-a-carla-lazzari-the-voice-kids-suite-a-sa-tentative-denlevement\/\" target=\"_blank\" rel=\"noopener\">La jeune artiste de 20 ans<\/a> a sorti, le 18 septembre 2025, son livre <strong>Ma v\u00e9rit\u00e9<\/strong>\u00a0aux \u00e9ditions Hors collection. Un ouvrage dans lequel elle revient sur <strong>les r\u00e9percussions caus\u00e9es par sa notori\u00e9t\u00e9<\/strong> \u00e0 seulement 13 ans.\u00a0<\/p>\n<p>En effet, Carla Lazzari se fait conna\u00eetre en participant \u00e0 <strong>The Voice Kids<\/strong> en 2018 avant de repr\u00e9senter la France au Concours Eurovision de la chanson junior l\u2019ann\u00e9e suivante avec <a href=\"https:\/\/www.public.fr\/carla-lazzari-la-gagnante-de-leurovision-junior-enfermee-dans-un-placard-a-balais-son-temoignage-glacant\" target=\"_blank\" rel=\"noopener\">le titre <strong>Bim, bam, toi<\/strong><\/a>. Un titre qui conna\u00eet un \u00e9norme succ\u00e8s, mais pas vraiment pour les bonnes raisons.<\/p>\n<p>Moqu\u00e9e et harcel\u00e9e apr\u00e8s la diffusion de ce morceau, <a href=\"https:\/\/www.public.fr\/beauf-a-souhait-carla-lazzari-la-verite-sur-son-enorme-tube-avec-un-chanteur-francais\" target=\"_blank\" rel=\"noopener\">l\u2019artiste de 20 ans<\/a> a v\u00e9cu un v\u00e9ritable calvaire pendant une longue p\u00e9riode. Une p\u00e9riode difficile sur laquelle elle a accept\u00e9 de revenir, ce mardi 23 septembre 2025, dans le Buzz TV du Figaro.<\/p>\n<p>Carla Lazzari victime de harc\u00e8lement<\/p>\n<p>\u00ab\u00a0Je crois que le moment o\u00f9 \u00e7a bascule, o\u00f9 le r\u00eave devient un cauchemar, c\u2019est en rentrant de l\u2019Eurovision Junior\u00a0\u00bb, explique-t-elle \u00e0 Sarah Lec\u0153uvre, avant d\u2019ajouter : \u00ab\u00a0Je suis rentr\u00e9e au coll\u00e8ge, et l\u00e0 vraiment plus personne ne me parlait, j\u2019\u00e9tais devenue l\u2019objet de tous les regards\u00a0\u00bb.\u00a0<\/p>\n<p>\u00ab\u00a0On me prenait non-stop en photo, en train de manger, on me suivait jusqu\u2019aux toilettes, \u00e7a a \u00e9t\u00e9 le retour \u00e0 la r\u00e9alit\u00e9, en fait il a \u00e9t\u00e9 brutal \u00e0 ce moment-l\u00e0\u00a0\u00bb, poursuit Carla Lazzari, toujours affect\u00e9e par la situation.\u00a0<\/p>\n<p>Une p\u00e9riode qu\u2019elle pr\u00e9f\u00e9rait oublier mais qu\u2019elle a tout de m\u00eame accept\u00e9 de raconter dans son livre <strong>Ma v\u00e9rit\u00e9<\/strong>. Un ouvrage dans lequel elle fait de nombreuses r\u00e9v\u00e9lations comme son envie \u00ab\u00a0d\u2019en finir\u00a0\u00bb \u00e0 un moment des vie.<\/p>\n<p>Cette p\u00e9riode durant laquelle elle a souhait\u00e9 en finir<\/p>\n<p>\u00ab\u00a0Dans le livre, vous dites\u00a0: \u2018J\u2019ai voulu en finir et rejoindre le paradis\u2019\u00a0\u00bb, l\u2019interpelle Sarah Lec\u0153uvre.\u00a0 \u00ab\u00a0L\u00e0, \u00e7a a \u00e9t\u00e9 tr\u00e8s dur. Franchement, c&rsquo;\u00e9tait une p\u00e9riode o\u00f9 m\u00eame je mettais vraiment ma sant\u00e9 en danger\u00a0\u00bb, reconna\u00eet alors la chanteuse aujourd\u2019hui \u00e2g\u00e9e de 20 ans.<\/p>\n<p>Avant de donner plus de d\u00e9tails : \u00ab\u00a0Mon rapport \u00e0 la nourriture est devenu vraiment tr\u00e8s, tr\u00e8s dur. Je jonglais entre anorexie, boulimie. Je ne mangeais plus rien. \u00c0 la cantine, je ne mangeais plus. C&rsquo;\u00e9tait un moment assez difficile, une p\u00e9riode, mais \u00e0 la fois, il ne fallait que je ne le montre \u00e0 personne\u00a0\u00bb.<\/p>\n<p>C\u2019est r\u00e9ellement sa participation \u00e0 l\u2019\u00e9mission <strong>Les 300 choeurs<\/strong> qui a fait prendre conscience \u00e0\u00a0 Carla Lazzari qu\u2019elle devait se reprendre en main. \u00ab\u00a0Je me trouvais squelettique. Les fans avaient commenc\u00e9 \u00e0 s&rsquo;alarmer un peu sur cette \u00e9mission parce que vraiment, m\u00eame moi, je ne me suis pas reconnue. J&rsquo;\u00e9tais vraiment devenue un squelette, je ne mangeais plus\u00a0\u00bb, se souvient-elle.<\/p>\n<p>Cet \u00e9l\u00e9ment d\u00e9clencheur a permis \u00e0 la jeune artiste d\u2019aller de l\u2019avant. \u00ab\u00a0\u2018<strong>Mais Carla, tu ne peux pas continuer.<\/strong> Il faut se reprendre en main\u2019. C&rsquo;est \u00e7a qui m&rsquo;a sauv\u00e9\u00a0\u00bb, a-t-elle finalement conclu.\u00a0<\/p>\n<p>      Mentionn\u00e9s dans cet article<\/p>\n<p>      Sur le m\u00eame sujet<\/p>\n","protected":false},"excerpt":{"rendered":"Devenir un enfant star \u00e0 l\u2019heure o\u00f9 les r\u00e9seaux sociaux sont rois peut s\u2019av\u00e9rer tr\u00e8s compliqu\u00e9. Et ce&hellip;\n","protected":false},"author":2,"featured_media":412999,"comment_status":"","ping_status":"","sticky":false,"template":"","format":"standard","meta":{"footnotes":""},"categories":[8],"tags":[8753,58,59,1011,27,3668],"class_list":{"0":"post-412998","1":"post","2":"type-post","3":"status-publish","4":"format-standard","5":"has-post-thumbnail","7":"category-divertissement","8":"tag-concours-eurovision-de-la-chanson","9":"tag-divertissement","10":"tag-entertainment","11":"tag-fr","12":"tag-france","13":"tag-harcelement"},"share_on_mastodon":{"url":"https:\/\/pubeurope.com\/@fr\/115256045841337337","error":""},"_links":{"self":[{"href":"https:\/\/www.europesays.com\/fr\/wp-json\/wp\/v2\/posts\/412998","targetHints":{"allow":["GET"]}}],"collection":[{"href":"https:\/\/www.europesays.com\/fr\/wp-json\/wp\/v2\/posts"}],"about":[{"href":"https:\/\/www.europesays.com\/fr\/wp-json\/wp\/v2\/types\/post"}],"author":[{"embeddable":true,"href":"https:\/\/www.europesays.com\/fr\/wp-json\/wp\/v2\/users\/2"}],"replies":[{"embeddable":true,"href":"https:\/\/www.europesays.com\/fr\/wp-json\/wp\/v2\/comments?post=412998"}],"version-history":[{"count":0,"href":"https:\/\/www.europesays.com\/fr\/wp-json\/wp\/v2\/posts\/412998\/revisions"}],"wp:featuredmedia":[{"embeddable":true,"href":"https:\/\/www.europesays.com\/fr\/wp-json\/wp\/v2\/media\/412999"}],"wp:attachment":[{"href":"https:\/\/www.europesays.com\/fr\/wp-json\/wp\/v2\/media?parent=412998"}],"wp:term":[{"taxonomy":"category","embeddable":true,"href":"https:\/\/www.europesays.com\/fr\/wp-json\/wp\/v2\/categories?post=412998"},{"taxonomy":"post_tag","embeddable":true,"href":"https:\/\/www.europesays.com\/fr\/wp-json\/wp\/v2\/tags?post=412998"}],"curies":[{"name":"wp","href":"https:\/\/api.w.org\/{rel}","templated":true}]}}