{"id":413024,"date":"2025-09-23T23:00:12","date_gmt":"2025-09-23T23:00:12","guid":{"rendered":"https:\/\/www.europesays.com\/fr\/413024\/"},"modified":"2025-09-23T23:00:12","modified_gmt":"2025-09-23T23:00:12","slug":"ligue-2-saint-etienne-enchaine-montpellier-coule-ce-quil-faut-retenir-de-la-7e-journee","status":"publish","type":"post","link":"https:\/\/www.europesays.com\/fr\/413024\/","title":{"rendered":"Ligue 2. Saint-\u00c9tienne encha\u00eene, Montpellier coule\u2026 Ce qu\u2019il faut retenir de la 7e journ\u00e9e ."},"content":{"rendered":"<p>L\u2019int\u00e9gralit\u00e9 de la septi\u00e8me journ\u00e9e de Ligue 2\u00a0se d\u00e9roulait ce mardi 23\u00a0septembre, avec neuf matches programm\u00e9s \u00e0 20\u00a0h\u00a030. Un multiplex qui a vu <a href=\"https:\/\/www.ouest-france.fr\/sport\/football\/saint-etienne\/direct-amiens-sc-as-saint-etienne-suivez-le-match-de-la-7e-journee-de-ligue-2-en-live-5ad4f3ac-6386-4e22-abbd-41ef09ca41e9\" target=\"_blank\" rel=\"noopener\">Saint-\u00c9tienne encha\u00eener au stade de la Licorne face \u00e0 Amiens (0-1)<\/a> pour conserver sa place de leader.<\/p>\n<p>Comme face \u00e0 Reims samedi (3-2) et \u00e0 Clermont la semaine pr\u00e9c\u00e9dente (1-2), Lucas Stassin a \u00e9t\u00e9 d\u00e9terminant dans la victoire des Verts, qui ont multipli\u00e9 les opportunit\u00e9s (23\u00a0tirs) et ont logiquement fini par faire craquer leurs adversaires. L\u2019attaquant belge a fait parler son sens du placement pour pousser au fond, avec de la r\u00e9ussite, le ballon apr\u00e8s une frappe sur le montant de\u00a0Zuriko Davitashvili (0-1, 78\u2019). L\u2019ASSE encha\u00eene une troisi\u00e8me victoire de rang en Ligue 2 et conserve un point d\u2019avance sur son nouveau dauphin, Troyes.<\/p>\n<p>Le choc du haut de tableau pour Troyes<\/p>\n<p>L\u2019Estac, un temps leader provisoire avant le but de Saint-\u00c9tienne, a en effet remport\u00e9 le choc du haut de tableau au stade Bauer contre le Red Star (1-3). Le match avait pourtant bien mal commenc\u00e9 pour l\u2019Estac, puisque Matthieu Huard avait trouv\u00e9 l\u2019ouverture au quart d\u2019heure de jeu (1-0, 15\u2019). Mais les hommes de St\u00e9phane Dumont ont vite r\u00e9agi et tout renvers\u00e9 en quelques secondes\u00a0: Merwan Ifnaoui a \u00e9galis\u00e9 (1-1, 25\u2019), avant qu\u2019Antoine Mille ne donne l\u2019avantage \u00e0 son \u00e9quipe (1-2, 26\u2019), \u00e0 chaque fois \u00e0 la suite d\u2019une passe d\u00e9cisive de Martin Adeline. Sur un contre, Jaures Assoumou est parti en solitaire d\u00e9fier et tromper Ga\u00ebtan Poussin d\u2019un subtil ballon piqu\u00e9 pour faire le break (1-3, 68\u2019).<\/p>\n<p>Les Aubois encha\u00eenent un troisi\u00e8me succ\u00e8s d\u2019affil\u00e9e, alors que cette d\u00e9faite \u00e9jecte du podium le Red Star, au b\u00e9n\u00e9fice du Pau FC. Un but <a href=\"https:\/\/www.ouest-france.fr\/sport\/football\/stade-lavallois\/direct-pau-laval-suivez-le-match-de-la-7e-journee-de-ligue-2-en-live-fb4e4893-1343-401f-ae86-0dbf0964a73e\" target=\"_blank\" rel=\"noopener\">face \u00e0 Laval (1-0)<\/a> du jeune\u00a0Rayane Messi (18\u00a0ans), pr\u00eat\u00e9 par le RC Strasbourg, suffit au bonheur des Palois (1-0, 53\u2019).<\/p>\n<p>\u00c7a sourit \u00e9galement \u00e0 Reims, large vainqueur de Clermont Foot (4-1) \u00e0 Delaune et de retour dans le top 5. Amine Salama (1-0, 14\u2019), Keito Nakamura (2-0, 45\u2019), Norman Bassette (3-1, 57\u2019) et Mohammed Daramy (4-1, 83\u2019) sont les buteurs champenois, alors que Kader Bamba avait redonn\u00e9 espoir \u00e0 son \u00e9quipe au retour des vestiaires (2-1, 49\u2019).<\/p>\n<p>Rien ne va plus \u00e0 Montpellier et Bastia<\/p>\n<p>L\u2019ambiance est bien moins joyeuse chez l\u2019autre promu, Montpellier, qui rechute apr\u00e8s sa victoire contre Bastia samedi (2-0). Sous les yeux d\u2019un de ses grands supporters, Paul Mirabel, qui a donn\u00e9 le coup d\u2019envoi, le MHSC s\u2019est inclin\u00e9 \u00e0 la Mosson face au promu Boulogne, avant-dernier au coup d\u2019envoi (1-3). Julien Laporte a laiss\u00e9 ses co\u00e9quipiers \u00e0 dix peu apr\u00e8s la demi-heure (31\u2019), avant que Christopher Jullien ne marque contre son camp au pire des moments (0-1, 45\u2019). Une ouverture du score logique, avant que Amine El Farissi ne fasse le break (0-2, 69\u2019) et que Corentin Fatou n\u2019alourdisse l\u2019addition sur un penalty provoqu\u00e9 par un Jullien peu inspir\u00e9 ce mardi (0-3, 80\u2019). T\u00e9ji Savanier a r\u00e9duit l\u2019\u00e9cart sur penalty (1-3, 90\u2019+\u00a01) mais n\u2019\u00e9vitera pas les critiques pour Zoumana Camara et les siens.<\/p>\n<p>La crise est \u00e9galement bien l\u00e0 \u00e0 Bastia. Les Corses menaient 2-0\u00a0face \u00e0 Rodez, gr\u00e2ce \u00e0 des buts d\u2019Amine Boutrah (1-0, 37\u2019) puis Tom Ducrocq (2-0, 58\u2019sp), mais se sont compl\u00e8tement \u00e9croul\u00e9s dans le dernier quart d\u2019heure. Mohamed Achi a r\u00e9duit l\u2019\u00e9cart (2-1, 76\u2019), Mathis Magnin \u00e9galis\u00e9 (2-2, 86\u2019) et Ibrahima Bald\u00e9 a port\u00e9 le coup de gr\u00e2ce dans le temps additionnel (2-3, 90\u2019+\u00a01). Lanterne rouge, Bastia n\u2019a toujours pas gagn\u00e9 avant de se d\u00e9placer sur la pelouse de l\u2019avant-dernier, Grenoble, vendredi (20\u00a0h), dans un match qui s\u2019annonce tendu.<\/p>\n<p><strong>Lire aussi\u00a0:<\/strong>\u00a0<a href=\"https:\/\/rennes.maville.com\/sport\/detail_-om-psg.-audience-record-sur-ligue-1-+-pour-le-classique-avec-plus-de-1-million-de-telespectateurs-_54135-6989599_actu.Htm\" target=\"_blank\" rel=\"noopener\">OM &#8211; PSG. Audience record sur Ligue 1 +\u00a0pour le Classique, avec plus de 1\u00a0million de t\u00e9l\u00e9spectateurs<\/a><\/p>\n<p>Dans les autres matches de la soir\u00e9e, Nancy a renvers\u00e9 Annecy (1-2) et grimpe \u00e0 la sixi\u00e8me place, Guingamp a bien r\u00e9agi apr\u00e8s sa lourde d\u00e9faite \u00e0 Troyes (5-2), <a href=\"https:\/\/www.ouest-france.fr\/sport\/football\/ea-guingamp\/direct-ea-guingamp-dunkerque-suivez-le-match-de-la-7e-journee-de-ligue-2-en-live-54379ddf-538b-49a4-b12f-7bb8d91ea7b1\" target=\"_blank\" rel=\"noopener\">en s\u2019imposant face \u00e0 Dunkerque \u00e0 Roudourou (2-1)<\/a>, et Le Mans, pourtant r\u00e9duit \u00e0 dix, <a href=\"https:\/\/www.ouest-france.fr\/sport\/football\/ligue-2\/direct-le-mans-fc-grenoble-foot-38-suivez-le-match-de-la-7e-journee-de-ligue-2-en-live-9912fc5f-eb50-4817-a0bc-c2cd6c3528e2\" target=\"_blank\" rel=\"noopener\">a enfonc\u00e9 Grenoble<\/a> gr\u00e2ce \u00e0 un lob somptueux de tr\u00e8s loin de Dame Gueye (1-0).<\/p>\n<p>\u00a0<\/p>\n","protected":false},"excerpt":{"rendered":"L\u2019int\u00e9gralit\u00e9 de la septi\u00e8me journ\u00e9e de Ligue 2\u00a0se d\u00e9roulait ce mardi 23\u00a0septembre, avec neuf matches programm\u00e9s \u00e0 20\u00a0h\u00a030.&hellip;\n","protected":false},"author":2,"featured_media":413025,"comment_status":"","ping_status":"","sticky":false,"template":"","format":"standard","meta":{"footnotes":""},"categories":[9599],"tags":[1111,11,3809,1465,1777,674,63,1011,27,1792,1922,2208,12,2680,25,6689,479,517,1470,9693],"class_list":{"0":"post-413024","1":"post","2":"type-post","3":"status-publish","4":"format-standard","5":"has-post-thumbnail","7":"category-montpellier","8":"tag-actu","9":"tag-actualites","10":"tag-ball","11":"tag-basket","12":"tag-eu","13":"tag-europe","14":"tag-football","15":"tag-fr","16":"tag-france","17":"tag-handball","18":"tag-info","19":"tag-montpellier","20":"tag-news","21":"tag-occitanie","22":"tag-republique-francaise","23":"tag-roche","24":"tag-rugby","25":"tag-sport","26":"tag-volley","27":"tag-yon"},"share_on_mastodon":{"url":"https:\/\/pubeurope.com\/@fr\/115256100299605753","error":""},"_links":{"self":[{"href":"https:\/\/www.europesays.com\/fr\/wp-json\/wp\/v2\/posts\/413024","targetHints":{"allow":["GET"]}}],"collection":[{"href":"https:\/\/www.europesays.com\/fr\/wp-json\/wp\/v2\/posts"}],"about":[{"href":"https:\/\/www.europesays.com\/fr\/wp-json\/wp\/v2\/types\/post"}],"author":[{"embeddable":true,"href":"https:\/\/www.europesays.com\/fr\/wp-json\/wp\/v2\/users\/2"}],"replies":[{"embeddable":true,"href":"https:\/\/www.europesays.com\/fr\/wp-json\/wp\/v2\/comments?post=413024"}],"version-history":[{"count":0,"href":"https:\/\/www.europesays.com\/fr\/wp-json\/wp\/v2\/posts\/413024\/revisions"}],"wp:featuredmedia":[{"embeddable":true,"href":"https:\/\/www.europesays.com\/fr\/wp-json\/wp\/v2\/media\/413025"}],"wp:attachment":[{"href":"https:\/\/www.europesays.com\/fr\/wp-json\/wp\/v2\/media?parent=413024"}],"wp:term":[{"taxonomy":"category","embeddable":true,"href":"https:\/\/www.europesays.com\/fr\/wp-json\/wp\/v2\/categories?post=413024"},{"taxonomy":"post_tag","embeddable":true,"href":"https:\/\/www.europesays.com\/fr\/wp-json\/wp\/v2\/tags?post=413024"}],"curies":[{"name":"wp","href":"https:\/\/api.w.org\/{rel}","templated":true}]}}