{"id":413030,"date":"2025-09-23T23:06:29","date_gmt":"2025-09-23T23:06:29","guid":{"rendered":"https:\/\/www.europesays.com\/fr\/413030\/"},"modified":"2025-09-23T23:06:29","modified_gmt":"2025-09-23T23:06:29","slug":"quand-la-terre-tremble-les-soubresauts-de-la-planete-expliques-a-lespace-des-sciences","status":"publish","type":"post","link":"https:\/\/www.europesays.com\/fr\/413030\/","title":{"rendered":"Quand la terre tremble\u00a0: les soubresauts de la plan\u00e8te expliqu\u00e9s \u00e0 l\u2019Espace des sciences"},"content":{"rendered":"<p>Tout \u00e0 coup, un gyrophare rouge tournoie en silence. Il est connect\u00e9 \u00e0 un sismom\u00e8tre et r\u00e9agit \u00e0 tout s\u00e9isme qui se produit quelque part dans le monde. Cette fois, c\u2019est \u00e0 Puerto Rico. Plus t\u00f4t dans la matin\u00e9e, c\u2019\u00e9tait dans les \u00eeles indon\u00e9siennes. Leur magnitude (\u00e9nergie lib\u00e9r\u00e9e) se situe entre 3 et 4. Rien que du tr\u00e8s courant. C\u2019est \u00e0 partir de 3\u00a0que l\u2019\u00eatre humain commence \u00e0 ressentir la secousse. Des tremblements de terre de cette puissance, il s\u2019en produit plus d\u2019une centaine par jour. Ils sont la plupart du temps sans incidence grave. Mais le <a href=\"https:\/\/www.ouest-france.fr\/catastrophes\/\" target=\"_self\" rel=\"noopener\">ph\u00e9nom\u00e8ne fait peur.<\/a> \u00c0 raison.<\/p>\n<p><strong>Lire aussi\u00a0:<\/strong>\u00a0<a href=\"https:\/\/rennes.maville.com\/actu\/actudet_-c-est-quoi-la-magnitude-d-un-seisme-et-comment-est-elle-calculee-_54135-5623426_actu.Htm\" target=\"_self\" rel=\"noopener\">C\u2019est quoi la magnitude d\u2019un s\u00e9isme, et comment est-elle calcul\u00e9e\u00a0?<\/a><\/p>\n<p>\t<img decoding=\"async\" src=\"https:\/\/www.europesays.com\/fr\/wp-content\/uploads\/2025\/09\/P35481045D6989466G_px_640_.jpg\" alt=\"photo dans l\u2019exposition \\\\\" quand=\"\" la=\"\" terre=\"\" tremble=\"\" le=\"\" public=\"\" peut=\"\" savoir=\"\" presque=\"\" en=\"\" temps=\"\" r=\"\" lorsque=\"\" se=\"\" produit=\"\" un=\"\" s=\"\" dans=\"\" monde.=\"\" ouest-france=\"\" width=\"640\" title=\" Dans l\u2019exposition \\\"\/><\/p>\n<p class=\"elmt-legende\"> Dans l\u2019exposition \\<\/p>\n<p>Le tremblement de terre est l\u2019un des ph\u00e9nom\u00e8nes naturels les plus d\u00e9vastateurs. \u00c0 la fois simple et mal compris. D\u2019o\u00f9 l\u2019int\u00e9r\u00eat de le mettre en sc\u00e8ne dans une exposition p\u00e9dagogique comme sait en pr\u00e9senter l\u2019<a href=\"https:\/\/www.ouest-france.fr\/partenaires\/espace-des-sciences\/\" target=\"_self\" rel=\"noopener\">Espace des sciences de Rennes<\/a>. Cette nouvelle exposition temporaire, intitul\u00e9e Quand la terre tremble, est ouverte depuis le 23\u00a0septembre 2025 jusqu\u2019au 8\u00a0mars 2026, aux Champs libres. Elle reprend une cr\u00e9ation de l\u2019Espace des inventions de Lausanne (Suisse), compl\u00e9t\u00e9e par Micka\u00ebl Bonnin et Cl\u00e9ment Perrin, deux sismologues du Laboratoire de plan\u00e9tologie et de g\u00e9osciences de Nantes. Dans cette expo de rentr\u00e9e, on retrouve les habituelles manipulations et autres ateliers interactifs.<\/p>\n<p><strong>Lire aussi\u00a0: <\/strong> <a href=\"https:\/\/rennes.maville.com\/actu\/actudet_-seismes-meurtriers-en-turquie-le-systeme-d-alerte-google-a-mal-fonctionne-_54135-6916708_actu.Htm\" target=\"_self\" rel=\"noopener\">S\u00e9ismes meurtriers en Turquie\u00a0: le syst\u00e8me d\u2019alerte Google a mal fonctionn\u00e9<\/a><\/p>\n<p>\t<img decoding=\"async\" src=\"https:\/\/www.europesays.com\/fr\/wp-content\/uploads\/2025\/09\/P35481046D6989466G_px_640_.jpg\" alt=\"photo michel cabaret, directeur de l\u2019espace des sciences, lors de l\u2019ouverture de l\u2019exposition \\\\\" quand=\"\" la=\"\" terre=\"\" tremble=\"\" ouest-france=\"\" width=\"640\" title=\" Michel Cabaret, directeur de l\u2019Espace des sciences, lors de l\u2019ouverture de l\u2019exposition \\\"\/><\/p>\n<p class=\"elmt-legende\"> Michel Cabaret, directeur de l\u2019Espace des sciences, lors de l\u2019ouverture de l\u2019exposition \\<\/p>\n<p>Qu\u2019est-ce qu\u2019un tremblement de terre\u00a0? Comment le mesure-t-on\u00a0? Peut-on le pr\u00e9dire\u00a0? Autant de questions sur une th\u00e9matique pas simple \u00e0 vulgariser. Par exemple, la magnitude.\u00a0Est-ce la fameuse \u00e9chelle de Richter\u00a0? Les sismologues n\u2019utilisent plus l\u2019expression, qui<strong> \u00ab\u00a0n\u2019est valable que pour la Californie\u00a0\u00bb<\/strong>, pr\u00e9cise\u00a0Micka\u00ebl Bonnin. On parle simplement de magnitude comme d\u2019une \u00e9chelle logarithmique gradu\u00e9e de 1 \u00e0 10. Concr\u00e8tement, une secousse \u00e0 6\u00a0lib\u00e8re trente fois plus d\u2019\u00e9nergie qu\u2019une secousse \u00e0 5. Une secousse \u00e0 7\u00a0lib\u00e8re, elle, 900\u00a0fois d\u2019\u00e9nergie qu\u2019\u00e0 5. Et ainsi de suite. \u00c0 chaque palier, on multiplie par trente. \u00c7a monte tr\u00e8s vite. Pas intuitif, mais elle explique tr\u00e8s bien la puissance potentielle incroyable d\u00e9velopp\u00e9e par ces ph\u00e9nom\u00e8nes naturels.<\/p>\n<p><strong>Lire aussi\u00a0: <\/strong> <a href=\"https:\/\/rennes.maville.com\/actu\/actudet_-mars.-le-plus-puissant-seisme-jamais-capte-sur-la-planete-rouge-une-mine-d-or-pour-la-science-_54028-5227773_actu.Htm\" target=\"_self\" rel=\"noopener\">Mars. Le plus puissant s\u00e9isme jamais capt\u00e9 sur la plan\u00e8te rouge, \u00ab\u00a0une mine d\u2019or\u00a0\u00bb pour la science<\/a><\/p>\n<p>\t<img decoding=\"async\" src=\"https:\/\/www.europesays.com\/fr\/wp-content\/uploads\/2025\/09\/P35481047D6989466G_px_640_.jpg\" alt=\"photo ?des ondes sismiques parcourent le globe tous les jours, y compris en france et en bretagne.  \u00a9  ouest-france\" width=\"640\" title=\" ?Des ondes sismiques parcourent le globe tous les jours, y compris en France et en Bretagne.   Ouest-France \"\/><\/p>\n<p class=\"elmt-legende\"> ?Des ondes sismiques parcourent le globe tous les jours, y compris en France et en Bretagne.   Ouest-France <\/p>\n<p>L\u2019autre moyen de mesurer un s\u00e9isme, c\u2019est son intensit\u00e9, qui \u00e9value, \u00e0 un endroit donn\u00e9, les effets sur les b\u00e2timents et l\u2019environnement. Elle est donc variable en fonction du lieu. De ce qui y est construit. Et du sol o\u00f9 l\u2019on a construit.<\/p>\n<p>L\u2019exposition explique ces diff\u00e9rentes notions, sur lesquelles les plus jeunes passeront un peu plus vite pour les exp\u00e9rimenter directement sur les diff\u00e9rents ateliers ludiques propos\u00e9s. Pour comprendre notamment comment se comporte une onde ou comment s\u2019imbriquent les plaques tectoniques. L\u2019exposition Quand la terre tremble fait aussi tout un focus sur la France et la Bretagne, o\u00f9 le risque sismique est mod\u00e9r\u00e9. Des podcasts et quiz compl\u00e8tent tr\u00e8s bien les m\u00e9diations propos\u00e9es, notamment pour les jeunes publics. Entrez sans trembler\u00a0!<\/p>\n<p>\u00a0<\/p>\n","protected":false},"excerpt":{"rendered":"Tout \u00e0 coup, un gyrophare rouge tournoie en silence. Il est connect\u00e9 \u00e0 un sismom\u00e8tre et r\u00e9agit \u00e0&hellip;\n","protected":false},"author":2,"featured_media":413031,"comment_status":"","ping_status":"","sticky":false,"template":"","format":"standard","meta":{"footnotes":""},"categories":[2821],"tags":[1111,11,829,386,1777,674,22540,1011,27,12,52,584,25,3728,41,54373,4505,54372],"class_list":{"0":"post-413030","1":"post","2":"type-post","3":"status-publish","4":"format-standard","5":"has-post-thumbnail","7":"category-rennes","8":"tag-actu","9":"tag-actualites","10":"tag-bretagne","11":"tag-espace","12":"tag-eu","13":"tag-europe","14":"tag-expliques","15":"tag-fr","16":"tag-france","17":"tag-news","18":"tag-planete","19":"tag-rennes","20":"tag-republique-francaise","21":"tag-saint-malo","22":"tag-sciences","23":"tag-soubresauts","24":"tag-terre","25":"tag-tremble"},"share_on_mastodon":{"url":"https:\/\/pubeurope.com\/@fr\/115256124408985997","error":""},"_links":{"self":[{"href":"https:\/\/www.europesays.com\/fr\/wp-json\/wp\/v2\/posts\/413030","targetHints":{"allow":["GET"]}}],"collection":[{"href":"https:\/\/www.europesays.com\/fr\/wp-json\/wp\/v2\/posts"}],"about":[{"href":"https:\/\/www.europesays.com\/fr\/wp-json\/wp\/v2\/types\/post"}],"author":[{"embeddable":true,"href":"https:\/\/www.europesays.com\/fr\/wp-json\/wp\/v2\/users\/2"}],"replies":[{"embeddable":true,"href":"https:\/\/www.europesays.com\/fr\/wp-json\/wp\/v2\/comments?post=413030"}],"version-history":[{"count":0,"href":"https:\/\/www.europesays.com\/fr\/wp-json\/wp\/v2\/posts\/413030\/revisions"}],"wp:featuredmedia":[{"embeddable":true,"href":"https:\/\/www.europesays.com\/fr\/wp-json\/wp\/v2\/media\/413031"}],"wp:attachment":[{"href":"https:\/\/www.europesays.com\/fr\/wp-json\/wp\/v2\/media?parent=413030"}],"wp:term":[{"taxonomy":"category","embeddable":true,"href":"https:\/\/www.europesays.com\/fr\/wp-json\/wp\/v2\/categories?post=413030"},{"taxonomy":"post_tag","embeddable":true,"href":"https:\/\/www.europesays.com\/fr\/wp-json\/wp\/v2\/tags?post=413030"}],"curies":[{"name":"wp","href":"https:\/\/api.w.org\/{rel}","templated":true}]}}