{"id":413036,"date":"2025-09-23T23:09:16","date_gmt":"2025-09-23T23:09:16","guid":{"rendered":"https:\/\/www.europesays.com\/fr\/413036\/"},"modified":"2025-09-23T23:09:16","modified_gmt":"2025-09-23T23:09:16","slug":"un-immense-defi-pour-le-strasbourg-ath-en-deplacement-a-brest","status":"publish","type":"post","link":"https:\/\/www.europesays.com\/fr\/413036\/","title":{"rendered":"un immense d\u00e9fi pour le Strasbourg ATH, en d\u00e9placement \u00e0 Brest"},"content":{"rendered":"<p>Le club alsacien a entam\u00e9 sa troisi\u00e8me saison au plus haut niveau, mais il est difficile de s\u2019habituer \u00e0 disputer de tels matches. Lorsqu\u2019il s\u2019agit de rencontrer les deux t\u00e9nors, Metz ou Brest, habitu\u00e9s aux joutes de Ligue des champions, il y a forc\u00e9ment toujours quelque chose de particulier.<\/p>\n<p>Au cours de son tout frais pass\u00e9 dans l\u2019\u00e9lite, le SATH a connu des destins tr\u00e8s contrast\u00e9s lors de ses deux d\u00e9placements \u00e0 la Brest Arena. Un premier beaucoup trop h\u00e9sitant (39-15) en 2023-2024, un deuxi\u00e8me plus enthousiasmant (33-25) en 2024-2025.<\/p>\n<p>Ce sera d\u00e9sormais encore une tout autre histoire puisque beaucoup de visages ont chang\u00e9 dans l\u2019effectif alsacien.<\/p>\n<p>&amp;laq&#8230;                        <\/p>\n","protected":false},"excerpt":{"rendered":"Le club alsacien a entam\u00e9 sa troisi\u00e8me saison au plus haut niveau, mais il est difficile de s\u2019habituer&hellip;\n","protected":false},"author":2,"featured_media":413037,"comment_status":"","ping_status":"","sticky":false,"template":"","format":"standard","meta":{"footnotes":""},"categories":[2820],"tags":[1111,11,2880,1777,674,107,1011,27,775,1792,12,25,7770,517,640,12904,18463],"class_list":{"0":"post-413036","1":"post","2":"type-post","3":"status-publish","4":"format-standard","5":"has-post-thumbnail","7":"category-strasbourg","8":"tag-actu","9":"tag-actualites","10":"tag-edition-strasbourg","11":"tag-eu","12":"tag-europe","13":"tag-fil-info","14":"tag-fr","15":"tag-france","16":"tag-grand-est","17":"tag-handball","18":"tag-news","19":"tag-republique-francaise","20":"tag-secteur-de-truchtersheim","21":"tag-sport","22":"tag-strasbourg","23":"tag-strasbourg-ath","24":"tag-truchtersheim"},"share_on_mastodon":{"url":"https:\/\/pubeurope.com\/@fr\/115256135777291245","error":""},"_links":{"self":[{"href":"https:\/\/www.europesays.com\/fr\/wp-json\/wp\/v2\/posts\/413036","targetHints":{"allow":["GET"]}}],"collection":[{"href":"https:\/\/www.europesays.com\/fr\/wp-json\/wp\/v2\/posts"}],"about":[{"href":"https:\/\/www.europesays.com\/fr\/wp-json\/wp\/v2\/types\/post"}],"author":[{"embeddable":true,"href":"https:\/\/www.europesays.com\/fr\/wp-json\/wp\/v2\/users\/2"}],"replies":[{"embeddable":true,"href":"https:\/\/www.europesays.com\/fr\/wp-json\/wp\/v2\/comments?post=413036"}],"version-history":[{"count":0,"href":"https:\/\/www.europesays.com\/fr\/wp-json\/wp\/v2\/posts\/413036\/revisions"}],"wp:featuredmedia":[{"embeddable":true,"href":"https:\/\/www.europesays.com\/fr\/wp-json\/wp\/v2\/media\/413037"}],"wp:attachment":[{"href":"https:\/\/www.europesays.com\/fr\/wp-json\/wp\/v2\/media?parent=413036"}],"wp:term":[{"taxonomy":"category","embeddable":true,"href":"https:\/\/www.europesays.com\/fr\/wp-json\/wp\/v2\/categories?post=413036"},{"taxonomy":"post_tag","embeddable":true,"href":"https:\/\/www.europesays.com\/fr\/wp-json\/wp\/v2\/tags?post=413036"}],"curies":[{"name":"wp","href":"https:\/\/api.w.org\/{rel}","templated":true}]}}