{"id":413038,"date":"2025-09-23T23:10:15","date_gmt":"2025-09-23T23:10:15","guid":{"rendered":"https:\/\/www.europesays.com\/fr\/413038\/"},"modified":"2025-09-23T23:10:15","modified_gmt":"2025-09-23T23:10:15","slug":"appels-doffres-un-webinaire-de-la-cci-nice-cote-dazur-donne-les-clefs-2","status":"publish","type":"post","link":"https:\/\/www.europesays.com\/fr\/413038\/","title":{"rendered":"Appels d\u2019offres : un webinaire de la CCI Nice C\u00f4te d\u2019Azur donne les clefs (\u2026)"},"content":{"rendered":"<p>                    <img loading=\"lazy\" decoding=\"async\" src=\"https:\/\/www.europesays.com\/fr\/wp-content\/uploads\/2025\/09\/37d28f9cd8c737494730ef05960ff3.png\" class=\"img-responsive post-image\" width=\"680\" height=\"510\" alt=\"Appels d'offres : un (\u2026)\" title=\"Appels d'offres : un webinaire de la CCI Nice C\u00f4te d'Azur donne les clefs pour y r\u00e9pondre mieux, plus vite, plus fort avec l'IA\"\/><\/p>\n<p class=\"chapo\">Dans un contexte o\u00f9 les appels d\u2019offres se multiplient et o\u00f9 la concurrence est de plus en plus intense, les entreprises cherchent des solutions pour gagner en efficacit\u00e9 sans sacrifier la qualit\u00e9 de leurs propositions. L\u2019intelligence artificielle (IA) s\u2019impose aujourd\u2019hui comme un alli\u00e9 strat\u00e9gique, capable de transformer en profondeur la mani\u00e8re dont les \u00e9quipes commerciales, techniques et juridiques travaillent ensemble pour b\u00e2tir des r\u00e9ponses percutantes, en un temps record. La CCI vous invite \u00e0 un webinaire d\u00e9di\u00e9 aux outils IA pour mieux r\u00e9pondre aux march\u00e9s publics.<\/p>\n<p>                    L\u2019IA, une r\u00e9volution pour la veille et la s\u00e9lection des appels d\u2019offres<\/p>\n<p>Rep\u00e9rer les bons appels d\u2019offres reste un casse-t\u00eate pour de nombreuses organisations\u00a0: informations dispers\u00e9es, d\u00e9lais serr\u00e9s, manque de ressources pour analyser l\u2019ensemble des opportunit\u00e9s. Gr\u00e2ce \u00e0 l\u2019IA, cette \u00e9tape critique \u00e9volue.<br class=\"autobr\"\/><br \/>\nComme l\u2019expliquera <strong>Marjorie Billaud<\/strong>, Responsable Transition Num\u00e9rique et Intelligence \u00c9conomique \u00e0 la CCI Nice C\u00f4te d\u2019Azur,  lors du webinaire, il devient possible d\u2019automatiser la collecte des appels d\u2019offres, de d\u00e9finir un p\u00e9rim\u00e8tre de veille pr\u00e9cis et d\u2019utiliser l\u2019IA g\u00e9n\u00e9rative pour analyser, trier et synth\u00e9tiser les contenus. R\u00e9sultat\u00a0: les entreprises passent d\u2019une \u00ab\u00a0veille subie\u00a0\u00bb \u00e0 une veille strat\u00e9gique, transform\u00e9e en v\u00e9ritable levier de comp\u00e9titivit\u00e9.<\/p>\n<p>Structurer des r\u00e9ponses plus rapides et plus pertinentes<\/p>\n<p>Au-del\u00e0 de la veille, l\u2019IA s\u2019invite directement dans la pr\u00e9paration des r\u00e9ponses. <strong>David Michel, <\/strong> Directeur G\u00e9n\u00e9ral de Specgen, mettra en lumi\u00e8re des solutions capables d\u2019analyser les dossiers, d\u2019\u00e9valuer leur conformit\u00e9 et de g\u00e9n\u00e9rer des contenus adapt\u00e9s au contexte de chaque appel d\u2019offres. Ces outils d\u2019aide \u00e0 la r\u00e9daction permettent non seulement de gagner un temps pr\u00e9cieux, mais aussi d\u2019assurer une meilleure coh\u00e9rence entre les \u00e9quipes et une personnalisation accrue des r\u00e9ponses.<\/p>\n<p>Comprendre le r\u00f4le de l\u2019IA g\u00e9n\u00e9rative<\/p>\n<p>Pour \u00e9clairer ces usages, <strong>Alexandre Genette<\/strong>, Charg\u00e9 de Projets IA \u00e0 la Maison de l\u2019Intelligence Artificielle, reviendra sur le fonctionnement de l\u2019IA g\u00e9n\u00e9rative. De la compr\u00e9hension des cahiers des charges \u00e0 la production de textes adapt\u00e9s, l\u2019IA devient un partenaire intelligent, capable d\u2019assister les \u00e9quipes dans des t\u00e2ches chronophages tout en ouvrant de nouvelles perspectives cr\u00e9atives.<\/p>\n<p><strong>Un webinaire pour passer de la th\u00e9orie \u00e0 la pratique<\/strong><\/p>\n<p>Ces th\u00e9matiques seront d\u00e9velopp\u00e9es dans un webinaire r\u00e9unissant experts et praticiens. Au programme\u00a0:<br class=\"autobr\"\/><br \/>\nLes probl\u00e9matiques concr\u00e8tes rencontr\u00e9es par les soumissionnaires.<br class=\"autobr\"\/><br \/>\nLes solutions offertes par l\u2019IA.<br class=\"autobr\"\/><br \/>\nDes d\u00e9monstrations en direct d\u2019outils IA.<br class=\"autobr\"\/><br \/>\nUn focus sur la mise en \u0153uvre et l\u2019accompagnement des entreprises dans cette transition.<br class=\"autobr\"\/><\/p>\n<p>\u00c0 travers des cas d\u2019usage concrets, ce rendez-vous montrera comment l\u2019IA permet de booster l\u2019efficacit\u00e9 des \u00e9quipes, r\u00e9duire les d\u00e9lais de r\u00e9ponse et augmenter les taux de succ\u00e8s dans les appels d\u2019offres.<\/p>\n<p>L\u2019IA au service des appels d\u2019offre\u00a0: r\u00e9pondre mieux, plus vite, plus fort, le Mardi 30 septembre \u00e0 14h en ligne <a href=\"https:\/\/webikeo.fr\/webinar\/ia-au-service-des-appels-d-offres-repondre-mieux-plus-vite-plus-fort\" class=\"spip_out\" rel=\"external nofollow noopener\" target=\"_blank\">sur inscription.<\/a><\/p>\n","protected":false},"excerpt":{"rendered":"Dans un contexte o\u00f9 les appels d\u2019offres se multiplient et o\u00f9 la concurrence est de plus en plus&hellip;\n","protected":false},"author":2,"featured_media":412913,"comment_status":"","ping_status":"","sticky":false,"template":"","format":"standard","meta":{"footnotes":""},"categories":[2819],"tags":[1111,11,2408,1777,674,1011,27,12,2401,882,25],"class_list":{"0":"post-413038","1":"post","2":"type-post","3":"status-publish","4":"format-standard","5":"has-post-thumbnail","7":"category-nice","8":"tag-actu","9":"tag-actualites","10":"tag-appels-d","11":"tag-eu","12":"tag-europe","13":"tag-fr","14":"tag-france","15":"tag-news","16":"tag-nice","17":"tag-provence-alpes-cote-dazur","18":"tag-republique-francaise"},"share_on_mastodon":{"url":"https:\/\/pubeurope.com\/@fr\/115256140544331420","error":""},"_links":{"self":[{"href":"https:\/\/www.europesays.com\/fr\/wp-json\/wp\/v2\/posts\/413038","targetHints":{"allow":["GET"]}}],"collection":[{"href":"https:\/\/www.europesays.com\/fr\/wp-json\/wp\/v2\/posts"}],"about":[{"href":"https:\/\/www.europesays.com\/fr\/wp-json\/wp\/v2\/types\/post"}],"author":[{"embeddable":true,"href":"https:\/\/www.europesays.com\/fr\/wp-json\/wp\/v2\/users\/2"}],"replies":[{"embeddable":true,"href":"https:\/\/www.europesays.com\/fr\/wp-json\/wp\/v2\/comments?post=413038"}],"version-history":[{"count":0,"href":"https:\/\/www.europesays.com\/fr\/wp-json\/wp\/v2\/posts\/413038\/revisions"}],"wp:featuredmedia":[{"embeddable":true,"href":"https:\/\/www.europesays.com\/fr\/wp-json\/wp\/v2\/media\/412913"}],"wp:attachment":[{"href":"https:\/\/www.europesays.com\/fr\/wp-json\/wp\/v2\/media?parent=413038"}],"wp:term":[{"taxonomy":"category","embeddable":true,"href":"https:\/\/www.europesays.com\/fr\/wp-json\/wp\/v2\/categories?post=413038"},{"taxonomy":"post_tag","embeddable":true,"href":"https:\/\/www.europesays.com\/fr\/wp-json\/wp\/v2\/tags?post=413038"}],"curies":[{"name":"wp","href":"https:\/\/api.w.org\/{rel}","templated":true}]}}