{"id":413055,"date":"2025-09-23T23:20:13","date_gmt":"2025-09-23T23:20:13","guid":{"rendered":"https:\/\/www.europesays.com\/fr\/413055\/"},"modified":"2025-09-23T23:20:13","modified_gmt":"2025-09-23T23:20:13","slug":"la-choregraphe-bresilienne-alice-ripoll-ouvre-la-25e-edition-du-festival-actoral-a-marseille","status":"publish","type":"post","link":"https:\/\/www.europesays.com\/fr\/413055\/","title":{"rendered":"La chor\u00e9graphe br\u00e9silienne Alice Ripoll ouvre la 25e \u00e9dition du festival Actoral \u00e0 Marseille"},"content":{"rendered":"<p>Figure de la danse contemporaine, Alice Ripoll, vivant \u00e0 Rio Janeiro, ouvre <a href=\"https:\/\/www.laprovence.com\/article\/culture-loisirs\/3133480628319214\/theatre-danse-performance-litterature-actoral-ouvre-la-rentree-culturelle-marseillaise-le-13-septembre\" target=\"_blank\" rel=\"noopener\">la 25e \u00e9dition du festival Actoral<\/a> les mercredi\u00a024 et jeudi 25\u00a0septembre au Th\u00e9\u00e2tre des calanques avec Puff, solo d\u2019Hiltinho Fant\u00e1stico, l\u2019un de ses danseurs embl\u00e9matiques.<\/p>\n<p><strong>Vous collaborez souvent avec des danseurs de rue. Est-ce le cas de Hiltinho Fant\u00e1stico\u00a0?<\/strong>&#13;\n<\/p>\n<p>Oui, il a gagn\u00e9 de nombreux battles de passinho (litt\u00e9ralement \u00ab\u00a0petit pas\u00a0\u00bb en portugais, une danse n\u00e9e dans les favelas de Rio de Janeiro, NDLR). Il est une \u00ab\u00a0c\u00e9l\u00e9brit\u00e9\u00a0\u00bb de la danse de rue au <a href=\"https:\/\/www.laprovence.com\/article\/france-monde\/5969057403855814\/bresil-grandes-manifestations-contre-une-loi-sur-limmunite-des-parlementaires\" target=\"_blank\" rel=\"noopener\">Br\u00e9sil<\/a>, il a dans\u00e9 pour la chanteuse Mariah Carey. Cela fait dix ans que l\u2019on travaille ensemble, j\u2019ai eu envie de cr\u00e9er un solo pour lui, dans lequel il mixe beaucoup de styles de danse. Hiltinho est un \u00ab\u00a0dictionnaire vivant\u00a0\u00bb de la danse br\u00e9silienne, depuis ses racines africaines jusqu\u2019\u00e0 la samba, la capoeira et le passinho. Il est tr\u00e8s connect\u00e9 aux nouvelles danses. Au Br\u00e9sil, il appara\u00eet une nouvelle danse tous les mois\u00a0!<\/p>\n<p><strong>\u00ab\u00a0Puff\u00a0\u00bb signifie \u00ab\u00a0grain de vent\u00a0\u00bb en portugais. Est-ce en r\u00e9f\u00e9rence \u00e0 sa l\u00e9g\u00e8ret\u00e9\u00a0?<\/strong>&#13;\n<\/p>\n<p>Oui. Il y a l\u2019id\u00e9e de quelque chose qui dispara\u00eet, qui r\u00e9appara\u00eet\u00a0: \u00ab\u00a0Puff\u00a0!\u00a0\u00bb. Hiltinho s\u2019est inspir\u00e9 de la figure du magicien et du Malandro, personnage du carna&#8230;<\/p>\n","protected":false},"excerpt":{"rendered":"Figure de la danse contemporaine, Alice Ripoll, vivant \u00e0 Rio Janeiro, ouvre la 25e \u00e9dition du festival Actoral&hellip;\n","protected":false},"author":2,"featured_media":413056,"comment_status":"","ping_status":"","sticky":false,"template":"","format":"standard","meta":{"footnotes":""},"categories":[2814],"tags":[17,54375,1111,11,40860,14933,5783,251,4660,1777,674,1011,27,884,12,10102,882,25,54374],"class_list":{"0":"post-413055","1":"post","2":"type-post","3":"status-publish","4":"format-standard","5":"has-post-thumbnail","7":"category-marseille","8":"tag-17","9":"tag-25e","10":"tag-actu","11":"tag-actualites","12":"tag-alice","13":"tag-bresilienne","14":"tag-choregraphe","15":"tag-culture","16":"tag-edition","17":"tag-eu","18":"tag-europe","19":"tag-fr","20":"tag-france","21":"tag-marseille","22":"tag-news","23":"tag-ouvre","24":"tag-provence-alpes-cote-dazur","25":"tag-republique-francaise","26":"tag-ripoll"},"share_on_mastodon":{"url":"https:\/\/pubeurope.com\/@fr\/115256179001583442","error":""},"_links":{"self":[{"href":"https:\/\/www.europesays.com\/fr\/wp-json\/wp\/v2\/posts\/413055","targetHints":{"allow":["GET"]}}],"collection":[{"href":"https:\/\/www.europesays.com\/fr\/wp-json\/wp\/v2\/posts"}],"about":[{"href":"https:\/\/www.europesays.com\/fr\/wp-json\/wp\/v2\/types\/post"}],"author":[{"embeddable":true,"href":"https:\/\/www.europesays.com\/fr\/wp-json\/wp\/v2\/users\/2"}],"replies":[{"embeddable":true,"href":"https:\/\/www.europesays.com\/fr\/wp-json\/wp\/v2\/comments?post=413055"}],"version-history":[{"count":0,"href":"https:\/\/www.europesays.com\/fr\/wp-json\/wp\/v2\/posts\/413055\/revisions"}],"wp:featuredmedia":[{"embeddable":true,"href":"https:\/\/www.europesays.com\/fr\/wp-json\/wp\/v2\/media\/413056"}],"wp:attachment":[{"href":"https:\/\/www.europesays.com\/fr\/wp-json\/wp\/v2\/media?parent=413055"}],"wp:term":[{"taxonomy":"category","embeddable":true,"href":"https:\/\/www.europesays.com\/fr\/wp-json\/wp\/v2\/categories?post=413055"},{"taxonomy":"post_tag","embeddable":true,"href":"https:\/\/www.europesays.com\/fr\/wp-json\/wp\/v2\/tags?post=413055"}],"curies":[{"name":"wp","href":"https:\/\/api.w.org\/{rel}","templated":true}]}}