{"id":413057,"date":"2025-09-23T23:21:32","date_gmt":"2025-09-23T23:21:32","guid":{"rendered":"https:\/\/www.europesays.com\/fr\/413057\/"},"modified":"2025-09-23T23:21:32","modified_gmt":"2025-09-23T23:21:32","slug":"marseille-confidentiels-xavier-lefort-nouveau-president-de-la-chambre-regionale-des-comptes-paca","status":"publish","type":"post","link":"https:\/\/www.europesays.com\/fr\/413057\/","title":{"rendered":"Marseille confidentiels :\u00a0 Xavier Lefort, nouveau pr\u00e9sident de la Chambre r\u00e9gionale des comptes Paca"},"content":{"rendered":"<p>Il succ\u00e8de \u00e0 Nathalie Gervais, partie en juin avant la fin de son mandat. Un d\u00e9part pr\u00e9cipit\u00e9 qui avait conduit <a href=\"https:\/\/www.laprovence.com\/article\/economie\/1036031480897514\/impots-on-ne-peut-pas-fermer-le-debat-fiscal-estime-pierre-moscovici-president-de-la-cour-des-comptes\" target=\"_blank\" rel=\"noopener\">Pierre Moscovici <\/a>\u00e0 venir en personne pr\u00e9senter des explications. \u00ab\u00a0C&rsquo;est une d\u00e9cision prise de mani\u00e8re concert\u00e9e suite \u00e0 des divergences de gestion en interne [\u2026], avait-il indiqu\u00e9. Si certains auraient tendance \u00e0 voir une d\u00e9cision politique &#8211; Marseille en grand ou autre -, ces all\u00e9gations sont fausses et doivent \u00eatre r\u00e9fut\u00e9es. Les motifs sont strictement internes.\u00a0\u00bb\u00a0<\/p>\n<p>Conseiller ma\u00eetre \u00e0 la Cour des comptes, <a href=\"https:\/\/www.laprovence.com\/article\/france-monde\/3595572023226714\/guadeloupe-le-prefet-reconduit-le-couvre-feu-nocturne-partiel\" target=\"_blank\" rel=\"noopener\">Xavier Lefort <\/a>exer\u00e7ait, depuis f\u00e9vrier\u00a02023, les fonctions de pr\u00e9fet de la r\u00e9gion Guadeloupe. Pr\u00e9fet de la Mayenne de f\u00e9vrier\u00a02021 \u00e0 f\u00e9vrier\u00a02023, il a notamment \u00e9t\u00e9 secr\u00e9taire g\u00e9n\u00e9ral de la Cour des comptes entre\u00a02017 et\u00a02021. Il a \u00e9galement exerc\u00e9, entre\u00a02010 et\u00a02013, les fonctions de directeur g\u00e9n\u00e9ral d\u00e9l\u00e9gu\u00e9 de l&rsquo;Agence de l&rsquo;environnement et de la ma\u00eetrise de l&rsquo;\u00e9nergie (Ademe), avant de regagner la Cour des comptes dans les fonctions d&rsquo;avocat g\u00e9n\u00e9ral au Parquet g\u00e9n\u00e9ral.<\/p>\n<p>Ancien \u00e9l\u00e8ve de l&rsquo;\u00c9cole centrale de Paris, il a \u00e9t\u00e9, entre\u00a01987 et\u00a01999, commissaire de la Marine nationale, en m\u00e9tropole et Outre-mer, notamment dans des affectations embarqu\u00e9es, avant d&rsquo;int\u00e9grer la Cour des comptes en\u00a01999.<\/p>\n","protected":false},"excerpt":{"rendered":"Il succ\u00e8de \u00e0 Nathalie Gervais, partie en juin avant la fin de son mandat. Un d\u00e9part pr\u00e9cipit\u00e9 qui&hellip;\n","protected":false},"author":2,"featured_media":413058,"comment_status":"","ping_status":"","sticky":false,"template":"","format":"standard","meta":{"footnotes":""},"categories":[2814],"tags":[17,1111,11,15760,2826,1777,674,1011,27,54376,884,12,4565,316,4919,882,25,19432],"class_list":{"0":"post-413057","1":"post","2":"type-post","3":"status-publish","4":"format-standard","5":"has-post-thumbnail","7":"category-marseille","8":"tag-17","9":"tag-actu","10":"tag-actualites","11":"tag-chambre","12":"tag-confidentiels","13":"tag-eu","14":"tag-europe","15":"tag-fr","16":"tag-france","17":"tag-lefort","18":"tag-marseille","19":"tag-news","20":"tag-nouveau","21":"tag-politique","22":"tag-president","23":"tag-provence-alpes-cote-dazur","24":"tag-republique-francaise","25":"tag-xavier"},"share_on_mastodon":{"url":"https:\/\/pubeurope.com\/@fr\/115256182935533240","error":""},"_links":{"self":[{"href":"https:\/\/www.europesays.com\/fr\/wp-json\/wp\/v2\/posts\/413057","targetHints":{"allow":["GET"]}}],"collection":[{"href":"https:\/\/www.europesays.com\/fr\/wp-json\/wp\/v2\/posts"}],"about":[{"href":"https:\/\/www.europesays.com\/fr\/wp-json\/wp\/v2\/types\/post"}],"author":[{"embeddable":true,"href":"https:\/\/www.europesays.com\/fr\/wp-json\/wp\/v2\/users\/2"}],"replies":[{"embeddable":true,"href":"https:\/\/www.europesays.com\/fr\/wp-json\/wp\/v2\/comments?post=413057"}],"version-history":[{"count":0,"href":"https:\/\/www.europesays.com\/fr\/wp-json\/wp\/v2\/posts\/413057\/revisions"}],"wp:featuredmedia":[{"embeddable":true,"href":"https:\/\/www.europesays.com\/fr\/wp-json\/wp\/v2\/media\/413058"}],"wp:attachment":[{"href":"https:\/\/www.europesays.com\/fr\/wp-json\/wp\/v2\/media?parent=413057"}],"wp:term":[{"taxonomy":"category","embeddable":true,"href":"https:\/\/www.europesays.com\/fr\/wp-json\/wp\/v2\/categories?post=413057"},{"taxonomy":"post_tag","embeddable":true,"href":"https:\/\/www.europesays.com\/fr\/wp-json\/wp\/v2\/tags?post=413057"}],"curies":[{"name":"wp","href":"https:\/\/api.w.org\/{rel}","templated":true}]}}