{"id":413059,"date":"2025-09-23T23:22:32","date_gmt":"2025-09-23T23:22:32","guid":{"rendered":"https:\/\/www.europesays.com\/fr\/413059\/"},"modified":"2025-09-23T23:22:32","modified_gmt":"2025-09-23T23:22:32","slug":"tcl-des-perturbations-a-venir-sur-le-tramway-lyonnais","status":"publish","type":"post","link":"https:\/\/www.europesays.com\/fr\/413059\/","title":{"rendered":"TCL : des perturbations \u00e0 venir sur le tramway lyonnais"},"content":{"rendered":"<p>Le prolongement du tram T6 entre dans une phase cl\u00e9 \u00e0 Lyon. Des travaux vont perturber la circulation des lignes T3, T6 et du Rh\u00f4nexpress entre fin septembre et mi-octobre, avec la mise en place de bus relais.<\/p>\n<p>Le chantier du prolongement de la ligne de tramway T6 entre Villeurbanne et La Doua entre dans une nouvelle phase. Des essais techniques sont programm\u00e9s d\u00e8s la fin septembre, entra\u00eenant des perturbations sur le r\u00e9seau TCL.<\/p>\n<p>Le T3 et le Rh\u00f4nexpress perturb\u00e9s<\/p>\n<p>Les dimanches 28 septembre, 12 et 19 octobre, la signalisation ferroviaire sera mise en place au croisement du T3 et du Rh\u00f4nexpress.<\/p>\n<p>Cons\u00e9quence de ces travaux :<\/p>\n<p>&#8211; le T3 circulera toutes les 15 minutes entre Vaulx-en-Velin La Soie et Meyzieu Z.I.,<\/p>\n<p>&#8211; le Rh\u00f4nexpress circulera uniquement entre Vaulx-en-Velin La Soie et l&rsquo;a\u00e9roport Saint-Exup\u00e9ry. Pour assurer la continuit\u00e9 des trajets, des bus relais circuleront toutes les 20 minutes entre la Part-Dieu et Vaulx-en-Velin La Soie.<\/p>\n<p>Des travaux sur le T6 entre fin septembre et d\u00e9but octobre<\/p>\n<p>Huit nuits de chantier sont \u00e9galement pr\u00e9vues les 29 et 30 septembre, puis les 6, 7, 8, 9, 13 et 14 octobre.<\/p>\n<p>Le tram T6 circulera uniquement entre Debourg et Mermoz-Pinel d\u00e8s 21h. Des bus relais prendront le relais jusqu&rsquo;aux H\u00f4pitaux Est, toutes les 20 minutes.<\/p>\n<p>Tous les horaires pendant les travaux sont \u00e0 retrouver sur le site des TCL (<a class=\"url\" href=\"https:\/\/www.tcl.fr\/travaux-en-cours-sur-le-reseau-tcl\/travaux-t3-et-rx\" target=\"_blank\" rel=\"noopener\">cliquez ici pour y acc\u00e9der<\/a>).<\/p>\n<p><img loading=\"lazy\" decoding=\"async\" src=\"https:\/\/www.europesays.com\/fr\/wp-content\/uploads\/2025\/09\/1758669752_17_img\" width=\"350\" height=\"200\" border=\"0\" title=\"Police municipale\"\/><\/p>\n<p>\u25baFaits divers<\/p>\n<p style=\"font-size: 22px;\"><b>Pr\u00e8s de Lyon : un lyc\u00e9en agress\u00e9 au couteau en descendant du bus<\/b><\/p>\n<p>Un adolescent de 16 ans a \u00e9t\u00e9 agress\u00e9 au couteau&#8230;<\/p>\n<p><\/p>\n","protected":false},"excerpt":{"rendered":"Le prolongement du tram T6 entre dans une phase cl\u00e9 \u00e0 Lyon. Des travaux vont perturber la circulation&hellip;\n","protected":false},"author":2,"featured_media":413060,"comment_status":"","ping_status":"","sticky":false,"template":"","format":"standard","meta":{"footnotes":""},"categories":[1889],"tags":[1111,11,2430,1777,674,1011,27,2428,12,5461,25,54379,54377,54378,10213,4109,6345],"class_list":{"0":"post-413059","1":"post","2":"type-post","3":"status-publish","4":"format-standard","5":"has-post-thumbnail","7":"category-lyon","8":"tag-actu","9":"tag-actualites","10":"tag-auvergne-rhone-alpes","11":"tag-eu","12":"tag-europe","13":"tag-fr","14":"tag-france","15":"tag-lyon","16":"tag-news","17":"tag-perturbation","18":"tag-republique-francaise","19":"tag-rhnexpress","20":"tag-t3","21":"tag-t6","22":"tag-tcl","23":"tag-tramway","24":"tag-villeurbanne"},"share_on_mastodon":{"url":"https:\/\/pubeurope.com\/@fr\/115256188055719670","error":""},"_links":{"self":[{"href":"https:\/\/www.europesays.com\/fr\/wp-json\/wp\/v2\/posts\/413059","targetHints":{"allow":["GET"]}}],"collection":[{"href":"https:\/\/www.europesays.com\/fr\/wp-json\/wp\/v2\/posts"}],"about":[{"href":"https:\/\/www.europesays.com\/fr\/wp-json\/wp\/v2\/types\/post"}],"author":[{"embeddable":true,"href":"https:\/\/www.europesays.com\/fr\/wp-json\/wp\/v2\/users\/2"}],"replies":[{"embeddable":true,"href":"https:\/\/www.europesays.com\/fr\/wp-json\/wp\/v2\/comments?post=413059"}],"version-history":[{"count":0,"href":"https:\/\/www.europesays.com\/fr\/wp-json\/wp\/v2\/posts\/413059\/revisions"}],"wp:featuredmedia":[{"embeddable":true,"href":"https:\/\/www.europesays.com\/fr\/wp-json\/wp\/v2\/media\/413060"}],"wp:attachment":[{"href":"https:\/\/www.europesays.com\/fr\/wp-json\/wp\/v2\/media?parent=413059"}],"wp:term":[{"taxonomy":"category","embeddable":true,"href":"https:\/\/www.europesays.com\/fr\/wp-json\/wp\/v2\/categories?post=413059"},{"taxonomy":"post_tag","embeddable":true,"href":"https:\/\/www.europesays.com\/fr\/wp-json\/wp\/v2\/tags?post=413059"}],"curies":[{"name":"wp","href":"https:\/\/api.w.org\/{rel}","templated":true}]}}