{"id":413061,"date":"2025-09-23T23:23:30","date_gmt":"2025-09-23T23:23:30","guid":{"rendered":"https:\/\/www.europesays.com\/fr\/413061\/"},"modified":"2025-09-23T23:23:30","modified_gmt":"2025-09-23T23:23:30","slug":"tour-des-stands-nos-photos-des-principales-nouveautes","status":"publish","type":"post","link":"https:\/\/www.europesays.com\/fr\/413061\/","title":{"rendered":"tour des stands, nos photos des principales nouveaut\u00e9s"},"content":{"rendered":"<p>Du 24 au 28 septembre, <a title=\"le salon automobile de Lyon\" href=\"https:\/\/www.automobile-magazine.fr\/toute-l-actualite\/article\/49431-salon-automobile-de-lyon-2025-un-programme-xxl-pour-cet-evenement-devenu-un-indispensable\" target=\"_blank\" rel=\"noopener\">le salon automobile de Lyon<\/a> se tient au parc des Expositions d\u2019Eurexpo, dans la banlieue est de la capitale des gaules. Cette manifestation qui prend le relais imm\u00e9diat du salon de Munich expose plus de 200 mod\u00e8les dont de tr\u00e8s nombreuses nouveaut\u00e9s. Bien s\u00fbr, l\u2019on pourra regretter <strong><a href=\"https:\/\/www.automobile-magazine.fr\/nouveautes\/article\/49338-nouvelle-renault-clio-6-photos-infos-et-premieres-impressions-a-bord-de-celle-qui-change-tout\" target=\"_blank\" rel=\"noopener\">la Renault Clio 6 qui brille par son absence<\/a><\/strong> mais ne perdons pas de vue que l\u2019\u00e9v\u00e8nement a d\u2019abord une dimension commerciale. L\u2019id\u00e9e \u00e9tant que le visiteur puisse, \u00e0 d\u00e9faut de repartir imm\u00e9diatement au volant de sa nouvelle voiture, signer un bon de commande. Pour la Renault Clio 6, attendue en concession au printemps prochain, les commandes, justement, ne sont pas encore ouvertes. Pourtant, avec le m\u00eame calendrier, le BMW iX3 de seconde g\u00e9n\u00e9ration qui rejoindra la gamme \u00e9lectrique du constructeur de Munich en mars 2026, est quant \u00e0 lui d\u00e9j\u00e0 au tarif et de facto pr\u00e9sent sur le stand BMW du salon de Lyon. D\u2019ailleurs, cette \u00e9dition 2025 du Salon de Lyon est nettement plus fournie que l\u2019\u00e9dition pr\u00e9c\u00e9dente, les marques ont vraiment jou\u00e9 le jeu et mis le paquet !<\/p>\n<p>Les marques fran\u00e7aises \u00e0 l\u2019honneur au salon de Lyon 2025Alpine A390<img decoding=\"async\" loading=\"lazy\" alt=\"Le SUV \u00e9lectrique Alpine A290 expos\u00e9 au salon de Lyon 2025.\" src=\"https:\/\/www.europesays.com\/fr\/wp-content\/uploads\/2025\/09\/le-suv-electrique-alpine-a290-expose-au-salon-de-lyon-2025.jpg\" width=\"800\" height=\"449\"\/>Le SUV \u00e9lectrique Alpine A290 expos\u00e9 au salon de Lyon 2025.\u00a9 Audric Doche<\/p>\n<p>Hormis Renault dont la politique est de participer \u00e0 l\u2019ensemble des salons automobiles internationaux, aucune autre marque tricolore n\u2019avait fait le d\u00e9placement \u00e0 Munich en septembre dernier. Citro\u00ebn, DS Automobiles et Peugeot se rattrapent \u00e0 Lyon. Premier salon en France pour <a title=\"le SUV \u00e9lectrique Alpine A390\" href=\"https:\/\/www.automobile-magazine.fr\/nouveautes\/article\/48213-nouvelle-alpine-a390-electrique-enfin-une-sportive-francaise-pensee-pour-la-famille\" target=\"_blank\" rel=\"noopener\">le SUV \u00e9lectrique Alpine A390<\/a>. En effet, depuis sa pr\u00e9sentation officielle \u00e0 la presse le 27 mai dernier celui que l\u2019on nomme selon le verbiage marketing Sport Fastback en interne n\u2019avait pas encore \u00e9t\u00e9 expos\u00e9 sur un tel \u00e9v\u00e8nement dans l&rsquo;hexagone, rappelons qu\u2019il avait n\u00e9anmoins pris son tout premier bain de foule sur ses terres natales \u00e0 Dieppe lors de sa r\u00e9v\u00e9lation puis tenter de s\u00e9duire outre Rhin, \u00e0 Munich la client\u00e8le du Porsche Macan \u00e9lectrique.<\/p>\n<p><strong>La marque aux chevrons en profite pour exposer son nouveau C5 Aircross de seconde g\u00e9n\u00e9ration, lequel arrive tout juste en concession.<\/strong> Son petit fr\u00e8re, le <a title=\"Citro\u00ebn C3 Aircross\" href=\"https:\/\/www.automobile-magazine.fr\/tous-les-essais\/article\/47915-le-citroen-c3-aircross-hybride-136-ch-est-il-le-meilleur-suv-familial-a-prix-serre\" target=\"_blank\" rel=\"noopener\">Citro\u00ebn C3 Aircross<\/a> est lui aussi en d\u00e9but de carri\u00e8re. Mais l\u2019ensemble de la gamme Citro\u00ebn a aussi r\u00e9pondu pr\u00e9sent.<\/p>\n<p>DS N\u00b08<img decoding=\"async\" loading=\"lazy\" alt=\"La DS N\u00b08 avec ici une livr\u00e9e sp\u00e9ciale, est pr\u00e9sente au salon de Lyon 2025.\" src=\"https:\/\/www.europesays.com\/fr\/wp-content\/uploads\/2025\/09\/la-ds-n8-avec-ici-une-livree-speciale-est-presente-au-salon-de-lyon-2025.jpg\" width=\"800\" height=\"449\"\/>La DS N\u00b08 avec ici une livr\u00e9e sp\u00e9ciale, est pr\u00e9sente au salon de Lyon 2025.\u00a9 Audric Doche<\/p>\n<p><strong>Chez DS Automobiles, la star, c\u2019est le nouveau vaisseau amiral, la <a title=\"DS N\u00b08\" href=\"https:\/\/www.automobile-magazine.fr\/tous-les-essais\/article\/48424-ds-n8-au-volant-de-la-francaise-electrique-la-plus-etonnante-du-moment\" target=\"_blank\" rel=\"noopener\">DS N\u00b08<\/a> qui inaugure aussi les nouvelles appellations des mod\u00e8les de la gamme caract\u00e9ris\u00e9es par la terminologie \u00ab\u00a0Num\u00e9ro\u00a0\u00bb.<\/strong> Premier bain de foule \u00e9galement sur le stand de la berline compacte DS 4 restyl\u00e9e qui prend donc pour nom : DS N\u00b04. La marque premium tricolore en profite aussi pour <a href=\"https:\/\/www.automobile-magazine.fr\/retro\/article\/43619-retromobile-2025-affiche-dates-et-premieres-infos-du-salon-dedie-a-lancienne\" target=\"_blank\" rel=\"noopener\">c\u00e9l\u00e9brer les 70 ans de la Citro\u00ebn DS<\/a> \u00e0 l\u2019aide d\u2019une exposition semblable \u00e0 celle de R\u00e9tromobile 2025 en f\u00e9vrier dernier \u00e0 Paris.<\/p>\n<p>Peugeot E-208 GTI<img decoding=\"async\" loading=\"lazy\" alt=\"Premier bain de foule pour la Peugeot E-208 GTI au salon de Lyon 2025.\" src=\"https:\/\/www.europesays.com\/fr\/wp-content\/uploads\/2025\/09\/premier-bain-de-foule-pour-la-peugeot-e-208-gti-au-salon-de-lyon-2025.jpg\" width=\"800\" height=\"449\"\/>Premier bain de foule pour la Peugeot E-208 GTI au salon de Lyon 2025.\u00a9 Audric Doche<\/p>\n<p>La marque au lion met en avant sa future star, la <a title=\"Peugeot E-208 GTI\" href=\"https:\/\/www.automobile-magazine.fr\/nouveautes\/article\/48394-presentation-exclusive-de-la-peugeot-e-208-gti-la-bombinette-peugeot-nettement-plus-puissante-que-lalpine-a290\" target=\"_blank\" rel=\"noopener\">Peugeot E-208 GTI<\/a> qui arrivera sur le march\u00e9 l\u2019an prochain et bousculera alors le segment de petites sportives \u00e9lectrique du haut de ses 280 ch. Mais l\u2019autre vedette plus concr\u00e8te pour le public pr\u00e9sent cette semaine \u00e0 Lyon, c\u2019est la berline compacte <a href=\"https:\/\/www.automobile-magazine.fr\/lactualite-du-prix-des-voitures-neuves\/article\/49457-prix-et-equipements-de-la-nouvelle-peugeot-308-une-grosse-surprise-pour-la-version-restylee\" target=\"_blank\" rel=\"noopener\">Peugeot 308 restyl\u00e9e qu\u2019il est d\u00e9j\u00e0 possible de s\u2019offrir avec des prix particuli\u00e8rement \u00e9tudi\u00e9s<\/a>. Nous vous le disions plus haut, n\u2019esp\u00e9rez pas en revanche approcher la Renault Clio 6 sur le stand de la marque au losange au Salon de Lyon 2025, elle n\u2019y est pas. En revanche, tout le reste de la gamme est \u00e0 la disposition des visiteurs et ce sera aussi l\u2019occasion de profiter de la Clio 5 en fin de carri\u00e8re mais dont les ventes sont toujours tr\u00e8s bonnes.<\/p>\n<p>Les nouveaut\u00e9s allemandes du salon de Lyon 2025BMW iX3<img decoding=\"async\" loading=\"lazy\" alt=\"Le tout nouveau SUV \u00e9lectrique BMW iX3 de seconde g\u00e9n\u00e9ration est pr\u00e9sent au salon de Lyon 2025.\" src=\"https:\/\/www.europesays.com\/fr\/wp-content\/uploads\/2025\/09\/le-tout-nouveau-suv-electrique-bmw-ix3-de-seconde-generation-est-present-au-salon-de-lyon-2025.jpg\" width=\"800\" height=\"449\"\/>Le tout nouveau SUV \u00e9lectrique BMW iX3 de seconde g\u00e9n\u00e9ration est pr\u00e9sent au salon de Lyon 2025.\u00a9 Audric Doche<\/p>\n<p><strong>Les marques automobiles d\u2019outre-Rhin n\u2019ont pas r\u00e9serv\u00e9 leurs nouveaut\u00e9s au salon de Munich puisque toutes ont fait le d\u00e9placement jusqu\u2019\u00e0 Lyon. <\/strong>Nous vous en parlions plus haut, la star \u00e9lectrique de <a title=\"BMW, le iX3 de seconde g\u00e9n\u00e9ration\" href=\"https:\/\/www.automobile-magazine.fr\/nouveautes\/article\/49309-nouveau-bmw-ix3-photos-infos-prix-et-premieres-impressions-a-bord\" target=\"_blank\" rel=\"noopener\">BMW, le iX3 de seconde g\u00e9n\u00e9ration<\/a> se laisse approcher. Chez Mercedes-Benz, les nouvelles CLA coup\u00e9 et CLA Shooting Brake qui toutes deux mettent l\u2019accent sur l\u2019\u00e9lectrique sont aussi pr\u00e9sentes, sans oublier le <a href=\"https:\/\/www.automobile-magazine.fr\/nouveautes\/article\/49284-a-bord-du-nouveau-mercedes-glc-electrique-plus-de-700-km-dautonomie-pour-le-remplacant-du-eqc\" target=\"_blank\" rel=\"noopener\">GLC EQ Technology<\/a> (voir notre galerie photos) avec \u00e0 son bord un \u00e9cran de pr\u00e8s de 1 m\u00e8tre de large qui remplacera l\u2019EQC qui n\u2019a gu\u00e8re connu le succ\u00e8s tout en r\u00e9pliquant du tac au tac au BMW iX3.<\/p>\n<p>Volkswagen T-Roc<img decoding=\"async\" loading=\"lazy\" alt=\"Premier bain de foule en France pour la seconde g\u00e9n\u00e9ration du SUV Volkswagen T-Roc.\" src=\"https:\/\/www.europesays.com\/fr\/wp-content\/uploads\/2025\/09\/premier-bain-de-foule-en-france-pour-la-seconde-generation-du-suv-volkswagen-t-roc.jpg\" width=\"800\" height=\"449\"\/>Premier bain de foule en France pour la seconde g\u00e9n\u00e9ration du SUV Volkswagen T-Roc.\u00a9 Audric Doche<\/p>\n<p>Sur le stand Volkswagen, <a title=\"la seconde g\u00e9n\u00e9ration du SUV T-Roc\" href=\"https:\/\/www.automobile-magazine.fr\/toute-l-actualite\/article\/49264-nouveau-volkswagen-t-roc-on-connait-les-prix-et-il-y-a-une-tres-bonne-nouvelle\" target=\"_blank\" rel=\"noopener\">la seconde g\u00e9n\u00e9ration du SUV T-Roc<\/a> figure en bonne place aux c\u00f4t\u00e9s de l\u2019ID.Polo, la future Polo \u00e9lectrique, attendue dans la gamme l\u2019an prochain, qui reste cependant un peu dissimul\u00e9e sous une couche de stickers (voir notre galerie photos). Dans le groupe Volkswagen, la marque Tch\u00e8que Skoda expose son SUV \u00e9lectrique Enyaq RS mais aussi <strong>le <a href=\"https:\/\/www.automobile-magazine.fr\/toute-l-actualite\/article\/49360-skoda-vision-o-le-futur-break-octavia-electrique-de-2028-deja-esquisse-au-salon-de-munich\" target=\"_blank\" rel=\"noopener\">concept car Vision O<\/a> pr\u00e9figurant une prochaine mouture 100% \u00e9lectrique du break compact Octavia attendue en 2028<\/strong>. Opel expose les Mokka GSE Rallye et la version de s\u00e9rie, deux petits SUV \u00e9lectrique distillant une puissance confortable de 280 ch.<\/p>\n<p>Les japonaises du salon de LyonHonda Prelude<img decoding=\"async\" loading=\"lazy\" alt=\"La nouvelle Honda Prelude est pr\u00e9sent\u00e9e au salon de Lyon 2025.\" src=\"https:\/\/www.europesays.com\/fr\/wp-content\/uploads\/2025\/09\/la-nouvelle-honda-prelude-est-presentee-au-salon-de-lyon-2025.jpg\" width=\"800\" height=\"449\"\/>La nouvelle Honda Prelude est pr\u00e9sent\u00e9e au salon de Lyon 2025.\u00a9 Audric Doche<\/p>\n<p>Les marques japonaises sont aussi pr\u00e9sentes au salon de Lyon 2025 avec, l\u00e0 encore, pl\u00e9thore de nouveaut\u00e9s. Honda est venu avec la future Prelude de s\u00e9rie. Le coup\u00e9 sportif d\u00e9rivant de la Civic, un genre de v\u00e9hicule qui est aujourd\u2019hui chasse gard\u00e9e des constructeurs premium allemands. Coup double pour Nissan qui expose ses nouvelles \u00e9lectriques <a title=\"Nissan Leaf\" href=\"https:\/\/www.automobile-magazine.fr\/nouveautes\/article\/48445-nissan-leaf-plus-courte-et-passee-dans-le-camp-des-suv-peut-elle-causer-du-tort-a-la-megane-electrique\" target=\"_blank\" rel=\"noopener\">Nissan Leaf<\/a> et Nissan Micra, cette derni\u00e8re \u00e9tant le clone technique de la Renault 5 E-Tech.<\/p>\n<p>Mitsubishi Eclipse Cross<img decoding=\"async\" loading=\"lazy\" alt=\"Premi\u00e8re mondiale pour le Mitsubishi Eclipse Cross au salon de Lyon 2025.\" src=\"https:\/\/www.europesays.com\/fr\/wp-content\/uploads\/2025\/09\/premiere-mondiale-pour-le-mitsubishi-eclipse-cross-au-salon-de-lyon-2025.jpg\" width=\"800\" height=\"449\"\/>Premi\u00e8re mondiale pour le Mitsubishi Eclipse Cross au salon de Lyon 2025.\u00a9 Audric Doche<\/p>\n<p>En parlant de copie, le <a title=\"Mitsubishi Eclipse Cross\" href=\"https:\/\/www.automobile-magazine.fr\/nouveautes\/article\/49475-nouveau-mitsubishi-eclipse-cross-fini-lhybride-rechargeable-et-merci-au-renault-scenic\" target=\"_blank\" rel=\"noopener\">Mitsubishi Eclipse Cross<\/a> est d\u00e9voil\u00e9 en premi\u00e8re mondiale au salon de Lyon. Il n&rsquo;est autre que le jumeau du Renault Sc\u00e9nic E-Tech. Tandis que le vaisseau amiral de la gamme, le Mitsubishi Outlander PHEV est habill\u00e9 aux couleurs de Rallye Hart. Enfin, <strong>Toyota est venu en force avec son C-HR+, la version 100% \u00e9lectrique du C-HR de seconde g\u00e9n\u00e9ration ainsi que le bZ4x restyl\u00e9. <\/strong><\/p>\n<p>Panorama des marque cor\u00e9ennes Kia et Hyundai au salon de Lyon 2025Kia EV4<img decoding=\"async\" loading=\"lazy\" alt=\"Kia EV4 au salon de Lyon 2025.\" src=\"https:\/\/www.europesays.com\/fr\/wp-content\/uploads\/2025\/09\/kia-ev4-au-salon-de-lyon-2025.jpg\" width=\"800\" height=\"449\"\/>Kia EV4 au salon de Lyon 2025.\u00a9 Audric Doche<\/p>\n<p><strong>Les deux marques principales du pays du matin calme exposent au salon de Lyon leurs derni\u00e8res r\u00e9alisations.<\/strong> Dans le camp de Kia, il s\u2019agit de l\u2019<a title=\"EV4\" href=\"https:\/\/www.automobile-magazine.fr\/tous-les-essais\/article\/49500-notre-premier-essai-de-la-kia-ev4-tout-pour-cartonner-en-europe\" target=\"_blank\" rel=\"noopener\">EV4<\/a> pour les v\u00e9hicules \u00e9lectriques et du Sportage restyl\u00e9 parmi les thermiques. Et au rang des v\u00e9hicules utilitaires \u00e9lectriques, le Kia PV5 &#8211; rival de la future Renault Estafette E-Tech &#8211; fait sa premi\u00e8re apparition en France.<\/p>\n<p>Hyundai Ioniq 9<img decoding=\"async\" loading=\"lazy\" alt=\"Le Hyundai Ioniq 9 au salon de Lyon\" src=\"https:\/\/www.europesays.com\/fr\/wp-content\/uploads\/2025\/09\/le-hyundai-ioniq-9-au-salon-de-lyon.jpg\" width=\"800\" height=\"449\"\/>Le Hyundai Ioniq 9 au salon de Lyon\u00a9 Audric Doche<\/p>\n<p>Chez Hyundai, le petit SUV urbain qui par son format tr\u00e8s court attend de pied ferme la Renault Twingo sur prise de 2026, est pr\u00e9sent\u00e9 en version \u00e0 5 places. Tandis qu\u2019\u00e0 l\u2019autre bout du spectre des v\u00e9hicules branch\u00e9s, l\u2019imposant <a title=\"Hyundai Ioniq 9\" href=\"https:\/\/www.automobile-magazine.fr\/nouveautes\/article\/48500-nouveau-hyundai-ioniq-9-les-prix-dun-suv-electrique-geant-plutot-interessant\" target=\"_blank\" rel=\"noopener\">Hyundai Ioniq 9<\/a> prend ses aises.<\/p>\n","protected":false},"excerpt":{"rendered":"Du 24 au 28 septembre, le salon automobile de Lyon se tient au parc des Expositions d\u2019Eurexpo, dans&hellip;\n","protected":false},"author":2,"featured_media":413062,"comment_status":"","ping_status":"","sticky":false,"template":"","format":"standard","meta":{"footnotes":""},"categories":[1889],"tags":[1111,11,2430,1777,674,1011,27,2428,12,34286,25,622],"class_list":{"0":"post-413061","1":"post","2":"type-post","3":"status-publish","4":"format-standard","5":"has-post-thumbnail","7":"category-lyon","8":"tag-actu","9":"tag-actualites","10":"tag-auvergne-rhone-alpes","11":"tag-eu","12":"tag-europe","13":"tag-fr","14":"tag-france","15":"tag-lyon","16":"tag-news","17":"tag-nouveautu00e9s","18":"tag-republique-francaise","19":"tag-toute-lu0027actualitu00e9"},"share_on_mastodon":{"url":"https:\/\/pubeurope.com\/@fr\/115256191240534279","error":""},"_links":{"self":[{"href":"https:\/\/www.europesays.com\/fr\/wp-json\/wp\/v2\/posts\/413061","targetHints":{"allow":["GET"]}}],"collection":[{"href":"https:\/\/www.europesays.com\/fr\/wp-json\/wp\/v2\/posts"}],"about":[{"href":"https:\/\/www.europesays.com\/fr\/wp-json\/wp\/v2\/types\/post"}],"author":[{"embeddable":true,"href":"https:\/\/www.europesays.com\/fr\/wp-json\/wp\/v2\/users\/2"}],"replies":[{"embeddable":true,"href":"https:\/\/www.europesays.com\/fr\/wp-json\/wp\/v2\/comments?post=413061"}],"version-history":[{"count":0,"href":"https:\/\/www.europesays.com\/fr\/wp-json\/wp\/v2\/posts\/413061\/revisions"}],"wp:featuredmedia":[{"embeddable":true,"href":"https:\/\/www.europesays.com\/fr\/wp-json\/wp\/v2\/media\/413062"}],"wp:attachment":[{"href":"https:\/\/www.europesays.com\/fr\/wp-json\/wp\/v2\/media?parent=413061"}],"wp:term":[{"taxonomy":"category","embeddable":true,"href":"https:\/\/www.europesays.com\/fr\/wp-json\/wp\/v2\/categories?post=413061"},{"taxonomy":"post_tag","embeddable":true,"href":"https:\/\/www.europesays.com\/fr\/wp-json\/wp\/v2\/tags?post=413061"}],"curies":[{"name":"wp","href":"https:\/\/api.w.org\/{rel}","templated":true}]}}