{"id":413071,"date":"2025-09-23T23:28:13","date_gmt":"2025-09-23T23:28:13","guid":{"rendered":"https:\/\/www.europesays.com\/fr\/413071\/"},"modified":"2025-09-23T23:28:13","modified_gmt":"2025-09-23T23:28:13","slug":"un-tgv-percute-un-bloc-de-beton-pres-de-paris-le-trafic-tres-perturbe-sur-la-ligne-tgv","status":"publish","type":"post","link":"https:\/\/www.europesays.com\/fr\/413071\/","title":{"rendered":"Un TGV percute un bloc de b\u00e9ton pr\u00e8s de Paris, le trafic tr\u00e8s perturb\u00e9 sur la ligne TGV"},"content":{"rendered":"<p>Un accident ferroviaire survenu ce mardi 23\u00a0septembre 2025 <a href=\"https:\/\/nimes.maville.com\/actu\/actudet_-sncf-jusqu-a-4-h-30-de-retard-sur-la-ligne-tgv-sud-est-en-raison-d-une-panne-electrique-_45541-6914001_actu.Htm\" target=\"_self\" rel=\"nofollow noopener\">a g\u00e9n\u00e9r\u00e9 plusieurs heures de retard<\/a> sur les trains de la ligne \u00e0 grande vitesse Atlantique. Ces retards peuvent aller jusqu\u2019\u00e0 trois heures, a annonc\u00e9 la SNCF en fin d\u2019apr\u00e8s-midi.<\/p>\n<p>Et pour cause\u00a0: un TGV de la ligne a percut\u00e9 plus t\u00f4t dans la journ\u00e9e un bloc de b\u00e9ton entre la gare de Montparnasse et Massy-Palaiseau dans l\u2019Essonne, a inform\u00e9 la SNCF sur son site internet.<\/p>\n<p>Le train accident\u00e9 a \u00e9t\u00e9 contraint de retourner \u00e0 Paris Montparnasse, laissant de nombreux voyageurs bloqu\u00e9s dans la capitale.<\/p>\n<p>Des retards jusqu\u2019en fin de soir\u00e9e<\/p>\n<p>La circulation des trains a donc \u00e9t\u00e9 possible seulement sur une voie <strong>\u00ab\u00a0dans les deux sens de circulation et \u00e0 faible vitesse\u00a0\u00bb<\/strong> une bonne partie de l\u2019apr\u00e8s-midi. Des trajets alternatifs, pour contourner les lieux de l\u2019incident, ont \u00e9galement d\u00fb \u00eatre emprunt\u00e9s.<\/p>\n<p>Vers 18\u00a0h, la <strong>\u00ab\u00a0circulation des trains a repris sur toutes les voies\u00a0\u00bb,<\/strong> a indiqu\u00e9 la SNCF, pr\u00e9cisant que <strong>\u00ab <\/strong>  <strong>des retards r\u00e9siduels restent \u00e0 pr\u00e9voir jusqu\u2019en fin de soir\u00e9e\u00a0\u00bb.<\/strong> <\/p>\n<p>\u00a0<\/p>\n","protected":false},"excerpt":{"rendered":"Un accident ferroviaire survenu ce mardi 23\u00a0septembre 2025 a g\u00e9n\u00e9r\u00e9 plusieurs heures de retard sur les trains de&hellip;\n","protected":false},"author":2,"featured_media":413072,"comment_status":"","ping_status":"","sticky":false,"template":"","format":"standard","meta":{"footnotes":""},"categories":[1888],"tags":[11,2865,18296,10652,1777,674,1011,27,3052,1307,12,626,22602,9777,3762,25,2214,1097,933],"class_list":{"0":"post-413071","1":"post","2":"type-post","3":"status-publish","4":"format-standard","5":"has-post-thumbnail","7":"category-paris","8":"tag-actualites","9":"tag-atlantique","10":"tag-beton","11":"tag-bloc","12":"tag-eu","13":"tag-europe","14":"tag-fr","15":"tag-france","16":"tag-ligne","17":"tag-lille","18":"tag-news","19":"tag-paris","20":"tag-percute","21":"tag-perturbe","22":"tag-pres","23":"tag-republique-francaise","24":"tag-tgv","25":"tag-trafic","26":"tag-tres"},"share_on_mastodon":{"url":"https:\/\/pubeurope.com\/@fr\/115256210594608690","error":""},"_links":{"self":[{"href":"https:\/\/www.europesays.com\/fr\/wp-json\/wp\/v2\/posts\/413071","targetHints":{"allow":["GET"]}}],"collection":[{"href":"https:\/\/www.europesays.com\/fr\/wp-json\/wp\/v2\/posts"}],"about":[{"href":"https:\/\/www.europesays.com\/fr\/wp-json\/wp\/v2\/types\/post"}],"author":[{"embeddable":true,"href":"https:\/\/www.europesays.com\/fr\/wp-json\/wp\/v2\/users\/2"}],"replies":[{"embeddable":true,"href":"https:\/\/www.europesays.com\/fr\/wp-json\/wp\/v2\/comments?post=413071"}],"version-history":[{"count":0,"href":"https:\/\/www.europesays.com\/fr\/wp-json\/wp\/v2\/posts\/413071\/revisions"}],"wp:featuredmedia":[{"embeddable":true,"href":"https:\/\/www.europesays.com\/fr\/wp-json\/wp\/v2\/media\/413072"}],"wp:attachment":[{"href":"https:\/\/www.europesays.com\/fr\/wp-json\/wp\/v2\/media?parent=413071"}],"wp:term":[{"taxonomy":"category","embeddable":true,"href":"https:\/\/www.europesays.com\/fr\/wp-json\/wp\/v2\/categories?post=413071"},{"taxonomy":"post_tag","embeddable":true,"href":"https:\/\/www.europesays.com\/fr\/wp-json\/wp\/v2\/tags?post=413071"}],"curies":[{"name":"wp","href":"https:\/\/api.w.org\/{rel}","templated":true}]}}