{"id":413093,"date":"2025-09-23T23:40:19","date_gmt":"2025-09-23T23:40:19","guid":{"rendered":"https:\/\/www.europesays.com\/fr\/413093\/"},"modified":"2025-09-23T23:40:19","modified_gmt":"2025-09-23T23:40:19","slug":"arnaques-au-titre-de-sejour","status":"publish","type":"post","link":"https:\/\/www.europesays.com\/fr\/413093\/","title":{"rendered":"Arnaques au titre de s\u00e9jour"},"content":{"rendered":"<p>\n                                                En France, plus la politique migratoire du gouvernement est ferme, moins les personnes sans papiers ont de chances d&rsquo;\u00eatre r\u00e9gularis\u00e9es, et plus fleurissent sur internet des soci\u00e9t\u00e9s commerciales qui vendent leurs services d&rsquo;aide administrative. Elles promettent un accompagnement personnalis\u00e9, des proc\u00e9dures acc\u00e9l\u00e9r\u00e9es, des titres de s\u00e9jours en peu de temps&#8230; moyennant finance \u00e9videmment. Des publicit\u00e9s sont placard\u00e9es r\u00e9guli\u00e8rement dans les couloirs du m\u00e9tro parisien notamment. Des publicit\u00e9s mensong\u00e8res qui s&rsquo;adressent \u00e0 une population particuli\u00e8rement vuln\u00e9rable.                    <\/p>\n<p>\u00ab\u00a0Il y a plus d&rsquo;un an, j&rsquo;ai pay\u00e9 1\u00a0740\u00a0euros pour qu&rsquo;on puisse me trouver un rendez-vous \u00e0 la pr\u00e9fecture. Je ne comprends pas&#8230;\u00a0\u00bb<\/p>\n<p>Mary remonte le fil de sa bo\u00eete mail pour nous montrer des preuves de paiement et les quelques \u00e9changes qu&rsquo;elle a eus avec une soci\u00e9t\u00e9, qui se pr\u00e9sente comme sp\u00e9cialiste des d\u00e9marches d&rsquo;immigration en France\u00a0: \u00ab\u00a0J&rsquo;ai entendu parler d&rsquo;eux, surtout dans les publicit\u00e9s. Le premier rendez-vous, c&rsquo;est gratuit. Ils nous disent directement\u00a0: \u00ab\u00a0Vous allez avoir vos papiers le plus rapidement possible\u00a0!\u00a0\u00bb Vous vous imaginez\u2026\u00a0\u00bb<\/p>\n<p>Cette mauritanienne de 43\u00a0ans, qui s&rsquo;occupe seule de ses cinq enfants, esp\u00e9rait enfin sortir de la clandestinit\u00e9 et obtenir un titre de s\u00e9jour. Alors, comme demand\u00e9, elle d\u00e9pose rapidement tous les documents n\u00e9cessaires au si\u00e8ge de la soci\u00e9t\u00e9 en proche banlieue parisienne\u00a0: \u00ab\u00a0Mes bulletins, c&rsquo;est moi qui les ai amen\u00e9s, attestation de scolarit\u00e9 de mes enfants, avec mes imp\u00f4ts, tout. Ils m\u2019ont m\u00eame dit \u00ab\u00a0vous avez tout class\u00e9, c&rsquo;est parfait\u00a0\u00bb.\u00a0\u00bb<\/p>\n<p>Quelques mois plus tard, la m\u00e8re de famille re\u00e7oit un accus\u00e9 de r\u00e9ception de la pr\u00e9fecture des Yvelines, o\u00f9 elle vit. Son dossier semble \u00eatre arriv\u00e9 \u00e0 bon port, mais depuis plus rien&#8230; \u00ab\u00a0Je les appelle, ils me disent \u00ab\u00a0non, il faut juste attendre\u00a0\u00bb. J&rsquo;ai r\u00e9pondu attendre jusqu&rsquo;\u00e0 quand\u00a0? Ce n\u2019est pas ce que vous nous avez dit avant\u00a0?\u00a0\u00bb<\/p>\n<p>Nous avons d\u00e9cid\u00e9 d&rsquo;appeler cette soci\u00e9t\u00e9 pour savoir ce qui pouvait bien justifier une facture de 1\u00a0740\u00a0euros, lorsque l&rsquo;on sait que toute d\u00e9marche administrative en France est gratuite\u00a0: \u00ab\u00a0Nos avocats travaillent d&rsquo;arrache-pied normalement avec la pr\u00e9fecture. On fait vraiment de notre mieux pour leur obtenir des rendez-vous en pr\u00e9fecture.\u00a0\u00bb<\/p>\n<p> <strong>\u00ab\u00a0C&rsquo;est une arnaque\u00a0\u00bb<\/strong> <\/p>\n<p>Jacques Mercier est d\u00e9l\u00e9gu\u00e9 syndical CFDT dans les Yvelines, charg\u00e9 des travailleurs sans papiers\u00a0: \u00ab\u00a0Les quelques retours d&rsquo;exp\u00e9rience que l&rsquo;on a montrent que ces personnes, elles ont un mail disant \u00ab\u00a0on va s&rsquo;occuper de vous\u00a0\u00bb, mais derri\u00e8re, il ne se passe rien ou s\u2019il se passe quelque chose, \u00e7a n&rsquo;acc\u00e9l\u00e8re en rien leurs d\u00e9marches. La pr\u00e9fecture, elle respecte l&rsquo;ordre dans lequel les dossiers sont d\u00e9pos\u00e9s.\u00a0\u00bb<\/p>\n<p>Depuis quelques ann\u00e9es, la CGCCRF, le service anti-fraude de l&rsquo;\u00c9tat, note une multiplication des sites monnayant une aide administrative, notamment \u00e0 l&rsquo;adresse des \u00e9trangers. Pour Jacques Mercier, ils profitent du d\u00e9sarroi des usages face \u00e0 la d\u00e9mat\u00e9rialisation des d\u00e9marches, mais aussi de l&rsquo;allongement des d\u00e9lais de traitement\u00a0: \u00ab\u00a0Il se passe une ann\u00e9e, deux ann\u00e9es et elles n&rsquo;ont aucun retour. Et si elles \u00e9crivent \u00e0 la pr\u00e9fecture pour demander des nouvelles, la pr\u00e9fecture leur r\u00e9pond qu&rsquo;on leur \u00e9crira un jour, \u00ab\u00a0quand on aura le temps\u00a0\u00bb.\u00a0\u00bb<\/p>\n<p>En France, de nombreuses associations et de syndicats accompagnent gratuitement les \u00e9trangers dans leurs d\u00e9marches administratives.<\/p>\n","protected":false},"excerpt":{"rendered":"En France, plus la politique migratoire du gouvernement est ferme, moins les personnes sans papiers ont de chances&hellip;\n","protected":false},"author":2,"featured_media":413094,"comment_status":"","ping_status":"","sticky":false,"template":"","format":"standard","meta":{"footnotes":""},"categories":[4],"tags":[11,1011,27,1061,12,5920,25,104],"class_list":{"0":"post-413093","1":"post","2":"type-post","3":"status-publish","4":"format-standard","5":"has-post-thumbnail","7":"category-france","8":"tag-actualites","9":"tag-fr","10":"tag-france","11":"tag-immigration","12":"tag-news","13":"tag-reportage-france","14":"tag-republique-francaise","15":"tag-societe"},"share_on_mastodon":{"url":"https:\/\/pubeurope.com\/@fr\/115256257857458720","error":""},"_links":{"self":[{"href":"https:\/\/www.europesays.com\/fr\/wp-json\/wp\/v2\/posts\/413093","targetHints":{"allow":["GET"]}}],"collection":[{"href":"https:\/\/www.europesays.com\/fr\/wp-json\/wp\/v2\/posts"}],"about":[{"href":"https:\/\/www.europesays.com\/fr\/wp-json\/wp\/v2\/types\/post"}],"author":[{"embeddable":true,"href":"https:\/\/www.europesays.com\/fr\/wp-json\/wp\/v2\/users\/2"}],"replies":[{"embeddable":true,"href":"https:\/\/www.europesays.com\/fr\/wp-json\/wp\/v2\/comments?post=413093"}],"version-history":[{"count":0,"href":"https:\/\/www.europesays.com\/fr\/wp-json\/wp\/v2\/posts\/413093\/revisions"}],"wp:featuredmedia":[{"embeddable":true,"href":"https:\/\/www.europesays.com\/fr\/wp-json\/wp\/v2\/media\/413094"}],"wp:attachment":[{"href":"https:\/\/www.europesays.com\/fr\/wp-json\/wp\/v2\/media?parent=413093"}],"wp:term":[{"taxonomy":"category","embeddable":true,"href":"https:\/\/www.europesays.com\/fr\/wp-json\/wp\/v2\/categories?post=413093"},{"taxonomy":"post_tag","embeddable":true,"href":"https:\/\/www.europesays.com\/fr\/wp-json\/wp\/v2\/tags?post=413093"}],"curies":[{"name":"wp","href":"https:\/\/api.w.org\/{rel}","templated":true}]}}