{"id":413160,"date":"2025-09-24T00:25:11","date_gmt":"2025-09-24T00:25:11","guid":{"rendered":"https:\/\/www.europesays.com\/fr\/413160\/"},"modified":"2025-09-24T00:25:11","modified_gmt":"2025-09-24T00:25:11","slug":"lycee-maritime-de-nantes-une-rentree-sous-le-signe-du-renouveau","status":"publish","type":"post","link":"https:\/\/www.europesays.com\/fr\/413160\/","title":{"rendered":"Lyc\u00e9e maritime de Nantes : une rentr\u00e9e sous le signe du renouveau"},"content":{"rendered":"<p>\n      Le lyc\u00e9e professionnel maritime Jacques Cassard compte cette ann\u00e9e 122 \u00e9l\u00e8ves, r\u00e9partis entre trois bacs pro et un BTS m\u00e9catronique navale. L\u2019\u00e9tablissement, qui amorce une phase de travaux, attire \u00e9l\u00e8ves et armateurs, et int\u00e9resse nombre d\u2019adultes en reconversion.\n    <\/p>\n<p>Solidement implant\u00e9 sur les bords de l\u2019Erdre, \u00e0 Nantes, le lyc\u00e9e professionnel maritime Jacques Cassard a effectu\u00e9 une rentr\u00e9e marqu\u00e9e par des travaux, qui ont occup\u00e9 son directeur, Alban Salmon, une bonne partie de l\u2019\u00e9t\u00e9. \u00ab Des am\u00e9nagements laiss\u00e9s en suspens depuis 2015 vont reprendre\u00a0\u00bb, indique le directeur du LPM \u00e0 Mer et Marine. Ils concerneront les salles de cours, l\u2019internat et la restauration.\u00a0<\/p>\n<p>En attendant, une partie des locaux a \u00e9t\u00e9 transf\u00e9r\u00e9e dans des pr\u00e9fabriqu\u00e9s, sur une surface de 1000 m2, toujours sur le site du lyc\u00e9e maritime. \u00ab\u00a0La R\u00e9gion Pays de la Loire a investi les moyens pour assurer la continuit\u00e9 p\u00e9dagogique\u00a0\u00bb, pr\u00e9cise Alban Salmon. La rentr\u00e9e s\u2019est donc d\u00e9roul\u00e9e comme pr\u00e9vu d\u00e9but septembre pour les 122 \u00e9l\u00e8ves en formation initiale, r\u00e9partis dans trois bac pro et un BTS.\u00a0<\/p>\n<p>Trois bac pro et un BTS<\/p>\n<p>Accessibles apr\u00e8s la classe de 3e, deux baccalaur\u00e9ats professionnels conduite et gestion des entreprises maritimes (bac pro CGEM) sont propos\u00e9s \u00e0 Nantes\u00a0: le bac pro CGEM p\u00eache, et le bac pro CGEM commerce\/plaisance professionnelle (avec option voile). \u00ab\u00a0Les jeunes dipl\u00f4m\u00e9s du bac pro p\u00eache, qui pr\u00e9pare aux fonctions de marin professionnel dans le service pont des navires de p\u00eache maritime, n\u2019ont aucun mal \u00e0 trouver un patron, et travaillent le plus souvent directement en sortant de formation, le plus souvent \u00e0 La Turballe, au Croisic et aux Sables d\u2019Olonne\u00a0\u00bb.<\/p>\n<p>Le bac pro CGEM commerce\/plaisance professionnelle pr\u00e9pare lui aux fonctions de marin professionnel dans le service pont des navires de commerce (transport de marchandises et de passagers), et d\u00e9livre un brevet de capitaine 500 au terme des trois ans de formation, ponctu\u00e9es, comme les autres bac pro, de p\u00e9riodes de formations en milieu professionnel. Les \u00e9l\u00e8ves qui choisissent l\u2019option voile se voient eux attribuer un brevet de capitaine 200.\u00a0<\/p>\n<p>\u00ab\u00a0Cette option existe depuis trois ans, et permet de travailler, \u00e0 terme, au convoyage de voiliers vers les Antilles par exemple, mais \u00e9galement d\u2019envisager d\u2019\u00eatre recrut\u00e9s sur de petits cargos \u00e0 voile, comme ceux de Grain de Sail ou de Sailcoop \u00bb. Cette option constitue un \u00ab\u00a0levier d\u2019attractivit\u00e9\u00a0\u00bb pour le lyc\u00e9e maritime de Nantes, tout comme le bac pro \u00e9lectrom\u00e9canicien marine, qui pr\u00e9pare aux m\u00e9tiers de m\u00e9canicien marin charg\u00e9 de l\u2019entretien et de la conduite des installations techniques des navires, qui peut se poursuivre par un BTS m\u00e9catronique navale \u00e9galement dispens\u00e9 au LPM.<\/p>\n<p>\u00ab\u00a0Seuls deux lyc\u00e9es professionnels maritimes le proposent en France, celui de Paimpol et celui de Nantes, et les \u00e9quipes ont travaill\u00e9 ensemble sur le programme\u00a0\u00bb, pr\u00e9cise Alban Salmon. Au terme des deux ann\u00e9es de formation, qui associent m\u00e9canique et \u00e9lectronique pour former des techniciens capables de g\u00e9rer des syst\u00e8mes embarqu\u00e9s combinant moteurs, automatismes, capteurs et commandes \u00e9lectriques, les \u00e9l\u00e8ves obtiennent un dipl\u00f4me d\u2019officier chef de quart machine (OCQM).<\/p>\n<p>Simulateurs<\/p>\n<p>C\u00f4t\u00e9 \u00e9quipements, et notamment de simulateurs, \u00ab\u00a0nous sommes tr\u00e8s bien \u00e9quip\u00e9s, gr\u00e2ce aux investissement r\u00e9alis\u00e9s ces 10 derni\u00e8res ann\u00e9es\u00a0\u00bb. Le lyc\u00e9e dispose de simulateurs machine, de navigation, de radiocommunication et de navire \u00e9lectrique coupl\u00e9 avec un banc haute-tension, \u00ab\u00a0un achat r\u00e9alis\u00e9 il y a deux ans pour \u00eatre en ad\u00e9quation avec l\u2019\u00e9volution des navires\u00a0\u00bb.<\/p>\n<p>\u00a0<\/p>\n<p>\u00a0<\/p>\n<p>La compagnie Kersea a \u00e9galement fait don au lyc\u00e9e d\u2019un moteur de Navibus, qui a rejoint l\u2019atelier. Un groupe \u00e9lectrog\u00e8ne de l\u2019Anatife, le petit p\u00e9trolier qui alimente Belle-\u00cele et l\u2019\u00cele d\u2019Yeu en carburant, devrait \u00e9galement rejoindre les bords de l\u2019Erdre au printemps prochain.<\/p>\n<p>Listes d\u2019attente en formation continue<\/p>\n<p>Le LPM de Nantes propose \u00e9galement diverses formations pour adultes, des formations pont (du matelot au capitaine 3000) et machine\/\u00e9lec et des formations sp\u00e9cifiques, dont des recyclages. \u00ab\u00a0La formation continue se porte toujours tr\u00e8s bien, avec des listes d\u2019attente et des reconversions toujours impressionnantes\u00a0\u00bb, comme celle d\u2019<a href=\"https:\/\/www.meretmarine.com\/fr\/marine-marchande\/d-educatrice-specialisee-a-matelot-pont-au-bout-d-un-moment-finit-par-se-faire-confiance\" target=\"_blank\" rel=\"noopener\">Agathe Ferreira, pass\u00e9e d\u2019\u00e9ducatrice sp\u00e9cialis\u00e9e \u00e0 matelot pont<\/a>, rencontr\u00e9e en d\u00e9but d\u2019ann\u00e9e par Mer et Marine.<\/p>\n<p>En formation initiale comme en formation continue, les femmes sont minoritaires mais bien pr\u00e9sentes, se f\u00e9licite le directeur du lyc\u00e9e maritime. Les armements aussi\u00a0: le lyc\u00e9e organise tous les ans des journ\u00e9es de rencontres, \u00ab\u00a0o\u00f9 ce sont les armateurs qui viennent chercher les marins\u00a0\u00bb. Le LPM de Nantes travaille notamment avec CMA CGM, Brittany Ferries, DFDS, Ponant, Louis Dreyfus Armateurs (et particuli\u00e8rement la coentreprise de LDA et Tidal Transit, LD Tide, d\u00e9di\u00e9e au transfert de techniciens de l\u2019\u00e9olien offshore), la Compagnie Inter\u00eeles (Charente-Maritime), Kersea ou encore SeaOwl.\u00a0<\/p>\n<p><strong>\u00a9 Un article de la r\u00e9daction de Mer et Marine. Reproduction interdite sans consentement du ou des auteurs.<\/strong><\/p>\n<p>\u00a0<\/p>\n","protected":false},"excerpt":{"rendered":"Le lyc\u00e9e professionnel maritime Jacques Cassard compte cette ann\u00e9e 122 \u00e9l\u00e8ves, r\u00e9partis entre trois bacs pro et un&hellip;\n","protected":false},"author":2,"featured_media":413161,"comment_status":"","ping_status":"","sticky":false,"template":"","format":"standard","meta":{"footnotes":""},"categories":[2818],"tags":[1111,11,6130,6141,6131,6138,2380,6135,554,1777,6136,674,1011,27,6139,6134,3135,6128,567,6129,6127,766,12,6132,2636,4838,6133,25,6140,6137],"class_list":{"0":"post-413160","1":"post","2":"type-post","3":"status-publish","4":"format-standard","5":"has-post-thumbnail","7":"category-nantes","8":"tag-actu","9":"tag-actualites","10":"tag-chantiers","11":"tag-commando","12":"tag-construction-navale","13":"tag-costa","14":"tag-croisiere","15":"tag-dcns","16":"tag-defense","17":"tag-eu","18":"tag-euronaval","19":"tag-europe","20":"tag-fr","21":"tag-france","22":"tag-fremm","23":"tag-interviews","24":"tag-littoral","25":"tag-marine","26":"tag-marine-nationale","27":"tag-maritime","28":"tag-mer","29":"tag-nantes","30":"tag-news","31":"tag-offshore","32":"tag-pays-de-la-loire","33":"tag-peche","34":"tag-reportages","35":"tag-republique-francaise","36":"tag-sncm","37":"tag-stx"},"share_on_mastodon":{"url":"https:\/\/pubeurope.com\/@fr\/115256434641532922","error":""},"_links":{"self":[{"href":"https:\/\/www.europesays.com\/fr\/wp-json\/wp\/v2\/posts\/413160","targetHints":{"allow":["GET"]}}],"collection":[{"href":"https:\/\/www.europesays.com\/fr\/wp-json\/wp\/v2\/posts"}],"about":[{"href":"https:\/\/www.europesays.com\/fr\/wp-json\/wp\/v2\/types\/post"}],"author":[{"embeddable":true,"href":"https:\/\/www.europesays.com\/fr\/wp-json\/wp\/v2\/users\/2"}],"replies":[{"embeddable":true,"href":"https:\/\/www.europesays.com\/fr\/wp-json\/wp\/v2\/comments?post=413160"}],"version-history":[{"count":0,"href":"https:\/\/www.europesays.com\/fr\/wp-json\/wp\/v2\/posts\/413160\/revisions"}],"wp:featuredmedia":[{"embeddable":true,"href":"https:\/\/www.europesays.com\/fr\/wp-json\/wp\/v2\/media\/413161"}],"wp:attachment":[{"href":"https:\/\/www.europesays.com\/fr\/wp-json\/wp\/v2\/media?parent=413160"}],"wp:term":[{"taxonomy":"category","embeddable":true,"href":"https:\/\/www.europesays.com\/fr\/wp-json\/wp\/v2\/categories?post=413160"},{"taxonomy":"post_tag","embeddable":true,"href":"https:\/\/www.europesays.com\/fr\/wp-json\/wp\/v2\/tags?post=413160"}],"curies":[{"name":"wp","href":"https:\/\/api.w.org\/{rel}","templated":true}]}}